{"id":8318,"date":"2026-03-23T19:26:32","date_gmt":"2026-03-23T23:26:32","guid":{"rendered":"https:\/\/amigafm.cl\/wp\/?p=8318"},"modified":"2026-03-23T19:26:33","modified_gmt":"2026-03-23T23:26:33","slug":"salfa-rent-a-car-ofrece-descuentos-de-hasta-26-durante-el-travel-sale-2026","status":"publish","type":"post","link":"https:\/\/amigafm.cl\/wp\/salfa-rent-a-car-ofrece-descuentos-de-hasta-26-durante-el-travel-sale-2026\/","title":{"rendered":"<strong>Salfa Rent a Car ofrece descuentos de hasta 26% durante el Travel Sale 2026<\/strong>"},"content":{"rendered":"<div id=\"fb-root\"><\/div>\n\n<p>La compa\u00f1\u00eda de arriendo de veh\u00edculos, con presencia de Arica a Punta Arenas, participa en el evento de comercio electr\u00f3nico tur\u00edstico organizado por la C\u00e1mara de Comercio de Santiago junto a ACHET y FEDETUR.<\/p>\n\n\n\n<p><\/p>\n\n\n\n<p>Entre el 23 y el 25 de marzo se realiza el Travel Sale 2026, evento online de e-commerce tur\u00edstico organizado en Chile por la C\u00e1mara de Comercio de Santiago (CCS), junto a la Asociaci\u00f3n Chilena de Empresas de Turismo (ACHET) y la Federaci\u00f3n de Empresas de Turismo de Chile (Fedetur).<\/p>\n\n\n\n<p>La iniciativa re\u00fane a aerol\u00edneas, agencias de viajes, hoteles y empresas vinculadas al turismo, con descuentos en pasajes, paquetes, alojamientos y actividades. En este contexto, Salfa Rent a Car se suma al evento con ofertas de hasta 26% en el arriendo de veh\u00edculos, disponibles en su red de sucursales a lo largo del pa\u00eds.<\/p>\n\n\n\n<p>\u201cLos traslados seguros son clave en fechas como estas, en las que muchas personas aprovechan de descansar y viajar con amigos o familia. Contamos con un amplio cat\u00e1logo de modelos para distintos tipos de ruta y necesidades, disponible en nuestras sucursales de Arica a Punta Arenas\u201d, se\u00f1ala Javier Benavides, gerente comercial de Salfa Rent a Car, empresa perteneciente a la concesionaria chilena Salfa.<\/p>\n\n\n\n<p>El periodo coincide con Semana Santa, una fecha que suele impulsar la planificaci\u00f3n de viajes en el pa\u00eds. De hecho, en 2025 el Servicio Nacional de Turismo (Sernatur) proyect\u00f3 hasta 1,4 millones de desplazamientos durante el primer fin de semana largo del a\u00f1o.<\/p>\n\n\n\n<p>Seg\u00fan Benavides, en este tipo de fechas se observa un aumento en las reservas hacia la zona central y sur de Chile, junto con una mayor anticipaci\u00f3n en las compras y un crecimiento de los viajes familiares de entre tres y cinco d\u00edas.<\/p>\n\n\n\n<p>Respecto de las preferencias de los usuarios, los SUV lideran la demanda, especialmente para trayectos familiares, mientras que los autos compactos mantienen una alta rotaci\u00f3n en escapadas en pareja o viajes urbanos. \u201cTambi\u00e9n vemos un mayor inter\u00e9s por veh\u00edculos m\u00e1s espaciosos y con mayor altura. El cliente busca versatilidad, seguridad y comodidad, atributos que cobran a\u00fan m\u00e1s relevancia cuando se viaja fuera de la ciudad\u201d, explica el ejecutivo.<\/p>\n\n\n\n<p>Benavides destaca que hoy los usuarios valoran especialmente la transparencia en las condiciones del servicio, la flexibilidad ante cambios, la atenci\u00f3n 24\/7 y el respaldo durante el viaje. \u201cLa confianza y la experiencia completa pesan cada vez m\u00e1s en la decisi\u00f3n de arriendo\u201d, concluye. Mayor informaci\u00f3n visitar: <a href=\"http:\/\/www.salfarent.cl\">www.salfarent.cl<\/a><\/p>\n","protected":false},"excerpt":{"rendered":"<div class=\"mh-excerpt\"><p>La compa\u00f1\u00eda de arriendo de veh\u00edculos, con presencia de Arica a Punta Arenas, participa en el evento de comercio electr\u00f3nico tur\u00edstico organizado por la C\u00e1mara de Comercio de Santiago junto <a class=\"mh-excerpt-more\" href=\"https:\/\/amigafm.cl\/wp\/salfa-rent-a-car-ofrece-descuentos-de-hasta-26-durante-el-travel-sale-2026\/\" title=\"Salfa Rent a Car ofrece descuentos de hasta 26% durante el Travel Sale 2026\">[&#8230;]<\/a><\/p>\n<\/div>","protected":false},"author":2,"featured_media":8319,"comment_status":"closed","ping_status":"closed","sticky":false,"template":"","format":"standard","meta":{"_joinchat":[]},"categories":[1],"tags":[],"yoast_head":"<!-- This site is optimized with the Yoast SEO plugin v19.13 - https:\/\/yoast.com\/wordpress\/plugins\/seo\/ -->\n<title>Salfa Rent a Car ofrece descuentos de hasta 26% durante el Travel Sale 2026 - Radio Amiga Fm PRIMERA SINTONIA EN LA COMUNA<\/title>\n<meta name=\"robots\" content=\"index, follow, max-snippet:-1, max-image-preview:large, max-video-preview:-1\" \/>\n<link rel=\"canonical\" href=\"https:\/\/amigafm.cl\/wp\/salfa-rent-a-car-ofrece-descuentos-de-hasta-26-durante-el-travel-sale-2026\/\" \/>\n<meta property=\"og:locale\" content=\"es_ES\" \/>\n<meta property=\"og:type\" content=\"article\" \/>\n<meta property=\"og:title\" content=\"Salfa Rent a Car ofrece descuentos de hasta 26% durante el Travel Sale 2026 - Radio Amiga Fm PRIMERA SINTONIA EN LA COMUNA\" \/>\n<meta property=\"og:description\" content=\"La compa\u00f1\u00eda de arriendo de veh\u00edculos, con presencia de Arica a Punta Arenas, participa en el evento de comercio electr\u00f3nico tur\u00edstico organizado por la C\u00e1mara de Comercio de Santiago junto [...]\" \/>\n<meta property=\"og:url\" content=\"https:\/\/amigafm.cl\/wp\/salfa-rent-a-car-ofrece-descuentos-de-hasta-26-durante-el-travel-sale-2026\/\" \/>\n<meta property=\"og:site_name\" content=\"Radio Amiga Fm PRIMERA SINTONIA EN LA COMUNA\" \/>\n<meta property=\"article:publisher\" content=\"https:\/\/www.facebook.com\/Radio-Amiga-FM-1007-Calbuco-108101179295593\/\" \/>\n<meta property=\"article:published_time\" content=\"2026-03-23T23:26:32+00:00\" \/>\n<meta property=\"article:modified_time\" content=\"2026-03-23T23:26:33+00:00\" \/>\n<meta property=\"og:image\" content=\"https:\/\/amigafm.cl\/wp\/wp-content\/uploads\/2026\/03\/Travel-Sale_SalfaRent.jpg\" \/>\n\t<meta property=\"og:image:width\" content=\"500\" \/>\n\t<meta property=\"og:image:height\" content=\"281\" \/>\n\t<meta property=\"og:image:type\" content=\"image\/jpeg\" \/>\n<meta name=\"author\" content=\"Director\" \/>\n<meta name=\"twitter:card\" content=\"summary_large_image\" \/>\n<meta name=\"twitter:creator\" content=\"@radio_amiga\" \/>\n<meta name=\"twitter:site\" content=\"@radio_amiga\" \/>\n<meta name=\"twitter:label1\" content=\"Escrito por\" \/>\n\t<meta name=\"twitter:data1\" content=\"Director\" \/>\n\t<meta name=\"twitter:label2\" content=\"Tiempo de lectura\" \/>\n\t<meta name=\"twitter:data2\" content=\"2 minutos\" \/>\n<script type=\"application\/ld+json\" class=\"yoast-schema-graph\">{\"@context\":\"https:\/\/schema.org\",\"@graph\":[{\"@type\":\"Article\",\"@id\":\"https:\/\/amigafm.cl\/wp\/salfa-rent-a-car-ofrece-descuentos-de-hasta-26-durante-el-travel-sale-2026\/#article\",\"isPartOf\":{\"@id\":\"https:\/\/amigafm.cl\/wp\/salfa-rent-a-car-ofrece-descuentos-de-hasta-26-durante-el-travel-sale-2026\/\"},\"author\":{\"name\":\"Director\",\"@id\":\"https:\/\/amigafm.cl\/wp\/#\/schema\/person\/00f53fed00c368e199df9344ff3ee798\"},\"headline\":\"Salfa Rent a Car ofrece descuentos de hasta 26% durante el Travel Sale 2026\",\"datePublished\":\"2026-03-23T23:26:32+00:00\",\"dateModified\":\"2026-03-23T23:26:33+00:00\",\"mainEntityOfPage\":{\"@id\":\"https:\/\/amigafm.cl\/wp\/salfa-rent-a-car-ofrece-descuentos-de-hasta-26-durante-el-travel-sale-2026\/\"},\"wordCount\":442,\"publisher\":{\"@id\":\"https:\/\/amigafm.cl\/wp\/#organization\"},\"articleSection\":[\"NOTICIAS\"],\"inLanguage\":\"es\"},{\"@type\":\"WebPage\",\"@id\":\"https:\/\/amigafm.cl\/wp\/salfa-rent-a-car-ofrece-descuentos-de-hasta-26-durante-el-travel-sale-2026\/\",\"url\":\"https:\/\/amigafm.cl\/wp\/salfa-rent-a-car-ofrece-descuentos-de-hasta-26-durante-el-travel-sale-2026\/\",\"name\":\"Salfa Rent a Car ofrece descuentos de hasta 26% durante el Travel Sale 2026 - Radio Amiga Fm PRIMERA SINTONIA EN LA COMUNA\",\"isPartOf\":{\"@id\":\"https:\/\/amigafm.cl\/wp\/#website\"},\"datePublished\":\"2026-03-23T23:26:32+00:00\",\"dateModified\":\"2026-03-23T23:26:33+00:00\",\"breadcrumb\":{\"@id\":\"https:\/\/amigafm.cl\/wp\/salfa-rent-a-car-ofrece-descuentos-de-hasta-26-durante-el-travel-sale-2026\/#breadcrumb\"},\"inLanguage\":\"es\",\"potentialAction\":[{\"@type\":\"ReadAction\",\"target\":[\"https:\/\/amigafm.cl\/wp\/salfa-rent-a-car-ofrece-descuentos-de-hasta-26-durante-el-travel-sale-2026\/\"]}]},{\"@type\":\"BreadcrumbList\",\"@id\":\"https:\/\/amigafm.cl\/wp\/salfa-rent-a-car-ofrece-descuentos-de-hasta-26-durante-el-travel-sale-2026\/#breadcrumb\",\"itemListElement\":[{\"@type\":\"ListItem\",\"position\":1,\"name\":\"Portada\",\"item\":\"https:\/\/amigafm.cl\/wp\/\"},{\"@type\":\"ListItem\",\"position\":2,\"name\":\"Salfa Rent a Car ofrece descuentos de hasta 26% durante el Travel Sale 2026\"}]},{\"@type\":\"WebSite\",\"@id\":\"https:\/\/amigafm.cl\/wp\/#website\",\"url\":\"https:\/\/amigafm.cl\/wp\/\",\"name\":\"Radio Amiga Fm PRIMERA SINTONIA EN LA COMUNA\",\"description\":\"&quot;CONTAMOS LA VERDAD&quot;\",\"publisher\":{\"@id\":\"https:\/\/amigafm.cl\/wp\/#organization\"},\"potentialAction\":[{\"@type\":\"SearchAction\",\"target\":{\"@type\":\"EntryPoint\",\"urlTemplate\":\"https:\/\/amigafm.cl\/wp\/?s={search_term_string}\"},\"query-input\":\"required name=search_term_string\"}],\"inLanguage\":\"es\"},{\"@type\":\"Organization\",\"@id\":\"https:\/\/amigafm.cl\/wp\/#organization\",\"name\":\"Comvasquez Ltda\",\"url\":\"https:\/\/amigafm.cl\/wp\/\",\"logo\":{\"@type\":\"ImageObject\",\"inLanguage\":\"es\",\"@id\":\"https:\/\/amigafm.cl\/wp\/#\/schema\/logo\/image\/\",\"url\":\"https:\/\/amigafm.cl\/wp\/wp-content\/uploads\/2018\/04\/logocomvasquezltda-png.png\",\"contentUrl\":\"https:\/\/amigafm.cl\/wp\/wp-content\/uploads\/2018\/04\/logocomvasquezltda-png.png\",\"width\":1280,\"height\":514,\"caption\":\"Comvasquez Ltda\"},\"image\":{\"@id\":\"https:\/\/amigafm.cl\/wp\/#\/schema\/logo\/image\/\"},\"sameAs\":[\"https:\/\/www.facebook.com\/Radio-Amiga-FM-1007-Calbuco-108101179295593\/\",\"https:\/\/twitter.com\/radio_amiga\"]},{\"@type\":\"Person\",\"@id\":\"https:\/\/amigafm.cl\/wp\/#\/schema\/person\/00f53fed00c368e199df9344ff3ee798\",\"name\":\"Director\",\"sameAs\":[\"http:\/\/www.amigafm.cl\"],\"url\":\"https:\/\/amigafm.cl\/wp\/author\/director\/\"}]}<\/script>\n<!-- \/ Yoast SEO plugin. -->","yoast_head_json":{"title":"Salfa Rent a Car ofrece descuentos de hasta 26% durante el Travel Sale 2026 - Radio Amiga Fm PRIMERA SINTONIA EN LA COMUNA","robots":{"index":"index","follow":"follow","max-snippet":"max-snippet:-1","max-image-preview":"max-image-preview:large","max-video-preview":"max-video-preview:-1"},"canonical":"https:\/\/amigafm.cl\/wp\/salfa-rent-a-car-ofrece-descuentos-de-hasta-26-durante-el-travel-sale-2026\/","og_locale":"es_ES","og_type":"article","og_title":"Salfa Rent a Car ofrece descuentos de hasta 26% durante el Travel Sale 2026 - Radio Amiga Fm PRIMERA SINTONIA EN LA COMUNA","og_description":"La compa\u00f1\u00eda de arriendo de veh\u00edculos, con presencia de Arica a Punta Arenas, participa en el evento de comercio electr\u00f3nico tur\u00edstico organizado por la C\u00e1mara de Comercio de Santiago junto [...]","og_url":"https:\/\/amigafm.cl\/wp\/salfa-rent-a-car-ofrece-descuentos-de-hasta-26-durante-el-travel-sale-2026\/","og_site_name":"Radio Amiga Fm PRIMERA SINTONIA EN LA COMUNA","article_publisher":"https:\/\/www.facebook.com\/Radio-Amiga-FM-1007-Calbuco-108101179295593\/","article_published_time":"2026-03-23T23:26:32+00:00","article_modified_time":"2026-03-23T23:26:33+00:00","og_image":[{"width":500,"height":281,"url":"https:\/\/amigafm.cl\/wp\/wp-content\/uploads\/2026\/03\/Travel-Sale_SalfaRent.jpg","type":"image\/jpeg"}],"author":"Director","twitter_card":"summary_large_image","twitter_creator":"@radio_amiga","twitter_site":"@radio_amiga","twitter_misc":{"Escrito por":"Director","Tiempo de lectura":"2 minutos"},"schema":{"@context":"https:\/\/schema.org","@graph":[{"@type":"Article","@id":"https:\/\/amigafm.cl\/wp\/salfa-rent-a-car-ofrece-descuentos-de-hasta-26-durante-el-travel-sale-2026\/#article","isPartOf":{"@id":"https:\/\/amigafm.cl\/wp\/salfa-rent-a-car-ofrece-descuentos-de-hasta-26-durante-el-travel-sale-2026\/"},"author":{"name":"Director","@id":"https:\/\/amigafm.cl\/wp\/#\/schema\/person\/00f53fed00c368e199df9344ff3ee798"},"headline":"Salfa Rent a Car ofrece descuentos de hasta 26% durante el Travel Sale 2026","datePublished":"2026-03-23T23:26:32+00:00","dateModified":"2026-03-23T23:26:33+00:00","mainEntityOfPage":{"@id":"https:\/\/amigafm.cl\/wp\/salfa-rent-a-car-ofrece-descuentos-de-hasta-26-durante-el-travel-sale-2026\/"},"wordCount":442,"publisher":{"@id":"https:\/\/amigafm.cl\/wp\/#organization"},"articleSection":["NOTICIAS"],"inLanguage":"es"},{"@type":"WebPage","@id":"https:\/\/amigafm.cl\/wp\/salfa-rent-a-car-ofrece-descuentos-de-hasta-26-durante-el-travel-sale-2026\/","url":"https:\/\/amigafm.cl\/wp\/salfa-rent-a-car-ofrece-descuentos-de-hasta-26-durante-el-travel-sale-2026\/","name":"Salfa Rent a Car ofrece descuentos de hasta 26% durante el Travel Sale 2026 - Radio Amiga Fm PRIMERA SINTONIA EN LA COMUNA","isPartOf":{"@id":"https:\/\/amigafm.cl\/wp\/#website"},"datePublished":"2026-03-23T23:26:32+00:00","dateModified":"2026-03-23T23:26:33+00:00","breadcrumb":{"@id":"https:\/\/amigafm.cl\/wp\/salfa-rent-a-car-ofrece-descuentos-de-hasta-26-durante-el-travel-sale-2026\/#breadcrumb"},"inLanguage":"es","potentialAction":[{"@type":"ReadAction","target":["https:\/\/amigafm.cl\/wp\/salfa-rent-a-car-ofrece-descuentos-de-hasta-26-durante-el-travel-sale-2026\/"]}]},{"@type":"BreadcrumbList","@id":"https:\/\/amigafm.cl\/wp\/salfa-rent-a-car-ofrece-descuentos-de-hasta-26-durante-el-travel-sale-2026\/#breadcrumb","itemListElement":[{"@type":"ListItem","position":1,"name":"Portada","item":"https:\/\/amigafm.cl\/wp\/"},{"@type":"ListItem","position":2,"name":"Salfa Rent a Car ofrece descuentos de hasta 26% durante el Travel Sale 2026"}]},{"@type":"WebSite","@id":"https:\/\/amigafm.cl\/wp\/#website","url":"https:\/\/amigafm.cl\/wp\/","name":"Radio Amiga Fm PRIMERA SINTONIA EN LA COMUNA","description":"&quot;CONTAMOS LA VERDAD&quot;","publisher":{"@id":"https:\/\/amigafm.cl\/wp\/#organization"},"potentialAction":[{"@type":"SearchAction","target":{"@type":"EntryPoint","urlTemplate":"https:\/\/amigafm.cl\/wp\/?s={search_term_string}"},"query-input":"required name=search_term_string"}],"inLanguage":"es"},{"@type":"Organization","@id":"https:\/\/amigafm.cl\/wp\/#organization","name":"Comvasquez Ltda","url":"https:\/\/amigafm.cl\/wp\/","logo":{"@type":"ImageObject","inLanguage":"es","@id":"https:\/\/amigafm.cl\/wp\/#\/schema\/logo\/image\/","url":"https:\/\/amigafm.cl\/wp\/wp-content\/uploads\/2018\/04\/logocomvasquezltda-png.png","contentUrl":"https:\/\/amigafm.cl\/wp\/wp-content\/uploads\/2018\/04\/logocomvasquezltda-png.png","width":1280,"height":514,"caption":"Comvasquez Ltda"},"image":{"@id":"https:\/\/amigafm.cl\/wp\/#\/schema\/logo\/image\/"},"sameAs":["https:\/\/www.facebook.com\/Radio-Amiga-FM-1007-Calbuco-108101179295593\/","https:\/\/twitter.com\/radio_amiga"]},{"@type":"Person","@id":"https:\/\/amigafm.cl\/wp\/#\/schema\/person\/00f53fed00c368e199df9344ff3ee798","name":"Director","sameAs":["http:\/\/www.amigafm.cl"],"url":"https:\/\/amigafm.cl\/wp\/author\/director\/"}]}},"_links":{"self":[{"href":"https:\/\/amigafm.cl\/wp\/wp-json\/wp\/v2\/posts\/8318"}],"collection":[{"href":"https:\/\/amigafm.cl\/wp\/wp-json\/wp\/v2\/posts"}],"about":[{"href":"https:\/\/amigafm.cl\/wp\/wp-json\/wp\/v2\/types\/post"}],"author":[{"embeddable":true,"href":"https:\/\/amigafm.cl\/wp\/wp-json\/wp\/v2\/users\/2"}],"replies":[{"embeddable":true,"href":"https:\/\/amigafm.cl\/wp\/wp-json\/wp\/v2\/comments?post=8318"}],"version-history":[{"count":1,"href":"https:\/\/amigafm.cl\/wp\/wp-json\/wp\/v2\/posts\/8318\/revisions"}],"predecessor-version":[{"id":8320,"href":"https:\/\/amigafm.cl\/wp\/wp-json\/wp\/v2\/posts\/8318\/revisions\/8320"}],"wp:featuredmedia":[{"embeddable":true,"href":"https:\/\/amigafm.cl\/wp\/wp-json\/wp\/v2\/media\/8319"}],"wp:attachment":[{"href":"https:\/\/amigafm.cl\/wp\/wp-json\/wp\/v2\/media?parent=8318"}],"wp:term":[{"taxonomy":"category","embeddable":true,"href":"https:\/\/amigafm.cl\/wp\/wp-json\/wp\/v2\/categories?post=8318"},{"taxonomy":"post_tag","embeddable":true,"href":"https:\/\/amigafm.cl\/wp\/wp-json\/wp\/v2\/tags?post=8318"}],"curies":[{"name":"wp","href":"https:\/\/api.w.org\/{rel}","templated":true}]}}