{"id":8219,"date":"2026-03-09T17:40:57","date_gmt":"2026-03-09T21:40:57","guid":{"rendered":"https:\/\/amigafm.cl\/wp\/?p=8219"},"modified":"2026-03-09T17:40:58","modified_gmt":"2026-03-09T21:40:58","slug":"gobernador-alejandro-santana-encabeza-encuentro-con-mujeres-lideres-de-la-region-de-los-lagos-en-el-marco-del-dia-internacional-de-la-mujer-en-el-marco-de-la-conmemoracion-del-dia-internacional-de-la","status":"publish","type":"post","link":"https:\/\/amigafm.cl\/wp\/gobernador-alejandro-santana-encabeza-encuentro-con-mujeres-lideres-de-la-region-de-los-lagos-en-el-marco-del-dia-internacional-de-la-mujer-en-el-marco-de-la-conmemoracion-del-dia-internacional-de-la\/","title":{"rendered":"<strong>Gobernador Alejandro Santana encabeza encuentro con mujeres l\u00edderes de la Regi\u00f3n de Los Lagos en el marco del D\u00eda Internacional de la Mujer.<\/strong><br><br>En el marco de la conmemoraci\u00f3n del D\u00eda Internacional de la Mujer, el gobernador regional de Los Lagos, Alejandro Santana Tirachini, junto al administrador regional Carlos Recondo, sostuvo un encuentro con mujeres l\u00edderes y emprendedoras provenientes de distintos puntos de la Regi\u00f3n de Los Lagos, instancia que permiti\u00f3 generar un espacio de di\u00e1logo, reflexi\u00f3n y proyecci\u00f3n sobre el rol de la mujer en el desarrollo regional."},"content":{"rendered":"<div id=\"fb-root\"><\/div>\n\n<p><\/p>\n\n\n\n<p><\/p>\n\n\n\n<p>En la actividad participaron carabineras, representantes de pueblos originarios, deportistas, bomberas, emprendedoras del ecosistema startup, ingenieras, voluntarias de salud y dirigentas sociales, quienes compartieron sus experiencias y desaf\u00edos en sus respectivos \u00e1mbitos, aportando miradas diversas sobre las oportunidades y barreras que enfrentan las mujeres en el territorio.<br><br>Durante el encuentro, el gobernador Alejandro Santana valor\u00f3 la instancia de conversaci\u00f3n y destac\u00f3 la importancia de fortalecer los espacios de participaci\u00f3n para construir mejores pol\u00edticas p\u00fablicas desde las comunidades.<\/p>\n\n\n\n<figure class=\"wp-block-image size-full is-resized\"><img loading=\"lazy\" src=\"https:\/\/amigafm.cl\/wp\/wp-content\/uploads\/2026\/03\/Encuentro-Mujeres-GORE-2.jpg\" alt=\"\" class=\"wp-image-8220\" width=\"399\" height=\"266\"\/><\/figure>\n\n\n\n<p><br><br>\u201cHoy tuvimos una tremenda conversaci\u00f3n con mujeres que representan distintas funciones y realidades de nuestra regi\u00f3n. Como Gobierno Regional hemos puesto a disposici\u00f3n nuestro apoyo y colaboraci\u00f3n, porque sabemos que a\u00fan existen barreras que debemos superar, entre ellas el acceso a la informaci\u00f3n sobre el trabajo que realizamos y c\u00f3mo podemos contribuir a las organizaciones\u201d, se\u00f1al\u00f3 la autoridad.<br><br>Asimismo, el gobernador destac\u00f3 que este encuentro no solo marca una conmemoraci\u00f3n, sino tambi\u00e9n el inicio de un trabajo permanente de di\u00e1logo. \u201cLas mejores pol\u00edticas p\u00fablicas son aquellas que nacen desde las comunidades. Por eso queremos escuchar sus aspiraciones, sus sue\u00f1os y tambi\u00e9n sus dificultades, para colaborar desde el Gobierno Regional en la construcci\u00f3n de una mejor regi\u00f3n\u201d, agreg\u00f3.<\/p>\n\n\n\n<figure class=\"wp-block-image size-large is-resized\"><img loading=\"lazy\" src=\"https:\/\/amigafm.cl\/wp\/wp-content\/uploads\/2026\/03\/Encuentro-Mujeres-GORE-5-840x560.jpg\" alt=\"\" class=\"wp-image-8221\" width=\"407\" height=\"271\" srcset=\"https:\/\/amigafm.cl\/wp\/wp-content\/uploads\/2026\/03\/Encuentro-Mujeres-GORE-5-840x560.jpg 840w, https:\/\/amigafm.cl\/wp\/wp-content\/uploads\/2026\/03\/Encuentro-Mujeres-GORE-5-548x365.jpg 548w, https:\/\/amigafm.cl\/wp\/wp-content\/uploads\/2026\/03\/Encuentro-Mujeres-GORE-5-768x512.jpg 768w, https:\/\/amigafm.cl\/wp\/wp-content\/uploads\/2026\/03\/Encuentro-Mujeres-GORE-5-1536x1024.jpg 1536w, https:\/\/amigafm.cl\/wp\/wp-content\/uploads\/2026\/03\/Encuentro-Mujeres-GORE-5-2048x1365.jpg 2048w\" sizes=\"(max-width: 407px) 100vw, 407px\" \/><\/figure>\n\n\n\n<p><br><br>Por su parte, la presidenta del Consejo de Pueblos Originarios, Elizabeth Sandoval, valor\u00f3 la instancia de conversaci\u00f3n y la posibilidad de proyectar un trabajo conjunto. \u201cPrimero agradecer esta instancia a la que fuimos invitadas, porque fue muy fruct\u00edfera. Pudimos conocernos mujeres de diferentes lugares y lo m\u00e1s importante es que podremos volver a encontrarnos para seguir avanzando en los temas que hoy tratamos\u201d, expres\u00f3 la dirigenta.<br><br>La jornada concluy\u00f3 con el compromiso de mantener espacios de di\u00e1logo permanente entre el Gobierno Regional y las mujeres l\u00edderes de la regi\u00f3n, con el objetivo de fortalecer su participaci\u00f3n y asegurar que sus propuestas y necesidades sean consideradas en el desarrollo de la Regi\u00f3n de Los Lagos.<\/p>\n","protected":false},"excerpt":{"rendered":"<div class=\"mh-excerpt\"><p>En la actividad participaron carabineras, representantes de pueblos originarios, deportistas, bomberas, emprendedoras del ecosistema startup, ingenieras, voluntarias de salud y dirigentas sociales, quienes compartieron sus experiencias y desaf\u00edos en sus <a class=\"mh-excerpt-more\" href=\"https:\/\/amigafm.cl\/wp\/gobernador-alejandro-santana-encabeza-encuentro-con-mujeres-lideres-de-la-region-de-los-lagos-en-el-marco-del-dia-internacional-de-la-mujer-en-el-marco-de-la-conmemoracion-del-dia-internacional-de-la\/\" title=\"Gobernador Alejandro Santana encabeza encuentro con mujeres l\u00edderes de la Regi\u00f3n de Los Lagos en el marco del D\u00eda Internacional de la Mujer.En el marco de la conmemoraci\u00f3n del D\u00eda Internacional de la Mujer, el gobernador regional de Los Lagos, Alejandro Santana Tirachini, junto al administrador regional Carlos Recondo, sostuvo un encuentro con mujeres l\u00edderes y emprendedoras provenientes de distintos puntos de la Regi\u00f3n de Los Lagos, instancia que permiti\u00f3 generar un espacio de di\u00e1logo, reflexi\u00f3n y proyecci\u00f3n sobre el rol de la mujer en el desarrollo regional.\">[&#8230;]<\/a><\/p>\n<\/div>","protected":false},"author":2,"featured_media":8222,"comment_status":"closed","ping_status":"closed","sticky":false,"template":"","format":"standard","meta":{"_joinchat":[]},"categories":[1],"tags":[],"yoast_head":"<!-- This site is optimized with the Yoast SEO plugin v19.13 - https:\/\/yoast.com\/wordpress\/plugins\/seo\/ -->\n<title>Gobernador Alejandro Santana encabeza encuentro con mujeres l\u00edderes de la Regi\u00f3n de Los Lagos en el marco del D\u00eda Internacional de la Mujer.En el marco de la conmemoraci\u00f3n del D\u00eda Internacional de la Mujer, el gobernador regional de Los Lagos, Alejandro Santana Tirachini, junto al administrador regional Carlos Recondo, sostuvo un encuentro con mujeres l\u00edderes y emprendedoras provenientes de distintos puntos de la Regi\u00f3n de Los Lagos, instancia que permiti\u00f3 generar un espacio de di\u00e1logo, reflexi\u00f3n y proyecci\u00f3n sobre el rol de la mujer en el desarrollo regional. - Radio Amiga Fm PRIMERA SINTONIA EN LA COMUNA<\/title>\n<meta name=\"robots\" content=\"index, follow, max-snippet:-1, max-image-preview:large, max-video-preview:-1\" \/>\n<link rel=\"canonical\" href=\"https:\/\/amigafm.cl\/wp\/gobernador-alejandro-santana-encabeza-encuentro-con-mujeres-lideres-de-la-region-de-los-lagos-en-el-marco-del-dia-internacional-de-la-mujer-en-el-marco-de-la-conmemoracion-del-dia-internacional-de-la\/\" \/>\n<meta property=\"og:locale\" content=\"es_ES\" \/>\n<meta property=\"og:type\" content=\"article\" \/>\n<meta property=\"og:title\" content=\"Gobernador Alejandro Santana encabeza encuentro con mujeres l\u00edderes de la Regi\u00f3n de Los Lagos en el marco del D\u00eda Internacional de la Mujer.En el marco de la conmemoraci\u00f3n del D\u00eda Internacional de la Mujer, el gobernador regional de Los Lagos, Alejandro Santana Tirachini, junto al administrador regional Carlos Recondo, sostuvo un encuentro con mujeres l\u00edderes y emprendedoras provenientes de distintos puntos de la Regi\u00f3n de Los Lagos, instancia que permiti\u00f3 generar un espacio de di\u00e1logo, reflexi\u00f3n y proyecci\u00f3n sobre el rol de la mujer en el desarrollo regional. - Radio Amiga Fm PRIMERA SINTONIA EN LA COMUNA\" \/>\n<meta property=\"og:description\" content=\"En la actividad participaron carabineras, representantes de pueblos originarios, deportistas, bomberas, emprendedoras del ecosistema startup, ingenieras, voluntarias de salud y dirigentas sociales, quienes compartieron sus experiencias y desaf\u00edos en sus [...]\" \/>\n<meta property=\"og:url\" content=\"https:\/\/amigafm.cl\/wp\/gobernador-alejandro-santana-encabeza-encuentro-con-mujeres-lideres-de-la-region-de-los-lagos-en-el-marco-del-dia-internacional-de-la-mujer-en-el-marco-de-la-conmemoracion-del-dia-internacional-de-la\/\" \/>\n<meta property=\"og:site_name\" content=\"Radio Amiga Fm PRIMERA SINTONIA EN LA COMUNA\" \/>\n<meta property=\"article:publisher\" content=\"https:\/\/www.facebook.com\/Radio-Amiga-FM-1007-Calbuco-108101179295593\/\" \/>\n<meta property=\"article:published_time\" content=\"2026-03-09T21:40:57+00:00\" \/>\n<meta property=\"article:modified_time\" content=\"2026-03-09T21:40:58+00:00\" \/>\n<meta property=\"og:image\" content=\"https:\/\/amigafm.cl\/wp\/wp-content\/uploads\/2026\/03\/Encuentro-Mujeres-GORE-1.jpg\" \/>\n\t<meta property=\"og:image:width\" content=\"500\" \/>\n\t<meta property=\"og:image:height\" content=\"333\" \/>\n\t<meta property=\"og:image:type\" content=\"image\/jpeg\" \/>\n<meta name=\"author\" content=\"Director\" \/>\n<meta name=\"twitter:card\" content=\"summary_large_image\" \/>\n<meta name=\"twitter:creator\" content=\"@radio_amiga\" \/>\n<meta name=\"twitter:site\" content=\"@radio_amiga\" \/>\n<meta name=\"twitter:label1\" content=\"Escrito por\" \/>\n\t<meta name=\"twitter:data1\" content=\"Director\" \/>\n\t<meta name=\"twitter:label2\" content=\"Tiempo de lectura\" \/>\n\t<meta name=\"twitter:data2\" content=\"2 minutos\" \/>\n<script type=\"application\/ld+json\" class=\"yoast-schema-graph\">{\"@context\":\"https:\/\/schema.org\",\"@graph\":[{\"@type\":\"Article\",\"@id\":\"https:\/\/amigafm.cl\/wp\/gobernador-alejandro-santana-encabeza-encuentro-con-mujeres-lideres-de-la-region-de-los-lagos-en-el-marco-del-dia-internacional-de-la-mujer-en-el-marco-de-la-conmemoracion-del-dia-internacional-de-la\/#article\",\"isPartOf\":{\"@id\":\"https:\/\/amigafm.cl\/wp\/gobernador-alejandro-santana-encabeza-encuentro-con-mujeres-lideres-de-la-region-de-los-lagos-en-el-marco-del-dia-internacional-de-la-mujer-en-el-marco-de-la-conmemoracion-del-dia-internacional-de-la\/\"},\"author\":{\"name\":\"Director\",\"@id\":\"https:\/\/amigafm.cl\/wp\/#\/schema\/person\/00f53fed00c368e199df9344ff3ee798\"},\"headline\":\"Gobernador Alejandro Santana encabeza encuentro con mujeres l\u00edderes de la Regi\u00f3n de Los Lagos en el marco del D\u00eda Internacional de la Mujer. En el marco de la conmemoraci\u00f3n del D\u00eda Internacional de la Mujer, el gobernador regional de Los Lagos, Alejandro Santana Tirachini, junto al administrador regional Carlos Recondo, sostuvo un encuentro con mujeres l\u00edderes y emprendedoras provenientes de distintos puntos de la Regi\u00f3n de Los Lagos, instancia que permiti\u00f3 generar un espacio de di\u00e1logo, reflexi\u00f3n y proyecci\u00f3n sobre el rol de la mujer en el desarrollo regional.\",\"datePublished\":\"2026-03-09T21:40:57+00:00\",\"dateModified\":\"2026-03-09T21:40:58+00:00\",\"mainEntityOfPage\":{\"@id\":\"https:\/\/amigafm.cl\/wp\/gobernador-alejandro-santana-encabeza-encuentro-con-mujeres-lideres-de-la-region-de-los-lagos-en-el-marco-del-dia-internacional-de-la-mujer-en-el-marco-de-la-conmemoracion-del-dia-internacional-de-la\/\"},\"wordCount\":437,\"publisher\":{\"@id\":\"https:\/\/amigafm.cl\/wp\/#organization\"},\"articleSection\":[\"NOTICIAS\"],\"inLanguage\":\"es\"},{\"@type\":\"WebPage\",\"@id\":\"https:\/\/amigafm.cl\/wp\/gobernador-alejandro-santana-encabeza-encuentro-con-mujeres-lideres-de-la-region-de-los-lagos-en-el-marco-del-dia-internacional-de-la-mujer-en-el-marco-de-la-conmemoracion-del-dia-internacional-de-la\/\",\"url\":\"https:\/\/amigafm.cl\/wp\/gobernador-alejandro-santana-encabeza-encuentro-con-mujeres-lideres-de-la-region-de-los-lagos-en-el-marco-del-dia-internacional-de-la-mujer-en-el-marco-de-la-conmemoracion-del-dia-internacional-de-la\/\",\"name\":\"Gobernador Alejandro Santana encabeza encuentro con mujeres l\u00edderes de la Regi\u00f3n de Los Lagos en el marco del D\u00eda Internacional de la Mujer. En el marco de la conmemoraci\u00f3n del D\u00eda Internacional de la Mujer, el gobernador regional de Los Lagos, Alejandro Santana Tirachini, junto al administrador regional Carlos Recondo, sostuvo un encuentro con mujeres l\u00edderes y emprendedoras provenientes de distintos puntos de la Regi\u00f3n de Los Lagos, instancia que permiti\u00f3 generar un espacio de di\u00e1logo, reflexi\u00f3n y proyecci\u00f3n sobre el rol de la mujer en el desarrollo regional. - Radio Amiga Fm PRIMERA SINTONIA EN LA COMUNA\",\"isPartOf\":{\"@id\":\"https:\/\/amigafm.cl\/wp\/#website\"},\"datePublished\":\"2026-03-09T21:40:57+00:00\",\"dateModified\":\"2026-03-09T21:40:58+00:00\",\"breadcrumb\":{\"@id\":\"https:\/\/amigafm.cl\/wp\/gobernador-alejandro-santana-encabeza-encuentro-con-mujeres-lideres-de-la-region-de-los-lagos-en-el-marco-del-dia-internacional-de-la-mujer-en-el-marco-de-la-conmemoracion-del-dia-internacional-de-la\/#breadcrumb\"},\"inLanguage\":\"es\",\"potentialAction\":[{\"@type\":\"ReadAction\",\"target\":[\"https:\/\/amigafm.cl\/wp\/gobernador-alejandro-santana-encabeza-encuentro-con-mujeres-lideres-de-la-region-de-los-lagos-en-el-marco-del-dia-internacional-de-la-mujer-en-el-marco-de-la-conmemoracion-del-dia-internacional-de-la\/\"]}]},{\"@type\":\"BreadcrumbList\",\"@id\":\"https:\/\/amigafm.cl\/wp\/gobernador-alejandro-santana-encabeza-encuentro-con-mujeres-lideres-de-la-region-de-los-lagos-en-el-marco-del-dia-internacional-de-la-mujer-en-el-marco-de-la-conmemoracion-del-dia-internacional-de-la\/#breadcrumb\",\"itemListElement\":[{\"@type\":\"ListItem\",\"position\":1,\"name\":\"Portada\",\"item\":\"https:\/\/amigafm.cl\/wp\/\"},{\"@type\":\"ListItem\",\"position\":2,\"name\":\"Gobernador Alejandro Santana encabeza encuentro con mujeres l\u00edderes de la Regi\u00f3n de Los Lagos en el marco del D\u00eda Internacional de la Mujer.En el marco de la conmemoraci\u00f3n del D\u00eda Internacional de la Mujer, el gobernador regional de Los Lagos, Alejandro Santana Tirachini, junto al administrador regional Carlos Recondo, sostuvo un encuentro con mujeres l\u00edderes y emprendedoras provenientes de distintos puntos de la Regi\u00f3n de Los Lagos, instancia que permiti\u00f3 generar un espacio de di\u00e1logo, reflexi\u00f3n y proyecci\u00f3n sobre el rol de la mujer en el desarrollo regional.\"}]},{\"@type\":\"WebSite\",\"@id\":\"https:\/\/amigafm.cl\/wp\/#website\",\"url\":\"https:\/\/amigafm.cl\/wp\/\",\"name\":\"Radio Amiga Fm PRIMERA SINTONIA EN LA COMUNA\",\"description\":\"&quot;CONTAMOS LA VERDAD&quot;\",\"publisher\":{\"@id\":\"https:\/\/amigafm.cl\/wp\/#organization\"},\"potentialAction\":[{\"@type\":\"SearchAction\",\"target\":{\"@type\":\"EntryPoint\",\"urlTemplate\":\"https:\/\/amigafm.cl\/wp\/?s={search_term_string}\"},\"query-input\":\"required name=search_term_string\"}],\"inLanguage\":\"es\"},{\"@type\":\"Organization\",\"@id\":\"https:\/\/amigafm.cl\/wp\/#organization\",\"name\":\"Comvasquez Ltda\",\"url\":\"https:\/\/amigafm.cl\/wp\/\",\"logo\":{\"@type\":\"ImageObject\",\"inLanguage\":\"es\",\"@id\":\"https:\/\/amigafm.cl\/wp\/#\/schema\/logo\/image\/\",\"url\":\"https:\/\/amigafm.cl\/wp\/wp-content\/uploads\/2018\/04\/logocomvasquezltda-png.png\",\"contentUrl\":\"https:\/\/amigafm.cl\/wp\/wp-content\/uploads\/2018\/04\/logocomvasquezltda-png.png\",\"width\":1280,\"height\":514,\"caption\":\"Comvasquez Ltda\"},\"image\":{\"@id\":\"https:\/\/amigafm.cl\/wp\/#\/schema\/logo\/image\/\"},\"sameAs\":[\"https:\/\/www.facebook.com\/Radio-Amiga-FM-1007-Calbuco-108101179295593\/\",\"https:\/\/twitter.com\/radio_amiga\"]},{\"@type\":\"Person\",\"@id\":\"https:\/\/amigafm.cl\/wp\/#\/schema\/person\/00f53fed00c368e199df9344ff3ee798\",\"name\":\"Director\",\"sameAs\":[\"http:\/\/www.amigafm.cl\"],\"url\":\"https:\/\/amigafm.cl\/wp\/author\/director\/\"}]}<\/script>\n<!-- \/ Yoast SEO plugin. -->","yoast_head_json":{"title":"Gobernador Alejandro Santana encabeza encuentro con mujeres l\u00edderes de la Regi\u00f3n de Los Lagos en el marco del D\u00eda Internacional de la Mujer.En el marco de la conmemoraci\u00f3n del D\u00eda Internacional de la Mujer, el gobernador regional de Los Lagos, Alejandro Santana Tirachini, junto al administrador regional Carlos Recondo, sostuvo un encuentro con mujeres l\u00edderes y emprendedoras provenientes de distintos puntos de la Regi\u00f3n de Los Lagos, instancia que permiti\u00f3 generar un espacio de di\u00e1logo, reflexi\u00f3n y proyecci\u00f3n sobre el rol de la mujer en el desarrollo regional. - Radio Amiga Fm PRIMERA SINTONIA EN LA COMUNA","robots":{"index":"index","follow":"follow","max-snippet":"max-snippet:-1","max-image-preview":"max-image-preview:large","max-video-preview":"max-video-preview:-1"},"canonical":"https:\/\/amigafm.cl\/wp\/gobernador-alejandro-santana-encabeza-encuentro-con-mujeres-lideres-de-la-region-de-los-lagos-en-el-marco-del-dia-internacional-de-la-mujer-en-el-marco-de-la-conmemoracion-del-dia-internacional-de-la\/","og_locale":"es_ES","og_type":"article","og_title":"Gobernador Alejandro Santana encabeza encuentro con mujeres l\u00edderes de la Regi\u00f3n de Los Lagos en el marco del D\u00eda Internacional de la Mujer.En el marco de la conmemoraci\u00f3n del D\u00eda Internacional de la Mujer, el gobernador regional de Los Lagos, Alejandro Santana Tirachini, junto al administrador regional Carlos Recondo, sostuvo un encuentro con mujeres l\u00edderes y emprendedoras provenientes de distintos puntos de la Regi\u00f3n de Los Lagos, instancia que permiti\u00f3 generar un espacio de di\u00e1logo, reflexi\u00f3n y proyecci\u00f3n sobre el rol de la mujer en el desarrollo regional. - Radio Amiga Fm PRIMERA SINTONIA EN LA COMUNA","og_description":"En la actividad participaron carabineras, representantes de pueblos originarios, deportistas, bomberas, emprendedoras del ecosistema startup, ingenieras, voluntarias de salud y dirigentas sociales, quienes compartieron sus experiencias y desaf\u00edos en sus [...]","og_url":"https:\/\/amigafm.cl\/wp\/gobernador-alejandro-santana-encabeza-encuentro-con-mujeres-lideres-de-la-region-de-los-lagos-en-el-marco-del-dia-internacional-de-la-mujer-en-el-marco-de-la-conmemoracion-del-dia-internacional-de-la\/","og_site_name":"Radio Amiga Fm PRIMERA SINTONIA EN LA COMUNA","article_publisher":"https:\/\/www.facebook.com\/Radio-Amiga-FM-1007-Calbuco-108101179295593\/","article_published_time":"2026-03-09T21:40:57+00:00","article_modified_time":"2026-03-09T21:40:58+00:00","og_image":[{"width":500,"height":333,"url":"https:\/\/amigafm.cl\/wp\/wp-content\/uploads\/2026\/03\/Encuentro-Mujeres-GORE-1.jpg","type":"image\/jpeg"}],"author":"Director","twitter_card":"summary_large_image","twitter_creator":"@radio_amiga","twitter_site":"@radio_amiga","twitter_misc":{"Escrito por":"Director","Tiempo de lectura":"2 minutos"},"schema":{"@context":"https:\/\/schema.org","@graph":[{"@type":"Article","@id":"https:\/\/amigafm.cl\/wp\/gobernador-alejandro-santana-encabeza-encuentro-con-mujeres-lideres-de-la-region-de-los-lagos-en-el-marco-del-dia-internacional-de-la-mujer-en-el-marco-de-la-conmemoracion-del-dia-internacional-de-la\/#article","isPartOf":{"@id":"https:\/\/amigafm.cl\/wp\/gobernador-alejandro-santana-encabeza-encuentro-con-mujeres-lideres-de-la-region-de-los-lagos-en-el-marco-del-dia-internacional-de-la-mujer-en-el-marco-de-la-conmemoracion-del-dia-internacional-de-la\/"},"author":{"name":"Director","@id":"https:\/\/amigafm.cl\/wp\/#\/schema\/person\/00f53fed00c368e199df9344ff3ee798"},"headline":"Gobernador Alejandro Santana encabeza encuentro con mujeres l\u00edderes de la Regi\u00f3n de Los Lagos en el marco del D\u00eda Internacional de la Mujer. En el marco de la conmemoraci\u00f3n del D\u00eda Internacional de la Mujer, el gobernador regional de Los Lagos, Alejandro Santana Tirachini, junto al administrador regional Carlos Recondo, sostuvo un encuentro con mujeres l\u00edderes y emprendedoras provenientes de distintos puntos de la Regi\u00f3n de Los Lagos, instancia que permiti\u00f3 generar un espacio de di\u00e1logo, reflexi\u00f3n y proyecci\u00f3n sobre el rol de la mujer en el desarrollo regional.","datePublished":"2026-03-09T21:40:57+00:00","dateModified":"2026-03-09T21:40:58+00:00","mainEntityOfPage":{"@id":"https:\/\/amigafm.cl\/wp\/gobernador-alejandro-santana-encabeza-encuentro-con-mujeres-lideres-de-la-region-de-los-lagos-en-el-marco-del-dia-internacional-de-la-mujer-en-el-marco-de-la-conmemoracion-del-dia-internacional-de-la\/"},"wordCount":437,"publisher":{"@id":"https:\/\/amigafm.cl\/wp\/#organization"},"articleSection":["NOTICIAS"],"inLanguage":"es"},{"@type":"WebPage","@id":"https:\/\/amigafm.cl\/wp\/gobernador-alejandro-santana-encabeza-encuentro-con-mujeres-lideres-de-la-region-de-los-lagos-en-el-marco-del-dia-internacional-de-la-mujer-en-el-marco-de-la-conmemoracion-del-dia-internacional-de-la\/","url":"https:\/\/amigafm.cl\/wp\/gobernador-alejandro-santana-encabeza-encuentro-con-mujeres-lideres-de-la-region-de-los-lagos-en-el-marco-del-dia-internacional-de-la-mujer-en-el-marco-de-la-conmemoracion-del-dia-internacional-de-la\/","name":"Gobernador Alejandro Santana encabeza encuentro con mujeres l\u00edderes de la Regi\u00f3n de Los Lagos en el marco del D\u00eda Internacional de la Mujer. En el marco de la conmemoraci\u00f3n del D\u00eda Internacional de la Mujer, el gobernador regional de Los Lagos, Alejandro Santana Tirachini, junto al administrador regional Carlos Recondo, sostuvo un encuentro con mujeres l\u00edderes y emprendedoras provenientes de distintos puntos de la Regi\u00f3n de Los Lagos, instancia que permiti\u00f3 generar un espacio de di\u00e1logo, reflexi\u00f3n y proyecci\u00f3n sobre el rol de la mujer en el desarrollo regional. - Radio Amiga Fm PRIMERA SINTONIA EN LA COMUNA","isPartOf":{"@id":"https:\/\/amigafm.cl\/wp\/#website"},"datePublished":"2026-03-09T21:40:57+00:00","dateModified":"2026-03-09T21:40:58+00:00","breadcrumb":{"@id":"https:\/\/amigafm.cl\/wp\/gobernador-alejandro-santana-encabeza-encuentro-con-mujeres-lideres-de-la-region-de-los-lagos-en-el-marco-del-dia-internacional-de-la-mujer-en-el-marco-de-la-conmemoracion-del-dia-internacional-de-la\/#breadcrumb"},"inLanguage":"es","potentialAction":[{"@type":"ReadAction","target":["https:\/\/amigafm.cl\/wp\/gobernador-alejandro-santana-encabeza-encuentro-con-mujeres-lideres-de-la-region-de-los-lagos-en-el-marco-del-dia-internacional-de-la-mujer-en-el-marco-de-la-conmemoracion-del-dia-internacional-de-la\/"]}]},{"@type":"BreadcrumbList","@id":"https:\/\/amigafm.cl\/wp\/gobernador-alejandro-santana-encabeza-encuentro-con-mujeres-lideres-de-la-region-de-los-lagos-en-el-marco-del-dia-internacional-de-la-mujer-en-el-marco-de-la-conmemoracion-del-dia-internacional-de-la\/#breadcrumb","itemListElement":[{"@type":"ListItem","position":1,"name":"Portada","item":"https:\/\/amigafm.cl\/wp\/"},{"@type":"ListItem","position":2,"name":"Gobernador Alejandro Santana encabeza encuentro con mujeres l\u00edderes de la Regi\u00f3n de Los Lagos en el marco del D\u00eda Internacional de la Mujer.En el marco de la conmemoraci\u00f3n del D\u00eda Internacional de la Mujer, el gobernador regional de Los Lagos, Alejandro Santana Tirachini, junto al administrador regional Carlos Recondo, sostuvo un encuentro con mujeres l\u00edderes y emprendedoras provenientes de distintos puntos de la Regi\u00f3n de Los Lagos, instancia que permiti\u00f3 generar un espacio de di\u00e1logo, reflexi\u00f3n y proyecci\u00f3n sobre el rol de la mujer en el desarrollo regional."}]},{"@type":"WebSite","@id":"https:\/\/amigafm.cl\/wp\/#website","url":"https:\/\/amigafm.cl\/wp\/","name":"Radio Amiga Fm PRIMERA SINTONIA EN LA COMUNA","description":"&quot;CONTAMOS LA VERDAD&quot;","publisher":{"@id":"https:\/\/amigafm.cl\/wp\/#organization"},"potentialAction":[{"@type":"SearchAction","target":{"@type":"EntryPoint","urlTemplate":"https:\/\/amigafm.cl\/wp\/?s={search_term_string}"},"query-input":"required name=search_term_string"}],"inLanguage":"es"},{"@type":"Organization","@id":"https:\/\/amigafm.cl\/wp\/#organization","name":"Comvasquez Ltda","url":"https:\/\/amigafm.cl\/wp\/","logo":{"@type":"ImageObject","inLanguage":"es","@id":"https:\/\/amigafm.cl\/wp\/#\/schema\/logo\/image\/","url":"https:\/\/amigafm.cl\/wp\/wp-content\/uploads\/2018\/04\/logocomvasquezltda-png.png","contentUrl":"https:\/\/amigafm.cl\/wp\/wp-content\/uploads\/2018\/04\/logocomvasquezltda-png.png","width":1280,"height":514,"caption":"Comvasquez Ltda"},"image":{"@id":"https:\/\/amigafm.cl\/wp\/#\/schema\/logo\/image\/"},"sameAs":["https:\/\/www.facebook.com\/Radio-Amiga-FM-1007-Calbuco-108101179295593\/","https:\/\/twitter.com\/radio_amiga"]},{"@type":"Person","@id":"https:\/\/amigafm.cl\/wp\/#\/schema\/person\/00f53fed00c368e199df9344ff3ee798","name":"Director","sameAs":["http:\/\/www.amigafm.cl"],"url":"https:\/\/amigafm.cl\/wp\/author\/director\/"}]}},"_links":{"self":[{"href":"https:\/\/amigafm.cl\/wp\/wp-json\/wp\/v2\/posts\/8219"}],"collection":[{"href":"https:\/\/amigafm.cl\/wp\/wp-json\/wp\/v2\/posts"}],"about":[{"href":"https:\/\/amigafm.cl\/wp\/wp-json\/wp\/v2\/types\/post"}],"author":[{"embeddable":true,"href":"https:\/\/amigafm.cl\/wp\/wp-json\/wp\/v2\/users\/2"}],"replies":[{"embeddable":true,"href":"https:\/\/amigafm.cl\/wp\/wp-json\/wp\/v2\/comments?post=8219"}],"version-history":[{"count":1,"href":"https:\/\/amigafm.cl\/wp\/wp-json\/wp\/v2\/posts\/8219\/revisions"}],"predecessor-version":[{"id":8223,"href":"https:\/\/amigafm.cl\/wp\/wp-json\/wp\/v2\/posts\/8219\/revisions\/8223"}],"wp:featuredmedia":[{"embeddable":true,"href":"https:\/\/amigafm.cl\/wp\/wp-json\/wp\/v2\/media\/8222"}],"wp:attachment":[{"href":"https:\/\/amigafm.cl\/wp\/wp-json\/wp\/v2\/media?parent=8219"}],"wp:term":[{"taxonomy":"category","embeddable":true,"href":"https:\/\/amigafm.cl\/wp\/wp-json\/wp\/v2\/categories?post=8219"},{"taxonomy":"post_tag","embeddable":true,"href":"https:\/\/amigafm.cl\/wp\/wp-json\/wp\/v2\/tags?post=8219"}],"curies":[{"name":"wp","href":"https:\/\/api.w.org\/{rel}","templated":true}]}}