{"id":8216,"date":"2026-03-05T17:51:13","date_gmt":"2026-03-05T21:51:13","guid":{"rendered":"https:\/\/amigafm.cl\/wp\/?p=8216"},"modified":"2026-03-05T17:51:14","modified_gmt":"2026-03-05T21:51:14","slug":"la-mochila-lista-y-tu-senda-invita-a-prepararse-al-inicio-del-ano-escolar","status":"publish","type":"post","link":"https:\/\/amigafm.cl\/wp\/la-mochila-lista-y-tu-senda-invita-a-prepararse-al-inicio-del-ano-escolar\/","title":{"rendered":"<strong>\u201cLA MOCHILA LISTA\u2026 \u00bfY T\u00da?\u201d: SENDA INVITA A PREPARARSE AL INICIO DEL A\u00d1O ESCOLAR<\/strong>"},"content":{"rendered":"<div id=\"fb-root\"><\/div>\n\n<p>\u00b7\u00a0\u00a0\u00a0\u00a0\u00a0\u00a0\u00a0\u00a0 <strong>La iniciativa pone a disposici\u00f3n de madres, padres y adultos cuidadoras herramientas para acompa\u00f1ar a ni\u00f1os, ni\u00f1as y adolescentes en la prevenci\u00f3n del consumo de alcohol y otras drogas.<\/strong><\/p>\n\n\n\n<p><\/p>\n\n\n\n<p>En el marco del inicio del a\u00f1o escolar, SENDA present\u00f3 la iniciativa \u201cLa mochila lista\u2026 \u00bfy t\u00fa?\u201d, que invita a madres, padres y adultos cuidadores a prepararse para acompa\u00f1ar la prevenci\u00f3n del consumo de alcohol y otras drogas en ni\u00f1os, ni\u00f1as y adolescentes.<\/p>\n\n\n\n<p>La evidencia muestra que la presencia de adultos cuidadores, la comunicaci\u00f3n y el establecimiento de normas y l\u00edmites claros contribuyen a reducir los factores de riesgo asociados al consumo de sustancias.<\/p>\n\n\n\n<p>En ese contexto, la iniciativa busca relevar el rol de madres, padres y adultos cuidadores en la prevenci\u00f3n y promover el conocimiento de herramientas que el Servicio pone a disposici\u00f3n para apoyar este proceso.<\/p>\n\n\n\n<p>\u201cAs\u00ed como se prepara la mochila para volver a clases, los padres, madres y adultos cuidadores tambi\u00e9n pueden prepararse para acompa\u00f1ar a ni\u00f1os, ni\u00f1as y adolescentes, conversar sobre estos temas y fortalecer factores protectores frente al consumo de alcohol y otras drogas\u201d, destac\u00f3 la directora de SENDA, Natalia Riffo.<\/p>\n\n\n\n<p><strong>&nbsp;Herramientas para acompa\u00f1ar la prevenci\u00f3n<\/strong><\/p>\n\n\n\n<p>La iniciativa releva tres herramientas que permiten fortalecer la prevenci\u00f3n durante el inicio del a\u00f1o escolar: el Continuo Preventivo, Academia SENDA y el trabajo territorial de SENDA Previene.<\/p>\n\n\n\n<p>El Continuo Preventivo Online es la estrategia de prevenci\u00f3n universal de SENDA dirigida a estudiantes desde educaci\u00f3n parvularia hasta ense\u00f1anza media. Su objetivo es fortalecer habilidades y factores protectores que contribuyen a prevenir el consumo de alcohol y otras drogas.<\/p>\n\n\n\n<p>Se implementa en establecimientos educacionales mediante sesiones desarrolladas por docentes en el aula, utilizando materiales pedag\u00f3gicos disponibles en la plataforma digital <a href=\"http:\/\/continuopreventivo.senda.gob.cl\">continuopreventivo.senda.gob.cl<\/a>.<\/p>\n\n\n\n<p>Durante 2025, m\u00e1s de 2.300 establecimientos educacionales implementaron el programa y m\u00e1s de 630 mil estudiantes participaron en sus m\u00f3dulos, observ\u00e1ndose mejoras en las competencias preventivas en el 74% de los cursos participantes.<\/p>\n\n\n\n<p>En tanto, Academia SENDA es la plataforma de formaci\u00f3n del Servicio que re\u00fane cursos, publicaciones y recursos educativos sobre prevenci\u00f3n, tratamiento e integraci\u00f3n social en materias relacionadas con el consumo de alcohol y otras drogas.<\/p>\n\n\n\n<p>Desde marzo de 2026, cuenta con un nuevo sitio que re\u00fane toda la oferta formativa en un solo espacio digital, con acceso preferente mediante Clave \u00danica, lo que permite un ingreso simple y seguro desde cualquier lugar del pa\u00eds.<br><br>Actualmente ofrece m\u00e1s de 40 cursos autoinstruccionales y durante 2025 registr\u00f3 m\u00e1s de 100 mil visitas, 42.731 personas matriculadas y 30.092 personas que finalizaron cursos.<\/p>\n\n\n\n<p>Finalmente, SENDA Previene es el programa que funciona en coordinaci\u00f3n con los municipios y que acerca la oferta de prevenci\u00f3n, tratamiento e integraci\u00f3n social. Presentes en 243 municipios, implementan programas preventivos y orientan a la comunidad sobre las herramientas disponibles para abordar el consumo de alcohol y otras drogas, adem\u00e1s de facilitar el acceso a la oferta de tratamiento e integraci\u00f3n social cuando es necesario.<\/p>\n\n\n\n<p>&#8212; <strong>__________<\/strong><strong>_______________<\/strong><strong> <\/strong><strong><br><br><strong>Carolina C\u00e1rcamo C\u00e1rdenas<\/strong><strong><\/strong><\/strong><br>Encargada de Comunicaciones<br>SENDA Regi\u00f3n De Los Lagos<br><\/p>\n","protected":false},"excerpt":{"rendered":"<div class=\"mh-excerpt\"><p>\u00b7\u00a0\u00a0\u00a0\u00a0\u00a0\u00a0\u00a0\u00a0 La iniciativa pone a disposici\u00f3n de madres, padres y adultos cuidadoras herramientas para acompa\u00f1ar a ni\u00f1os, ni\u00f1as y adolescentes en la prevenci\u00f3n del consumo de alcohol y otras drogas. <a class=\"mh-excerpt-more\" href=\"https:\/\/amigafm.cl\/wp\/la-mochila-lista-y-tu-senda-invita-a-prepararse-al-inicio-del-ano-escolar\/\" title=\"\u201cLA MOCHILA LISTA\u2026 \u00bfY T\u00da?\u201d: SENDA INVITA A PREPARARSE AL INICIO DEL A\u00d1O ESCOLAR\">[&#8230;]<\/a><\/p>\n<\/div>","protected":false},"author":2,"featured_media":8217,"comment_status":"closed","ping_status":"closed","sticky":false,"template":"","format":"standard","meta":{"_joinchat":[]},"categories":[1],"tags":[],"yoast_head":"<!-- This site is optimized with the Yoast SEO plugin v19.13 - https:\/\/yoast.com\/wordpress\/plugins\/seo\/ -->\n<title>\u201cLA MOCHILA LISTA\u2026 \u00bfY T\u00da?\u201d: SENDA INVITA A PREPARARSE AL INICIO DEL A\u00d1O ESCOLAR - Radio Amiga Fm PRIMERA SINTONIA EN LA COMUNA<\/title>\n<meta name=\"robots\" content=\"index, follow, max-snippet:-1, max-image-preview:large, max-video-preview:-1\" \/>\n<link rel=\"canonical\" href=\"https:\/\/amigafm.cl\/wp\/la-mochila-lista-y-tu-senda-invita-a-prepararse-al-inicio-del-ano-escolar\/\" \/>\n<meta property=\"og:locale\" content=\"es_ES\" \/>\n<meta property=\"og:type\" content=\"article\" \/>\n<meta property=\"og:title\" content=\"\u201cLA MOCHILA LISTA\u2026 \u00bfY T\u00da?\u201d: SENDA INVITA A PREPARARSE AL INICIO DEL A\u00d1O ESCOLAR - Radio Amiga Fm PRIMERA SINTONIA EN LA COMUNA\" \/>\n<meta property=\"og:description\" content=\"\u00b7\u00a0\u00a0\u00a0\u00a0\u00a0\u00a0\u00a0\u00a0 La iniciativa pone a disposici\u00f3n de madres, padres y adultos cuidadoras herramientas para acompa\u00f1ar a ni\u00f1os, ni\u00f1as y adolescentes en la prevenci\u00f3n del consumo de alcohol y otras drogas. [...]\" \/>\n<meta property=\"og:url\" content=\"https:\/\/amigafm.cl\/wp\/la-mochila-lista-y-tu-senda-invita-a-prepararse-al-inicio-del-ano-escolar\/\" \/>\n<meta property=\"og:site_name\" content=\"Radio Amiga Fm PRIMERA SINTONIA EN LA COMUNA\" \/>\n<meta property=\"article:publisher\" content=\"https:\/\/www.facebook.com\/Radio-Amiga-FM-1007-Calbuco-108101179295593\/\" \/>\n<meta property=\"article:published_time\" content=\"2026-03-05T21:51:13+00:00\" \/>\n<meta property=\"article:modified_time\" content=\"2026-03-05T21:51:14+00:00\" \/>\n<meta property=\"og:image\" content=\"https:\/\/amigafm.cl\/wp\/wp-content\/uploads\/2026\/03\/Activacion-Digital.png\" \/>\n\t<meta property=\"og:image:width\" content=\"509\" \/>\n\t<meta property=\"og:image:height\" content=\"636\" \/>\n\t<meta property=\"og:image:type\" content=\"image\/png\" \/>\n<meta name=\"author\" content=\"Director\" \/>\n<meta name=\"twitter:card\" content=\"summary_large_image\" \/>\n<meta name=\"twitter:creator\" content=\"@radio_amiga\" \/>\n<meta name=\"twitter:site\" content=\"@radio_amiga\" \/>\n<meta name=\"twitter:label1\" content=\"Escrito por\" \/>\n\t<meta name=\"twitter:data1\" content=\"Director\" \/>\n\t<meta name=\"twitter:label2\" content=\"Tiempo de lectura\" \/>\n\t<meta name=\"twitter:data2\" content=\"3 minutos\" \/>\n<script type=\"application\/ld+json\" class=\"yoast-schema-graph\">{\"@context\":\"https:\/\/schema.org\",\"@graph\":[{\"@type\":\"Article\",\"@id\":\"https:\/\/amigafm.cl\/wp\/la-mochila-lista-y-tu-senda-invita-a-prepararse-al-inicio-del-ano-escolar\/#article\",\"isPartOf\":{\"@id\":\"https:\/\/amigafm.cl\/wp\/la-mochila-lista-y-tu-senda-invita-a-prepararse-al-inicio-del-ano-escolar\/\"},\"author\":{\"name\":\"Director\",\"@id\":\"https:\/\/amigafm.cl\/wp\/#\/schema\/person\/00f53fed00c368e199df9344ff3ee798\"},\"headline\":\"\u201cLA MOCHILA LISTA\u2026 \u00bfY T\u00da?\u201d: SENDA INVITA A PREPARARSE AL INICIO DEL A\u00d1O ESCOLAR\",\"datePublished\":\"2026-03-05T21:51:13+00:00\",\"dateModified\":\"2026-03-05T21:51:14+00:00\",\"mainEntityOfPage\":{\"@id\":\"https:\/\/amigafm.cl\/wp\/la-mochila-lista-y-tu-senda-invita-a-prepararse-al-inicio-del-ano-escolar\/\"},\"wordCount\":543,\"publisher\":{\"@id\":\"https:\/\/amigafm.cl\/wp\/#organization\"},\"articleSection\":[\"NOTICIAS\"],\"inLanguage\":\"es\"},{\"@type\":\"WebPage\",\"@id\":\"https:\/\/amigafm.cl\/wp\/la-mochila-lista-y-tu-senda-invita-a-prepararse-al-inicio-del-ano-escolar\/\",\"url\":\"https:\/\/amigafm.cl\/wp\/la-mochila-lista-y-tu-senda-invita-a-prepararse-al-inicio-del-ano-escolar\/\",\"name\":\"\u201cLA MOCHILA LISTA\u2026 \u00bfY T\u00da?\u201d: SENDA INVITA A PREPARARSE AL INICIO DEL A\u00d1O ESCOLAR - Radio Amiga Fm PRIMERA SINTONIA EN LA COMUNA\",\"isPartOf\":{\"@id\":\"https:\/\/amigafm.cl\/wp\/#website\"},\"datePublished\":\"2026-03-05T21:51:13+00:00\",\"dateModified\":\"2026-03-05T21:51:14+00:00\",\"breadcrumb\":{\"@id\":\"https:\/\/amigafm.cl\/wp\/la-mochila-lista-y-tu-senda-invita-a-prepararse-al-inicio-del-ano-escolar\/#breadcrumb\"},\"inLanguage\":\"es\",\"potentialAction\":[{\"@type\":\"ReadAction\",\"target\":[\"https:\/\/amigafm.cl\/wp\/la-mochila-lista-y-tu-senda-invita-a-prepararse-al-inicio-del-ano-escolar\/\"]}]},{\"@type\":\"BreadcrumbList\",\"@id\":\"https:\/\/amigafm.cl\/wp\/la-mochila-lista-y-tu-senda-invita-a-prepararse-al-inicio-del-ano-escolar\/#breadcrumb\",\"itemListElement\":[{\"@type\":\"ListItem\",\"position\":1,\"name\":\"Portada\",\"item\":\"https:\/\/amigafm.cl\/wp\/\"},{\"@type\":\"ListItem\",\"position\":2,\"name\":\"\u201cLA MOCHILA LISTA\u2026 \u00bfY T\u00da?\u201d: SENDA INVITA A PREPARARSE AL INICIO DEL A\u00d1O ESCOLAR\"}]},{\"@type\":\"WebSite\",\"@id\":\"https:\/\/amigafm.cl\/wp\/#website\",\"url\":\"https:\/\/amigafm.cl\/wp\/\",\"name\":\"Radio Amiga Fm PRIMERA SINTONIA EN LA COMUNA\",\"description\":\"&quot;CONTAMOS LA VERDAD&quot;\",\"publisher\":{\"@id\":\"https:\/\/amigafm.cl\/wp\/#organization\"},\"potentialAction\":[{\"@type\":\"SearchAction\",\"target\":{\"@type\":\"EntryPoint\",\"urlTemplate\":\"https:\/\/amigafm.cl\/wp\/?s={search_term_string}\"},\"query-input\":\"required name=search_term_string\"}],\"inLanguage\":\"es\"},{\"@type\":\"Organization\",\"@id\":\"https:\/\/amigafm.cl\/wp\/#organization\",\"name\":\"Comvasquez Ltda\",\"url\":\"https:\/\/amigafm.cl\/wp\/\",\"logo\":{\"@type\":\"ImageObject\",\"inLanguage\":\"es\",\"@id\":\"https:\/\/amigafm.cl\/wp\/#\/schema\/logo\/image\/\",\"url\":\"https:\/\/amigafm.cl\/wp\/wp-content\/uploads\/2018\/04\/logocomvasquezltda-png.png\",\"contentUrl\":\"https:\/\/amigafm.cl\/wp\/wp-content\/uploads\/2018\/04\/logocomvasquezltda-png.png\",\"width\":1280,\"height\":514,\"caption\":\"Comvasquez Ltda\"},\"image\":{\"@id\":\"https:\/\/amigafm.cl\/wp\/#\/schema\/logo\/image\/\"},\"sameAs\":[\"https:\/\/www.facebook.com\/Radio-Amiga-FM-1007-Calbuco-108101179295593\/\",\"https:\/\/twitter.com\/radio_amiga\"]},{\"@type\":\"Person\",\"@id\":\"https:\/\/amigafm.cl\/wp\/#\/schema\/person\/00f53fed00c368e199df9344ff3ee798\",\"name\":\"Director\",\"sameAs\":[\"http:\/\/www.amigafm.cl\"],\"url\":\"https:\/\/amigafm.cl\/wp\/author\/director\/\"}]}<\/script>\n<!-- \/ Yoast SEO plugin. -->","yoast_head_json":{"title":"\u201cLA MOCHILA LISTA\u2026 \u00bfY T\u00da?\u201d: SENDA INVITA A PREPARARSE AL INICIO DEL A\u00d1O ESCOLAR - Radio Amiga Fm PRIMERA SINTONIA EN LA COMUNA","robots":{"index":"index","follow":"follow","max-snippet":"max-snippet:-1","max-image-preview":"max-image-preview:large","max-video-preview":"max-video-preview:-1"},"canonical":"https:\/\/amigafm.cl\/wp\/la-mochila-lista-y-tu-senda-invita-a-prepararse-al-inicio-del-ano-escolar\/","og_locale":"es_ES","og_type":"article","og_title":"\u201cLA MOCHILA LISTA\u2026 \u00bfY T\u00da?\u201d: SENDA INVITA A PREPARARSE AL INICIO DEL A\u00d1O ESCOLAR - Radio Amiga Fm PRIMERA SINTONIA EN LA COMUNA","og_description":"\u00b7\u00a0\u00a0\u00a0\u00a0\u00a0\u00a0\u00a0\u00a0 La iniciativa pone a disposici\u00f3n de madres, padres y adultos cuidadoras herramientas para acompa\u00f1ar a ni\u00f1os, ni\u00f1as y adolescentes en la prevenci\u00f3n del consumo de alcohol y otras drogas. [...]","og_url":"https:\/\/amigafm.cl\/wp\/la-mochila-lista-y-tu-senda-invita-a-prepararse-al-inicio-del-ano-escolar\/","og_site_name":"Radio Amiga Fm PRIMERA SINTONIA EN LA COMUNA","article_publisher":"https:\/\/www.facebook.com\/Radio-Amiga-FM-1007-Calbuco-108101179295593\/","article_published_time":"2026-03-05T21:51:13+00:00","article_modified_time":"2026-03-05T21:51:14+00:00","og_image":[{"width":509,"height":636,"url":"https:\/\/amigafm.cl\/wp\/wp-content\/uploads\/2026\/03\/Activacion-Digital.png","type":"image\/png"}],"author":"Director","twitter_card":"summary_large_image","twitter_creator":"@radio_amiga","twitter_site":"@radio_amiga","twitter_misc":{"Escrito por":"Director","Tiempo de lectura":"3 minutos"},"schema":{"@context":"https:\/\/schema.org","@graph":[{"@type":"Article","@id":"https:\/\/amigafm.cl\/wp\/la-mochila-lista-y-tu-senda-invita-a-prepararse-al-inicio-del-ano-escolar\/#article","isPartOf":{"@id":"https:\/\/amigafm.cl\/wp\/la-mochila-lista-y-tu-senda-invita-a-prepararse-al-inicio-del-ano-escolar\/"},"author":{"name":"Director","@id":"https:\/\/amigafm.cl\/wp\/#\/schema\/person\/00f53fed00c368e199df9344ff3ee798"},"headline":"\u201cLA MOCHILA LISTA\u2026 \u00bfY T\u00da?\u201d: SENDA INVITA A PREPARARSE AL INICIO DEL A\u00d1O ESCOLAR","datePublished":"2026-03-05T21:51:13+00:00","dateModified":"2026-03-05T21:51:14+00:00","mainEntityOfPage":{"@id":"https:\/\/amigafm.cl\/wp\/la-mochila-lista-y-tu-senda-invita-a-prepararse-al-inicio-del-ano-escolar\/"},"wordCount":543,"publisher":{"@id":"https:\/\/amigafm.cl\/wp\/#organization"},"articleSection":["NOTICIAS"],"inLanguage":"es"},{"@type":"WebPage","@id":"https:\/\/amigafm.cl\/wp\/la-mochila-lista-y-tu-senda-invita-a-prepararse-al-inicio-del-ano-escolar\/","url":"https:\/\/amigafm.cl\/wp\/la-mochila-lista-y-tu-senda-invita-a-prepararse-al-inicio-del-ano-escolar\/","name":"\u201cLA MOCHILA LISTA\u2026 \u00bfY T\u00da?\u201d: SENDA INVITA A PREPARARSE AL INICIO DEL A\u00d1O ESCOLAR - Radio Amiga Fm PRIMERA SINTONIA EN LA COMUNA","isPartOf":{"@id":"https:\/\/amigafm.cl\/wp\/#website"},"datePublished":"2026-03-05T21:51:13+00:00","dateModified":"2026-03-05T21:51:14+00:00","breadcrumb":{"@id":"https:\/\/amigafm.cl\/wp\/la-mochila-lista-y-tu-senda-invita-a-prepararse-al-inicio-del-ano-escolar\/#breadcrumb"},"inLanguage":"es","potentialAction":[{"@type":"ReadAction","target":["https:\/\/amigafm.cl\/wp\/la-mochila-lista-y-tu-senda-invita-a-prepararse-al-inicio-del-ano-escolar\/"]}]},{"@type":"BreadcrumbList","@id":"https:\/\/amigafm.cl\/wp\/la-mochila-lista-y-tu-senda-invita-a-prepararse-al-inicio-del-ano-escolar\/#breadcrumb","itemListElement":[{"@type":"ListItem","position":1,"name":"Portada","item":"https:\/\/amigafm.cl\/wp\/"},{"@type":"ListItem","position":2,"name":"\u201cLA MOCHILA LISTA\u2026 \u00bfY T\u00da?\u201d: SENDA INVITA A PREPARARSE AL INICIO DEL A\u00d1O ESCOLAR"}]},{"@type":"WebSite","@id":"https:\/\/amigafm.cl\/wp\/#website","url":"https:\/\/amigafm.cl\/wp\/","name":"Radio Amiga Fm PRIMERA SINTONIA EN LA COMUNA","description":"&quot;CONTAMOS LA VERDAD&quot;","publisher":{"@id":"https:\/\/amigafm.cl\/wp\/#organization"},"potentialAction":[{"@type":"SearchAction","target":{"@type":"EntryPoint","urlTemplate":"https:\/\/amigafm.cl\/wp\/?s={search_term_string}"},"query-input":"required name=search_term_string"}],"inLanguage":"es"},{"@type":"Organization","@id":"https:\/\/amigafm.cl\/wp\/#organization","name":"Comvasquez Ltda","url":"https:\/\/amigafm.cl\/wp\/","logo":{"@type":"ImageObject","inLanguage":"es","@id":"https:\/\/amigafm.cl\/wp\/#\/schema\/logo\/image\/","url":"https:\/\/amigafm.cl\/wp\/wp-content\/uploads\/2018\/04\/logocomvasquezltda-png.png","contentUrl":"https:\/\/amigafm.cl\/wp\/wp-content\/uploads\/2018\/04\/logocomvasquezltda-png.png","width":1280,"height":514,"caption":"Comvasquez Ltda"},"image":{"@id":"https:\/\/amigafm.cl\/wp\/#\/schema\/logo\/image\/"},"sameAs":["https:\/\/www.facebook.com\/Radio-Amiga-FM-1007-Calbuco-108101179295593\/","https:\/\/twitter.com\/radio_amiga"]},{"@type":"Person","@id":"https:\/\/amigafm.cl\/wp\/#\/schema\/person\/00f53fed00c368e199df9344ff3ee798","name":"Director","sameAs":["http:\/\/www.amigafm.cl"],"url":"https:\/\/amigafm.cl\/wp\/author\/director\/"}]}},"_links":{"self":[{"href":"https:\/\/amigafm.cl\/wp\/wp-json\/wp\/v2\/posts\/8216"}],"collection":[{"href":"https:\/\/amigafm.cl\/wp\/wp-json\/wp\/v2\/posts"}],"about":[{"href":"https:\/\/amigafm.cl\/wp\/wp-json\/wp\/v2\/types\/post"}],"author":[{"embeddable":true,"href":"https:\/\/amigafm.cl\/wp\/wp-json\/wp\/v2\/users\/2"}],"replies":[{"embeddable":true,"href":"https:\/\/amigafm.cl\/wp\/wp-json\/wp\/v2\/comments?post=8216"}],"version-history":[{"count":1,"href":"https:\/\/amigafm.cl\/wp\/wp-json\/wp\/v2\/posts\/8216\/revisions"}],"predecessor-version":[{"id":8218,"href":"https:\/\/amigafm.cl\/wp\/wp-json\/wp\/v2\/posts\/8216\/revisions\/8218"}],"wp:featuredmedia":[{"embeddable":true,"href":"https:\/\/amigafm.cl\/wp\/wp-json\/wp\/v2\/media\/8217"}],"wp:attachment":[{"href":"https:\/\/amigafm.cl\/wp\/wp-json\/wp\/v2\/media?parent=8216"}],"wp:term":[{"taxonomy":"category","embeddable":true,"href":"https:\/\/amigafm.cl\/wp\/wp-json\/wp\/v2\/categories?post=8216"},{"taxonomy":"post_tag","embeddable":true,"href":"https:\/\/amigafm.cl\/wp\/wp-json\/wp\/v2\/tags?post=8216"}],"curies":[{"name":"wp","href":"https:\/\/api.w.org\/{rel}","templated":true}]}}