{"id":8207,"date":"2026-03-04T17:18:38","date_gmt":"2026-03-04T21:18:38","guid":{"rendered":"https:\/\/amigafm.cl\/wp\/?p=8207"},"modified":"2026-03-04T17:18:39","modified_gmt":"2026-03-04T21:18:39","slug":"en-la-agrupacion-regional-de-los-rios-y-los-lagos-la-produccion-de-carne-en-vara-de-ganado-bovino-disminuyo-13-respecto-a-igual-periodo-del-ano-anterior","status":"publish","type":"post","link":"https:\/\/amigafm.cl\/wp\/en-la-agrupacion-regional-de-los-rios-y-los-lagos-la-produccion-de-carne-en-vara-de-ganado-bovino-disminuyo-13-respecto-a-igual-periodo-del-ano-anterior\/","title":{"rendered":"<strong>En la Agrupaci\u00f3n regional de Los R\u00edos y Los Lagos, la producci\u00f3n de carne en vara de ganado bovino disminuy\u00f3 1,3% respecto a igual per\u00edodo del a\u00f1o anterior<\/strong>"},"content":{"rendered":"<div id=\"fb-root\"><\/div>\n\n<ul><li>El ganado bovino rematado en ferias, en tanto, disminuy\u00f3 9,3% respecto a igual per\u00edodo del a\u00f1o anterior.<\/li><\/ul>\n\n\n\n<p><\/p>\n\n\n\n<p><strong>PRODUCCI\u00d3N<\/strong><\/p>\n\n\n\n<p>En enero de 2026, la producci\u00f3n total de carne en vara fue de 7.046,6 toneladas (t) en la Agrupaci\u00f3n regional de Los R\u00edos y Los Lagos, registrando una disminuci\u00f3n de 0,8% respecto a igual mes del a\u00f1o anterior, de acuerdo a lo informado por el Instituto Nacional de Estad\u00edsticas (INE).<\/p>\n\n\n\n<p>A nivel nacional, la producci\u00f3n de carne en vara de ganado bovino fue de 16.063,9 t, presentando una disminuci\u00f3n interanual de 8,8%, siendo la Agrupaci\u00f3n regional de Los R\u00edos y Los Lagos la que concentr\u00f3 el 42,8% de la producci\u00f3n, seguida por la Regi\u00f3n de Metropolitana, que contribuy\u00f3 con el 16,8%.<\/p>\n\n\n\n<p><strong>BENEFICIO<\/strong><\/p>\n\n\n\n<p>El ingreso al proceso de sacrificio de ganado para el consumo humano (conocido como beneficio) fue de 27.582 cabezas totales, a nivel de Agrupaci\u00f3n regional, lo que representa una baja interanual de 3,2%.<\/p>\n\n\n\n<p>El beneficio del ganado bovino a nivel nacional fue de 59.849 cabezas, presentando una baja de 10,7%, en comparaci\u00f3n a igual periodo del a\u00f1o anterior, siendo la Agrupaci\u00f3n regional de Los R\u00edos y Los Lagos la que concentr\u00f3 el 42,6% del beneficio nacional, seguida por la Regi\u00f3n de Metropolitana, que contribuy\u00f3 con el 16,1%.<\/p>\n\n\n\n<p><strong>GANADO REMATADO EN FERIAS<\/strong><\/p>\n\n\n\n<p>En enero de 2026, el total de ganado rematado en ferias de la Agrupaci\u00f3n Regional de Los Lagos y Ays\u00e9n totaliz\u00f3 23.917 cabezas, registrando una baja de 7,9% respecto a igual per\u00edodo del a\u00f1o anterior.<\/p>\n\n\n\n<p>El remate de ganado bovino a nivel nacional fue de 68.454 cabezas, con una baja de 8,2%, en relaci\u00f3n con igual mes del a\u00f1o anterior, siendo la Agrupaci\u00f3n de Los Lagos y Ays\u00e9n la que concentr\u00f3 el 33,4% del ganado bovino rematado en ferias, seguida por la Regi\u00f3n de La Araucan\u00eda, que particip\u00f3 con el 26,9%.<\/p>\n","protected":false},"excerpt":{"rendered":"<div class=\"mh-excerpt\"><p>El ganado bovino rematado en ferias, en tanto, disminuy\u00f3 9,3% respecto a igual per\u00edodo del a\u00f1o anterior. PRODUCCI\u00d3N En enero de 2026, la producci\u00f3n total de carne en vara fue <a class=\"mh-excerpt-more\" href=\"https:\/\/amigafm.cl\/wp\/en-la-agrupacion-regional-de-los-rios-y-los-lagos-la-produccion-de-carne-en-vara-de-ganado-bovino-disminuyo-13-respecto-a-igual-periodo-del-ano-anterior\/\" title=\"En la Agrupaci\u00f3n regional de Los R\u00edos y Los Lagos, la producci\u00f3n de carne en vara de ganado bovino disminuy\u00f3 1,3% respecto a igual per\u00edodo del a\u00f1o anterior\">[&#8230;]<\/a><\/p>\n<\/div>","protected":false},"author":2,"featured_media":8208,"comment_status":"closed","ping_status":"closed","sticky":false,"template":"","format":"standard","meta":{"_joinchat":[]},"categories":[1],"tags":[],"yoast_head":"<!-- This site is optimized with the Yoast SEO plugin v19.13 - https:\/\/yoast.com\/wordpress\/plugins\/seo\/ -->\n<title>En la Agrupaci\u00f3n regional de Los R\u00edos y Los Lagos, la producci\u00f3n de carne en vara de ganado bovino disminuy\u00f3 1,3% respecto a igual per\u00edodo del a\u00f1o anterior - Radio Amiga Fm PRIMERA SINTONIA EN LA COMUNA<\/title>\n<meta name=\"robots\" content=\"index, follow, max-snippet:-1, max-image-preview:large, max-video-preview:-1\" \/>\n<link rel=\"canonical\" href=\"https:\/\/amigafm.cl\/wp\/en-la-agrupacion-regional-de-los-rios-y-los-lagos-la-produccion-de-carne-en-vara-de-ganado-bovino-disminuyo-13-respecto-a-igual-periodo-del-ano-anterior\/\" \/>\n<meta property=\"og:locale\" content=\"es_ES\" \/>\n<meta property=\"og:type\" content=\"article\" \/>\n<meta property=\"og:title\" content=\"En la Agrupaci\u00f3n regional de Los R\u00edos y Los Lagos, la producci\u00f3n de carne en vara de ganado bovino disminuy\u00f3 1,3% respecto a igual per\u00edodo del a\u00f1o anterior - Radio Amiga Fm PRIMERA SINTONIA EN LA COMUNA\" \/>\n<meta property=\"og:description\" content=\"El ganado bovino rematado en ferias, en tanto, disminuy\u00f3 9,3% respecto a igual per\u00edodo del a\u00f1o anterior. PRODUCCI\u00d3N En enero de 2026, la producci\u00f3n total de carne en vara fue [...]\" \/>\n<meta property=\"og:url\" content=\"https:\/\/amigafm.cl\/wp\/en-la-agrupacion-regional-de-los-rios-y-los-lagos-la-produccion-de-carne-en-vara-de-ganado-bovino-disminuyo-13-respecto-a-igual-periodo-del-ano-anterior\/\" \/>\n<meta property=\"og:site_name\" content=\"Radio Amiga Fm PRIMERA SINTONIA EN LA COMUNA\" \/>\n<meta property=\"article:publisher\" content=\"https:\/\/www.facebook.com\/Radio-Amiga-FM-1007-Calbuco-108101179295593\/\" \/>\n<meta property=\"article:published_time\" content=\"2026-03-04T21:18:38+00:00\" \/>\n<meta property=\"article:modified_time\" content=\"2026-03-04T21:18:39+00:00\" \/>\n<meta property=\"og:image\" content=\"https:\/\/amigafm.cl\/wp\/wp-content\/uploads\/2026\/03\/ine.png\" \/>\n\t<meta property=\"og:image:width\" content=\"275\" \/>\n\t<meta property=\"og:image:height\" content=\"183\" \/>\n\t<meta property=\"og:image:type\" content=\"image\/png\" \/>\n<meta name=\"author\" content=\"Director\" \/>\n<meta name=\"twitter:card\" content=\"summary_large_image\" \/>\n<meta name=\"twitter:creator\" content=\"@radio_amiga\" \/>\n<meta name=\"twitter:site\" content=\"@radio_amiga\" \/>\n<meta name=\"twitter:label1\" content=\"Escrito por\" \/>\n\t<meta name=\"twitter:data1\" content=\"Director\" \/>\n\t<meta name=\"twitter:label2\" content=\"Tiempo de lectura\" \/>\n\t<meta name=\"twitter:data2\" content=\"2 minutos\" \/>\n<script type=\"application\/ld+json\" class=\"yoast-schema-graph\">{\"@context\":\"https:\/\/schema.org\",\"@graph\":[{\"@type\":\"Article\",\"@id\":\"https:\/\/amigafm.cl\/wp\/en-la-agrupacion-regional-de-los-rios-y-los-lagos-la-produccion-de-carne-en-vara-de-ganado-bovino-disminuyo-13-respecto-a-igual-periodo-del-ano-anterior\/#article\",\"isPartOf\":{\"@id\":\"https:\/\/amigafm.cl\/wp\/en-la-agrupacion-regional-de-los-rios-y-los-lagos-la-produccion-de-carne-en-vara-de-ganado-bovino-disminuyo-13-respecto-a-igual-periodo-del-ano-anterior\/\"},\"author\":{\"name\":\"Director\",\"@id\":\"https:\/\/amigafm.cl\/wp\/#\/schema\/person\/00f53fed00c368e199df9344ff3ee798\"},\"headline\":\"En la Agrupaci\u00f3n regional de Los R\u00edos y Los Lagos, la producci\u00f3n de carne en vara de ganado bovino disminuy\u00f3 1,3% respecto a igual per\u00edodo del a\u00f1o anterior\",\"datePublished\":\"2026-03-04T21:18:38+00:00\",\"dateModified\":\"2026-03-04T21:18:39+00:00\",\"mainEntityOfPage\":{\"@id\":\"https:\/\/amigafm.cl\/wp\/en-la-agrupacion-regional-de-los-rios-y-los-lagos-la-produccion-de-carne-en-vara-de-ganado-bovino-disminuyo-13-respecto-a-igual-periodo-del-ano-anterior\/\"},\"wordCount\":344,\"publisher\":{\"@id\":\"https:\/\/amigafm.cl\/wp\/#organization\"},\"articleSection\":[\"NOTICIAS\"],\"inLanguage\":\"es\"},{\"@type\":\"WebPage\",\"@id\":\"https:\/\/amigafm.cl\/wp\/en-la-agrupacion-regional-de-los-rios-y-los-lagos-la-produccion-de-carne-en-vara-de-ganado-bovino-disminuyo-13-respecto-a-igual-periodo-del-ano-anterior\/\",\"url\":\"https:\/\/amigafm.cl\/wp\/en-la-agrupacion-regional-de-los-rios-y-los-lagos-la-produccion-de-carne-en-vara-de-ganado-bovino-disminuyo-13-respecto-a-igual-periodo-del-ano-anterior\/\",\"name\":\"En la Agrupaci\u00f3n regional de Los R\u00edos y Los Lagos, la producci\u00f3n de carne en vara de ganado bovino disminuy\u00f3 1,3% respecto a igual per\u00edodo del a\u00f1o anterior - Radio Amiga Fm PRIMERA SINTONIA EN LA COMUNA\",\"isPartOf\":{\"@id\":\"https:\/\/amigafm.cl\/wp\/#website\"},\"datePublished\":\"2026-03-04T21:18:38+00:00\",\"dateModified\":\"2026-03-04T21:18:39+00:00\",\"breadcrumb\":{\"@id\":\"https:\/\/amigafm.cl\/wp\/en-la-agrupacion-regional-de-los-rios-y-los-lagos-la-produccion-de-carne-en-vara-de-ganado-bovino-disminuyo-13-respecto-a-igual-periodo-del-ano-anterior\/#breadcrumb\"},\"inLanguage\":\"es\",\"potentialAction\":[{\"@type\":\"ReadAction\",\"target\":[\"https:\/\/amigafm.cl\/wp\/en-la-agrupacion-regional-de-los-rios-y-los-lagos-la-produccion-de-carne-en-vara-de-ganado-bovino-disminuyo-13-respecto-a-igual-periodo-del-ano-anterior\/\"]}]},{\"@type\":\"BreadcrumbList\",\"@id\":\"https:\/\/amigafm.cl\/wp\/en-la-agrupacion-regional-de-los-rios-y-los-lagos-la-produccion-de-carne-en-vara-de-ganado-bovino-disminuyo-13-respecto-a-igual-periodo-del-ano-anterior\/#breadcrumb\",\"itemListElement\":[{\"@type\":\"ListItem\",\"position\":1,\"name\":\"Portada\",\"item\":\"https:\/\/amigafm.cl\/wp\/\"},{\"@type\":\"ListItem\",\"position\":2,\"name\":\"En la Agrupaci\u00f3n regional de Los R\u00edos y Los Lagos, la producci\u00f3n de carne en vara de ganado bovino disminuy\u00f3 1,3% respecto a igual per\u00edodo del a\u00f1o anterior\"}]},{\"@type\":\"WebSite\",\"@id\":\"https:\/\/amigafm.cl\/wp\/#website\",\"url\":\"https:\/\/amigafm.cl\/wp\/\",\"name\":\"Radio Amiga Fm PRIMERA SINTONIA EN LA COMUNA\",\"description\":\"&quot;CONTAMOS LA VERDAD&quot;\",\"publisher\":{\"@id\":\"https:\/\/amigafm.cl\/wp\/#organization\"},\"potentialAction\":[{\"@type\":\"SearchAction\",\"target\":{\"@type\":\"EntryPoint\",\"urlTemplate\":\"https:\/\/amigafm.cl\/wp\/?s={search_term_string}\"},\"query-input\":\"required name=search_term_string\"}],\"inLanguage\":\"es\"},{\"@type\":\"Organization\",\"@id\":\"https:\/\/amigafm.cl\/wp\/#organization\",\"name\":\"Comvasquez Ltda\",\"url\":\"https:\/\/amigafm.cl\/wp\/\",\"logo\":{\"@type\":\"ImageObject\",\"inLanguage\":\"es\",\"@id\":\"https:\/\/amigafm.cl\/wp\/#\/schema\/logo\/image\/\",\"url\":\"https:\/\/amigafm.cl\/wp\/wp-content\/uploads\/2018\/04\/logocomvasquezltda-png.png\",\"contentUrl\":\"https:\/\/amigafm.cl\/wp\/wp-content\/uploads\/2018\/04\/logocomvasquezltda-png.png\",\"width\":1280,\"height\":514,\"caption\":\"Comvasquez Ltda\"},\"image\":{\"@id\":\"https:\/\/amigafm.cl\/wp\/#\/schema\/logo\/image\/\"},\"sameAs\":[\"https:\/\/www.facebook.com\/Radio-Amiga-FM-1007-Calbuco-108101179295593\/\",\"https:\/\/twitter.com\/radio_amiga\"]},{\"@type\":\"Person\",\"@id\":\"https:\/\/amigafm.cl\/wp\/#\/schema\/person\/00f53fed00c368e199df9344ff3ee798\",\"name\":\"Director\",\"sameAs\":[\"http:\/\/www.amigafm.cl\"],\"url\":\"https:\/\/amigafm.cl\/wp\/author\/director\/\"}]}<\/script>\n<!-- \/ Yoast SEO plugin. -->","yoast_head_json":{"title":"En la Agrupaci\u00f3n regional de Los R\u00edos y Los Lagos, la producci\u00f3n de carne en vara de ganado bovino disminuy\u00f3 1,3% respecto a igual per\u00edodo del a\u00f1o anterior - Radio Amiga Fm PRIMERA SINTONIA EN LA COMUNA","robots":{"index":"index","follow":"follow","max-snippet":"max-snippet:-1","max-image-preview":"max-image-preview:large","max-video-preview":"max-video-preview:-1"},"canonical":"https:\/\/amigafm.cl\/wp\/en-la-agrupacion-regional-de-los-rios-y-los-lagos-la-produccion-de-carne-en-vara-de-ganado-bovino-disminuyo-13-respecto-a-igual-periodo-del-ano-anterior\/","og_locale":"es_ES","og_type":"article","og_title":"En la Agrupaci\u00f3n regional de Los R\u00edos y Los Lagos, la producci\u00f3n de carne en vara de ganado bovino disminuy\u00f3 1,3% respecto a igual per\u00edodo del a\u00f1o anterior - Radio Amiga Fm PRIMERA SINTONIA EN LA COMUNA","og_description":"El ganado bovino rematado en ferias, en tanto, disminuy\u00f3 9,3% respecto a igual per\u00edodo del a\u00f1o anterior. PRODUCCI\u00d3N En enero de 2026, la producci\u00f3n total de carne en vara fue [...]","og_url":"https:\/\/amigafm.cl\/wp\/en-la-agrupacion-regional-de-los-rios-y-los-lagos-la-produccion-de-carne-en-vara-de-ganado-bovino-disminuyo-13-respecto-a-igual-periodo-del-ano-anterior\/","og_site_name":"Radio Amiga Fm PRIMERA SINTONIA EN LA COMUNA","article_publisher":"https:\/\/www.facebook.com\/Radio-Amiga-FM-1007-Calbuco-108101179295593\/","article_published_time":"2026-03-04T21:18:38+00:00","article_modified_time":"2026-03-04T21:18:39+00:00","og_image":[{"width":275,"height":183,"url":"https:\/\/amigafm.cl\/wp\/wp-content\/uploads\/2026\/03\/ine.png","type":"image\/png"}],"author":"Director","twitter_card":"summary_large_image","twitter_creator":"@radio_amiga","twitter_site":"@radio_amiga","twitter_misc":{"Escrito por":"Director","Tiempo de lectura":"2 minutos"},"schema":{"@context":"https:\/\/schema.org","@graph":[{"@type":"Article","@id":"https:\/\/amigafm.cl\/wp\/en-la-agrupacion-regional-de-los-rios-y-los-lagos-la-produccion-de-carne-en-vara-de-ganado-bovino-disminuyo-13-respecto-a-igual-periodo-del-ano-anterior\/#article","isPartOf":{"@id":"https:\/\/amigafm.cl\/wp\/en-la-agrupacion-regional-de-los-rios-y-los-lagos-la-produccion-de-carne-en-vara-de-ganado-bovino-disminuyo-13-respecto-a-igual-periodo-del-ano-anterior\/"},"author":{"name":"Director","@id":"https:\/\/amigafm.cl\/wp\/#\/schema\/person\/00f53fed00c368e199df9344ff3ee798"},"headline":"En la Agrupaci\u00f3n regional de Los R\u00edos y Los Lagos, la producci\u00f3n de carne en vara de ganado bovino disminuy\u00f3 1,3% respecto a igual per\u00edodo del a\u00f1o anterior","datePublished":"2026-03-04T21:18:38+00:00","dateModified":"2026-03-04T21:18:39+00:00","mainEntityOfPage":{"@id":"https:\/\/amigafm.cl\/wp\/en-la-agrupacion-regional-de-los-rios-y-los-lagos-la-produccion-de-carne-en-vara-de-ganado-bovino-disminuyo-13-respecto-a-igual-periodo-del-ano-anterior\/"},"wordCount":344,"publisher":{"@id":"https:\/\/amigafm.cl\/wp\/#organization"},"articleSection":["NOTICIAS"],"inLanguage":"es"},{"@type":"WebPage","@id":"https:\/\/amigafm.cl\/wp\/en-la-agrupacion-regional-de-los-rios-y-los-lagos-la-produccion-de-carne-en-vara-de-ganado-bovino-disminuyo-13-respecto-a-igual-periodo-del-ano-anterior\/","url":"https:\/\/amigafm.cl\/wp\/en-la-agrupacion-regional-de-los-rios-y-los-lagos-la-produccion-de-carne-en-vara-de-ganado-bovino-disminuyo-13-respecto-a-igual-periodo-del-ano-anterior\/","name":"En la Agrupaci\u00f3n regional de Los R\u00edos y Los Lagos, la producci\u00f3n de carne en vara de ganado bovino disminuy\u00f3 1,3% respecto a igual per\u00edodo del a\u00f1o anterior - Radio Amiga Fm PRIMERA SINTONIA EN LA COMUNA","isPartOf":{"@id":"https:\/\/amigafm.cl\/wp\/#website"},"datePublished":"2026-03-04T21:18:38+00:00","dateModified":"2026-03-04T21:18:39+00:00","breadcrumb":{"@id":"https:\/\/amigafm.cl\/wp\/en-la-agrupacion-regional-de-los-rios-y-los-lagos-la-produccion-de-carne-en-vara-de-ganado-bovino-disminuyo-13-respecto-a-igual-periodo-del-ano-anterior\/#breadcrumb"},"inLanguage":"es","potentialAction":[{"@type":"ReadAction","target":["https:\/\/amigafm.cl\/wp\/en-la-agrupacion-regional-de-los-rios-y-los-lagos-la-produccion-de-carne-en-vara-de-ganado-bovino-disminuyo-13-respecto-a-igual-periodo-del-ano-anterior\/"]}]},{"@type":"BreadcrumbList","@id":"https:\/\/amigafm.cl\/wp\/en-la-agrupacion-regional-de-los-rios-y-los-lagos-la-produccion-de-carne-en-vara-de-ganado-bovino-disminuyo-13-respecto-a-igual-periodo-del-ano-anterior\/#breadcrumb","itemListElement":[{"@type":"ListItem","position":1,"name":"Portada","item":"https:\/\/amigafm.cl\/wp\/"},{"@type":"ListItem","position":2,"name":"En la Agrupaci\u00f3n regional de Los R\u00edos y Los Lagos, la producci\u00f3n de carne en vara de ganado bovino disminuy\u00f3 1,3% respecto a igual per\u00edodo del a\u00f1o anterior"}]},{"@type":"WebSite","@id":"https:\/\/amigafm.cl\/wp\/#website","url":"https:\/\/amigafm.cl\/wp\/","name":"Radio Amiga Fm PRIMERA SINTONIA EN LA COMUNA","description":"&quot;CONTAMOS LA VERDAD&quot;","publisher":{"@id":"https:\/\/amigafm.cl\/wp\/#organization"},"potentialAction":[{"@type":"SearchAction","target":{"@type":"EntryPoint","urlTemplate":"https:\/\/amigafm.cl\/wp\/?s={search_term_string}"},"query-input":"required name=search_term_string"}],"inLanguage":"es"},{"@type":"Organization","@id":"https:\/\/amigafm.cl\/wp\/#organization","name":"Comvasquez Ltda","url":"https:\/\/amigafm.cl\/wp\/","logo":{"@type":"ImageObject","inLanguage":"es","@id":"https:\/\/amigafm.cl\/wp\/#\/schema\/logo\/image\/","url":"https:\/\/amigafm.cl\/wp\/wp-content\/uploads\/2018\/04\/logocomvasquezltda-png.png","contentUrl":"https:\/\/amigafm.cl\/wp\/wp-content\/uploads\/2018\/04\/logocomvasquezltda-png.png","width":1280,"height":514,"caption":"Comvasquez Ltda"},"image":{"@id":"https:\/\/amigafm.cl\/wp\/#\/schema\/logo\/image\/"},"sameAs":["https:\/\/www.facebook.com\/Radio-Amiga-FM-1007-Calbuco-108101179295593\/","https:\/\/twitter.com\/radio_amiga"]},{"@type":"Person","@id":"https:\/\/amigafm.cl\/wp\/#\/schema\/person\/00f53fed00c368e199df9344ff3ee798","name":"Director","sameAs":["http:\/\/www.amigafm.cl"],"url":"https:\/\/amigafm.cl\/wp\/author\/director\/"}]}},"_links":{"self":[{"href":"https:\/\/amigafm.cl\/wp\/wp-json\/wp\/v2\/posts\/8207"}],"collection":[{"href":"https:\/\/amigafm.cl\/wp\/wp-json\/wp\/v2\/posts"}],"about":[{"href":"https:\/\/amigafm.cl\/wp\/wp-json\/wp\/v2\/types\/post"}],"author":[{"embeddable":true,"href":"https:\/\/amigafm.cl\/wp\/wp-json\/wp\/v2\/users\/2"}],"replies":[{"embeddable":true,"href":"https:\/\/amigafm.cl\/wp\/wp-json\/wp\/v2\/comments?post=8207"}],"version-history":[{"count":1,"href":"https:\/\/amigafm.cl\/wp\/wp-json\/wp\/v2\/posts\/8207\/revisions"}],"predecessor-version":[{"id":8209,"href":"https:\/\/amigafm.cl\/wp\/wp-json\/wp\/v2\/posts\/8207\/revisions\/8209"}],"wp:featuredmedia":[{"embeddable":true,"href":"https:\/\/amigafm.cl\/wp\/wp-json\/wp\/v2\/media\/8208"}],"wp:attachment":[{"href":"https:\/\/amigafm.cl\/wp\/wp-json\/wp\/v2\/media?parent=8207"}],"wp:term":[{"taxonomy":"category","embeddable":true,"href":"https:\/\/amigafm.cl\/wp\/wp-json\/wp\/v2\/categories?post=8207"},{"taxonomy":"post_tag","embeddable":true,"href":"https:\/\/amigafm.cl\/wp\/wp-json\/wp\/v2\/tags?post=8207"}],"curies":[{"name":"wp","href":"https:\/\/api.w.org\/{rel}","templated":true}]}}