{"id":7577,"date":"2025-06-14T00:32:36","date_gmt":"2025-06-14T04:32:36","guid":{"rendered":"https:\/\/amigafm.cl\/wp\/?p=7577"},"modified":"2025-06-14T00:32:58","modified_gmt":"2025-06-14T04:32:58","slug":"core-los-lagos-aprueba-reajuste-presupuestario-de-50-millones-para-equipar-carro-bomba-en-san-pablo","status":"publish","type":"post","link":"https:\/\/amigafm.cl\/wp\/core-los-lagos-aprueba-reajuste-presupuestario-de-50-millones-para-equipar-carro-bomba-en-san-pablo\/","title":{"rendered":"CORE Los Lagos aprueba reajuste presupuestario de $50 millones para equipar carro bomba en San Pablo."},"content":{"rendered":"<div id=\"fb-root\"><\/div>\n\n<p><\/p>\n\n\n\n<p>En la \u00faltima sesi\u00f3n plenaria del Consejo Regional de Los Lagos, presidida por el gobernador regional, Alejandro Santana Tirachini, se aprob\u00f3 un reajuste presupuestario de la glosa de bomberos de 50 millones de pesos para equipar el carro bomba que recientemente adquiri\u00f3 el Cuerpo de Bomberos de San Pablo. As\u00ed lo destacaron los consejeros Alexis Casanova, presidente de la comisi\u00f3n provincial de Osorno del CORE Los Lagos, y sus pares Francisco Reyes, Carlos Schwalm y Bernardo Barr\u00eda.<\/p>\n\n\n\n<figure class=\"wp-block-image size-large is-resized\"><img loading=\"lazy\" src=\"https:\/\/amigafm.cl\/wp\/wp-content\/uploads\/2025\/06\/san-pablo-2-840x469.jpg\" alt=\"\" class=\"wp-image-7578\" width=\"310\" height=\"173\" srcset=\"https:\/\/amigafm.cl\/wp\/wp-content\/uploads\/2025\/06\/san-pablo-2-840x469.jpg 840w, https:\/\/amigafm.cl\/wp\/wp-content\/uploads\/2025\/06\/san-pablo-2-654x365.jpg 654w, https:\/\/amigafm.cl\/wp\/wp-content\/uploads\/2025\/06\/san-pablo-2-500x280.jpg 500w, https:\/\/amigafm.cl\/wp\/wp-content\/uploads\/2025\/06\/san-pablo-2-768x428.jpg 768w, https:\/\/amigafm.cl\/wp\/wp-content\/uploads\/2025\/06\/san-pablo-2-678x381.jpg 678w, https:\/\/amigafm.cl\/wp\/wp-content\/uploads\/2025\/06\/san-pablo-2.jpg 1079w\" sizes=\"(max-width: 310px) 100vw, 310px\" \/><\/figure>\n\n\n\n<p>Por temas administrativos no se pudo financiar la adquisici\u00f3n del carro bomba, que finalmente lograron adquirir por sus propios medios, pero la voluntad de cumplir el compromiso de apoyarlos se cumple con la aprobaci\u00f3n de este reajuste de recursos para que est\u00e9 operativo al 100% este carro bomba, seg\u00fan lo expresado por el presidente de la Comisi\u00f3n Provincial Osorno del CORE, Alexis Casanova.<\/p>\n\n\n\n<figure class=\"wp-block-image size-large is-resized\"><img loading=\"lazy\" src=\"https:\/\/amigafm.cl\/wp\/wp-content\/uploads\/2025\/06\/san-pablo-1-840x508.jpg\" alt=\"\" class=\"wp-image-7579\" width=\"308\" height=\"186\" srcset=\"https:\/\/amigafm.cl\/wp\/wp-content\/uploads\/2025\/06\/san-pablo-1-840x508.jpg 840w, https:\/\/amigafm.cl\/wp\/wp-content\/uploads\/2025\/06\/san-pablo-1-604x365.jpg 604w, https:\/\/amigafm.cl\/wp\/wp-content\/uploads\/2025\/06\/san-pablo-1-768x464.jpg 768w, https:\/\/amigafm.cl\/wp\/wp-content\/uploads\/2025\/06\/san-pablo-1.jpg 1080w\" sizes=\"(max-width: 308px) 100vw, 308px\" \/><\/figure>\n\n\n\n<p><\/p>\n","protected":false},"excerpt":{"rendered":"<div class=\"mh-excerpt\"><p>En la \u00faltima sesi\u00f3n plenaria del Consejo Regional de Los Lagos, presidida por el gobernador regional, Alejandro Santana Tirachini, se aprob\u00f3 un reajuste presupuestario de la glosa de bomberos de <a class=\"mh-excerpt-more\" href=\"https:\/\/amigafm.cl\/wp\/core-los-lagos-aprueba-reajuste-presupuestario-de-50-millones-para-equipar-carro-bomba-en-san-pablo\/\" title=\"CORE Los Lagos aprueba reajuste presupuestario de $50 millones para equipar carro bomba en San Pablo.\">[&#8230;]<\/a><\/p>\n<\/div>","protected":false},"author":2,"featured_media":7580,"comment_status":"closed","ping_status":"closed","sticky":false,"template":"","format":"standard","meta":{"_joinchat":[]},"categories":[1],"tags":[],"yoast_head":"<!-- This site is optimized with the Yoast SEO plugin v19.13 - https:\/\/yoast.com\/wordpress\/plugins\/seo\/ -->\n<title>CORE Los Lagos aprueba reajuste presupuestario de $50 millones para equipar carro bomba en San Pablo. - Radio Amiga Fm PRIMERA SINTONIA EN LA COMUNA<\/title>\n<meta name=\"robots\" content=\"index, follow, max-snippet:-1, max-image-preview:large, max-video-preview:-1\" \/>\n<link rel=\"canonical\" href=\"https:\/\/amigafm.cl\/wp\/core-los-lagos-aprueba-reajuste-presupuestario-de-50-millones-para-equipar-carro-bomba-en-san-pablo\/\" \/>\n<meta property=\"og:locale\" content=\"es_ES\" \/>\n<meta property=\"og:type\" content=\"article\" \/>\n<meta property=\"og:title\" content=\"CORE Los Lagos aprueba reajuste presupuestario de $50 millones para equipar carro bomba en San Pablo. - Radio Amiga Fm PRIMERA SINTONIA EN LA COMUNA\" \/>\n<meta property=\"og:description\" content=\"En la \u00faltima sesi\u00f3n plenaria del Consejo Regional de Los Lagos, presidida por el gobernador regional, Alejandro Santana Tirachini, se aprob\u00f3 un reajuste presupuestario de la glosa de bomberos de [...]\" \/>\n<meta property=\"og:url\" content=\"https:\/\/amigafm.cl\/wp\/core-los-lagos-aprueba-reajuste-presupuestario-de-50-millones-para-equipar-carro-bomba-en-san-pablo\/\" \/>\n<meta property=\"og:site_name\" content=\"Radio Amiga Fm PRIMERA SINTONIA EN LA COMUNA\" \/>\n<meta property=\"article:publisher\" content=\"https:\/\/www.facebook.com\/Radio-Amiga-FM-1007-Calbuco-108101179295593\/\" \/>\n<meta property=\"article:published_time\" content=\"2025-06-14T04:32:36+00:00\" \/>\n<meta property=\"article:modified_time\" content=\"2025-06-14T04:32:58+00:00\" \/>\n<meta property=\"og:image\" content=\"https:\/\/amigafm.cl\/wp\/wp-content\/uploads\/2025\/06\/carro-bomba-san-pablo.jpg\" \/>\n\t<meta property=\"og:image:width\" content=\"1051\" \/>\n\t<meta property=\"og:image:height\" content=\"825\" \/>\n\t<meta property=\"og:image:type\" content=\"image\/jpeg\" \/>\n<meta name=\"author\" content=\"Director\" \/>\n<meta name=\"twitter:card\" content=\"summary_large_image\" \/>\n<meta name=\"twitter:creator\" content=\"@radio_amiga\" \/>\n<meta name=\"twitter:site\" content=\"@radio_amiga\" \/>\n<meta name=\"twitter:label1\" content=\"Escrito por\" \/>\n\t<meta name=\"twitter:data1\" content=\"Director\" \/>\n\t<meta name=\"twitter:label2\" content=\"Tiempo de lectura\" \/>\n\t<meta name=\"twitter:data2\" content=\"2 minutos\" \/>\n<script type=\"application\/ld+json\" class=\"yoast-schema-graph\">{\"@context\":\"https:\/\/schema.org\",\"@graph\":[{\"@type\":\"Article\",\"@id\":\"https:\/\/amigafm.cl\/wp\/core-los-lagos-aprueba-reajuste-presupuestario-de-50-millones-para-equipar-carro-bomba-en-san-pablo\/#article\",\"isPartOf\":{\"@id\":\"https:\/\/amigafm.cl\/wp\/core-los-lagos-aprueba-reajuste-presupuestario-de-50-millones-para-equipar-carro-bomba-en-san-pablo\/\"},\"author\":{\"name\":\"Director\",\"@id\":\"https:\/\/amigafm.cl\/wp\/#\/schema\/person\/00f53fed00c368e199df9344ff3ee798\"},\"headline\":\"CORE Los Lagos aprueba reajuste presupuestario de $50 millones para equipar carro bomba en San Pablo.\",\"datePublished\":\"2025-06-14T04:32:36+00:00\",\"dateModified\":\"2025-06-14T04:32:58+00:00\",\"mainEntityOfPage\":{\"@id\":\"https:\/\/amigafm.cl\/wp\/core-los-lagos-aprueba-reajuste-presupuestario-de-50-millones-para-equipar-carro-bomba-en-san-pablo\/\"},\"wordCount\":160,\"publisher\":{\"@id\":\"https:\/\/amigafm.cl\/wp\/#organization\"},\"articleSection\":[\"NOTICIAS\"],\"inLanguage\":\"es\"},{\"@type\":\"WebPage\",\"@id\":\"https:\/\/amigafm.cl\/wp\/core-los-lagos-aprueba-reajuste-presupuestario-de-50-millones-para-equipar-carro-bomba-en-san-pablo\/\",\"url\":\"https:\/\/amigafm.cl\/wp\/core-los-lagos-aprueba-reajuste-presupuestario-de-50-millones-para-equipar-carro-bomba-en-san-pablo\/\",\"name\":\"CORE Los Lagos aprueba reajuste presupuestario de $50 millones para equipar carro bomba en San Pablo. - Radio Amiga Fm PRIMERA SINTONIA EN LA COMUNA\",\"isPartOf\":{\"@id\":\"https:\/\/amigafm.cl\/wp\/#website\"},\"datePublished\":\"2025-06-14T04:32:36+00:00\",\"dateModified\":\"2025-06-14T04:32:58+00:00\",\"breadcrumb\":{\"@id\":\"https:\/\/amigafm.cl\/wp\/core-los-lagos-aprueba-reajuste-presupuestario-de-50-millones-para-equipar-carro-bomba-en-san-pablo\/#breadcrumb\"},\"inLanguage\":\"es\",\"potentialAction\":[{\"@type\":\"ReadAction\",\"target\":[\"https:\/\/amigafm.cl\/wp\/core-los-lagos-aprueba-reajuste-presupuestario-de-50-millones-para-equipar-carro-bomba-en-san-pablo\/\"]}]},{\"@type\":\"BreadcrumbList\",\"@id\":\"https:\/\/amigafm.cl\/wp\/core-los-lagos-aprueba-reajuste-presupuestario-de-50-millones-para-equipar-carro-bomba-en-san-pablo\/#breadcrumb\",\"itemListElement\":[{\"@type\":\"ListItem\",\"position\":1,\"name\":\"Portada\",\"item\":\"https:\/\/amigafm.cl\/wp\/\"},{\"@type\":\"ListItem\",\"position\":2,\"name\":\"CORE Los Lagos aprueba reajuste presupuestario de $50 millones para equipar carro bomba en San Pablo.\"}]},{\"@type\":\"WebSite\",\"@id\":\"https:\/\/amigafm.cl\/wp\/#website\",\"url\":\"https:\/\/amigafm.cl\/wp\/\",\"name\":\"Radio Amiga Fm PRIMERA SINTONIA EN LA COMUNA\",\"description\":\"&quot;CONTAMOS LA VERDAD&quot;\",\"publisher\":{\"@id\":\"https:\/\/amigafm.cl\/wp\/#organization\"},\"potentialAction\":[{\"@type\":\"SearchAction\",\"target\":{\"@type\":\"EntryPoint\",\"urlTemplate\":\"https:\/\/amigafm.cl\/wp\/?s={search_term_string}\"},\"query-input\":\"required name=search_term_string\"}],\"inLanguage\":\"es\"},{\"@type\":\"Organization\",\"@id\":\"https:\/\/amigafm.cl\/wp\/#organization\",\"name\":\"Comvasquez Ltda\",\"url\":\"https:\/\/amigafm.cl\/wp\/\",\"logo\":{\"@type\":\"ImageObject\",\"inLanguage\":\"es\",\"@id\":\"https:\/\/amigafm.cl\/wp\/#\/schema\/logo\/image\/\",\"url\":\"https:\/\/amigafm.cl\/wp\/wp-content\/uploads\/2018\/04\/logocomvasquezltda-png.png\",\"contentUrl\":\"https:\/\/amigafm.cl\/wp\/wp-content\/uploads\/2018\/04\/logocomvasquezltda-png.png\",\"width\":1280,\"height\":514,\"caption\":\"Comvasquez Ltda\"},\"image\":{\"@id\":\"https:\/\/amigafm.cl\/wp\/#\/schema\/logo\/image\/\"},\"sameAs\":[\"https:\/\/www.facebook.com\/Radio-Amiga-FM-1007-Calbuco-108101179295593\/\",\"https:\/\/twitter.com\/radio_amiga\"]},{\"@type\":\"Person\",\"@id\":\"https:\/\/amigafm.cl\/wp\/#\/schema\/person\/00f53fed00c368e199df9344ff3ee798\",\"name\":\"Director\",\"sameAs\":[\"http:\/\/www.amigafm.cl\"],\"url\":\"https:\/\/amigafm.cl\/wp\/author\/director\/\"}]}<\/script>\n<!-- \/ Yoast SEO plugin. -->","yoast_head_json":{"title":"CORE Los Lagos aprueba reajuste presupuestario de $50 millones para equipar carro bomba en San Pablo. - Radio Amiga Fm PRIMERA SINTONIA EN LA COMUNA","robots":{"index":"index","follow":"follow","max-snippet":"max-snippet:-1","max-image-preview":"max-image-preview:large","max-video-preview":"max-video-preview:-1"},"canonical":"https:\/\/amigafm.cl\/wp\/core-los-lagos-aprueba-reajuste-presupuestario-de-50-millones-para-equipar-carro-bomba-en-san-pablo\/","og_locale":"es_ES","og_type":"article","og_title":"CORE Los Lagos aprueba reajuste presupuestario de $50 millones para equipar carro bomba en San Pablo. - Radio Amiga Fm PRIMERA SINTONIA EN LA COMUNA","og_description":"En la \u00faltima sesi\u00f3n plenaria del Consejo Regional de Los Lagos, presidida por el gobernador regional, Alejandro Santana Tirachini, se aprob\u00f3 un reajuste presupuestario de la glosa de bomberos de [...]","og_url":"https:\/\/amigafm.cl\/wp\/core-los-lagos-aprueba-reajuste-presupuestario-de-50-millones-para-equipar-carro-bomba-en-san-pablo\/","og_site_name":"Radio Amiga Fm PRIMERA SINTONIA EN LA COMUNA","article_publisher":"https:\/\/www.facebook.com\/Radio-Amiga-FM-1007-Calbuco-108101179295593\/","article_published_time":"2025-06-14T04:32:36+00:00","article_modified_time":"2025-06-14T04:32:58+00:00","og_image":[{"width":1051,"height":825,"url":"https:\/\/amigafm.cl\/wp\/wp-content\/uploads\/2025\/06\/carro-bomba-san-pablo.jpg","type":"image\/jpeg"}],"author":"Director","twitter_card":"summary_large_image","twitter_creator":"@radio_amiga","twitter_site":"@radio_amiga","twitter_misc":{"Escrito por":"Director","Tiempo de lectura":"2 minutos"},"schema":{"@context":"https:\/\/schema.org","@graph":[{"@type":"Article","@id":"https:\/\/amigafm.cl\/wp\/core-los-lagos-aprueba-reajuste-presupuestario-de-50-millones-para-equipar-carro-bomba-en-san-pablo\/#article","isPartOf":{"@id":"https:\/\/amigafm.cl\/wp\/core-los-lagos-aprueba-reajuste-presupuestario-de-50-millones-para-equipar-carro-bomba-en-san-pablo\/"},"author":{"name":"Director","@id":"https:\/\/amigafm.cl\/wp\/#\/schema\/person\/00f53fed00c368e199df9344ff3ee798"},"headline":"CORE Los Lagos aprueba reajuste presupuestario de $50 millones para equipar carro bomba en San Pablo.","datePublished":"2025-06-14T04:32:36+00:00","dateModified":"2025-06-14T04:32:58+00:00","mainEntityOfPage":{"@id":"https:\/\/amigafm.cl\/wp\/core-los-lagos-aprueba-reajuste-presupuestario-de-50-millones-para-equipar-carro-bomba-en-san-pablo\/"},"wordCount":160,"publisher":{"@id":"https:\/\/amigafm.cl\/wp\/#organization"},"articleSection":["NOTICIAS"],"inLanguage":"es"},{"@type":"WebPage","@id":"https:\/\/amigafm.cl\/wp\/core-los-lagos-aprueba-reajuste-presupuestario-de-50-millones-para-equipar-carro-bomba-en-san-pablo\/","url":"https:\/\/amigafm.cl\/wp\/core-los-lagos-aprueba-reajuste-presupuestario-de-50-millones-para-equipar-carro-bomba-en-san-pablo\/","name":"CORE Los Lagos aprueba reajuste presupuestario de $50 millones para equipar carro bomba en San Pablo. - Radio Amiga Fm PRIMERA SINTONIA EN LA COMUNA","isPartOf":{"@id":"https:\/\/amigafm.cl\/wp\/#website"},"datePublished":"2025-06-14T04:32:36+00:00","dateModified":"2025-06-14T04:32:58+00:00","breadcrumb":{"@id":"https:\/\/amigafm.cl\/wp\/core-los-lagos-aprueba-reajuste-presupuestario-de-50-millones-para-equipar-carro-bomba-en-san-pablo\/#breadcrumb"},"inLanguage":"es","potentialAction":[{"@type":"ReadAction","target":["https:\/\/amigafm.cl\/wp\/core-los-lagos-aprueba-reajuste-presupuestario-de-50-millones-para-equipar-carro-bomba-en-san-pablo\/"]}]},{"@type":"BreadcrumbList","@id":"https:\/\/amigafm.cl\/wp\/core-los-lagos-aprueba-reajuste-presupuestario-de-50-millones-para-equipar-carro-bomba-en-san-pablo\/#breadcrumb","itemListElement":[{"@type":"ListItem","position":1,"name":"Portada","item":"https:\/\/amigafm.cl\/wp\/"},{"@type":"ListItem","position":2,"name":"CORE Los Lagos aprueba reajuste presupuestario de $50 millones para equipar carro bomba en San Pablo."}]},{"@type":"WebSite","@id":"https:\/\/amigafm.cl\/wp\/#website","url":"https:\/\/amigafm.cl\/wp\/","name":"Radio Amiga Fm PRIMERA SINTONIA EN LA COMUNA","description":"&quot;CONTAMOS LA VERDAD&quot;","publisher":{"@id":"https:\/\/amigafm.cl\/wp\/#organization"},"potentialAction":[{"@type":"SearchAction","target":{"@type":"EntryPoint","urlTemplate":"https:\/\/amigafm.cl\/wp\/?s={search_term_string}"},"query-input":"required name=search_term_string"}],"inLanguage":"es"},{"@type":"Organization","@id":"https:\/\/amigafm.cl\/wp\/#organization","name":"Comvasquez Ltda","url":"https:\/\/amigafm.cl\/wp\/","logo":{"@type":"ImageObject","inLanguage":"es","@id":"https:\/\/amigafm.cl\/wp\/#\/schema\/logo\/image\/","url":"https:\/\/amigafm.cl\/wp\/wp-content\/uploads\/2018\/04\/logocomvasquezltda-png.png","contentUrl":"https:\/\/amigafm.cl\/wp\/wp-content\/uploads\/2018\/04\/logocomvasquezltda-png.png","width":1280,"height":514,"caption":"Comvasquez Ltda"},"image":{"@id":"https:\/\/amigafm.cl\/wp\/#\/schema\/logo\/image\/"},"sameAs":["https:\/\/www.facebook.com\/Radio-Amiga-FM-1007-Calbuco-108101179295593\/","https:\/\/twitter.com\/radio_amiga"]},{"@type":"Person","@id":"https:\/\/amigafm.cl\/wp\/#\/schema\/person\/00f53fed00c368e199df9344ff3ee798","name":"Director","sameAs":["http:\/\/www.amigafm.cl"],"url":"https:\/\/amigafm.cl\/wp\/author\/director\/"}]}},"_links":{"self":[{"href":"https:\/\/amigafm.cl\/wp\/wp-json\/wp\/v2\/posts\/7577"}],"collection":[{"href":"https:\/\/amigafm.cl\/wp\/wp-json\/wp\/v2\/posts"}],"about":[{"href":"https:\/\/amigafm.cl\/wp\/wp-json\/wp\/v2\/types\/post"}],"author":[{"embeddable":true,"href":"https:\/\/amigafm.cl\/wp\/wp-json\/wp\/v2\/users\/2"}],"replies":[{"embeddable":true,"href":"https:\/\/amigafm.cl\/wp\/wp-json\/wp\/v2\/comments?post=7577"}],"version-history":[{"count":2,"href":"https:\/\/amigafm.cl\/wp\/wp-json\/wp\/v2\/posts\/7577\/revisions"}],"predecessor-version":[{"id":7582,"href":"https:\/\/amigafm.cl\/wp\/wp-json\/wp\/v2\/posts\/7577\/revisions\/7582"}],"wp:featuredmedia":[{"embeddable":true,"href":"https:\/\/amigafm.cl\/wp\/wp-json\/wp\/v2\/media\/7580"}],"wp:attachment":[{"href":"https:\/\/amigafm.cl\/wp\/wp-json\/wp\/v2\/media?parent=7577"}],"wp:term":[{"taxonomy":"category","embeddable":true,"href":"https:\/\/amigafm.cl\/wp\/wp-json\/wp\/v2\/categories?post=7577"},{"taxonomy":"post_tag","embeddable":true,"href":"https:\/\/amigafm.cl\/wp\/wp-json\/wp\/v2\/tags?post=7577"}],"curies":[{"name":"wp","href":"https:\/\/api.w.org\/{rel}","templated":true}]}}