{"id":504,"date":"2017-08-19T02:24:52","date_gmt":"2017-08-19T02:24:52","guid":{"rendered":"https:\/\/amigafm.cl\/wp\/?p=504"},"modified":"2017-08-19T12:43:34","modified_gmt":"2017-08-19T12:43:34","slug":"antisociales-derriban-torre-medicion-viento-cruce-cardenas","status":"publish","type":"post","link":"https:\/\/amigafm.cl\/wp\/antisociales-derriban-torre-medicion-viento-cruce-cardenas\/","title":{"rendered":"ANTISOCIALES DERRIBAN TORRE DE MEDICI\u00d3N DE VIENTO EN CRUCE C\u00c1RDENAS\u00a0"},"content":{"rendered":"<div id=\"fb-root\"><\/div>\n<p>Durante la madrugada del d\u00eda jueves antisociales previstos de herramientas cortantes derriban torre instalada por empresa para monitoreo del viento, en <strong>cruce c\u00e1rdenas<\/strong> \u00a0cabe destacar que esta torre estaba ya 4 a\u00f1os recopilando informaci\u00f3n de vientos del lugar para futuro proyecto de parque e\u00f3lico.<\/p>\n<p>La torre en cuestiono se encontraba en el terreno de propiedad de Don Luis juvetich.<\/p>\n\n<blockquote><p>Comentan en redes sociales:<\/p>\n<p><a class=\" UFICommentActorName\" dir=\"ltr\" href=\"https:\/\/www.facebook.com\/profile.php?id=100018658050691&amp;fref=ufi\" data-ft=\"{&quot;tn&quot;:&quot;;&quot;}\" data-hovercard=\"\/ajax\/hovercard\/hovercard.php?id=100018658050691&amp;extragetparams=%7B%22is_public%22%3Afalse%2C%22hc_location%22%3A%22ufi%22%2C%22directed_target_id%22%3A%22390270357782206%22%7D\">Paola Mu\u00f1oz<\/a>\u00a0Si alguien llegara a ver o saber que es<span class=\"text_exposed_show\">t\u00e1n vendiendo los paneles solares u otras piezas por favor avisar a carabineros, a la radio o llamar al +56953194861, para que se encuentren los culpables.<\/span><\/p>\n<p><span class=\"\"><a class=\" UFICommentActorName\" dir=\"ltr\" href=\"https:\/\/www.facebook.com\/franchesca.diaz.7965?fref=ufi\" data-ft=\"{&quot;tn&quot;:&quot;;&quot;}\" data-hovercard=\"\/ajax\/hovercard\/hovercard.php?id=100019386610231&amp;extragetparams=%7B%22is_public%22%3Afalse%2C%22hc_location%22%3A%22ufi%22%2C%22directed_target_id%22%3A%22390270357782206%22%7D\">Franchesca Diaz<\/a><\/span> <span data-ft=\"{&quot;tn&quot;:&quot;K&quot;}\"><span class=\"UFICommentBody\">Pucha mi dama fuerza ustedes como personas honradas podran salir adelante. Usted como pilar de su esposo sigan para adelante esas lacras no avanzaran siempre seran los mismo miserables.<\/span><\/span><\/p><\/blockquote>\n<div class=\"text_exposed_show\"><\/div>\n<p>Fotografias: K. Parancan.<\/p>\n","protected":false},"excerpt":{"rendered":"<div class=\"mh-excerpt\"><p>Durante la madrugada del d\u00eda jueves antisociales previstos de herramientas cortantes derriban torre instalada por empresa para monitoreo del viento, en cruce c\u00e1rdenas \u00a0cabe destacar que esta torre estaba ya <a class=\"mh-excerpt-more\" href=\"https:\/\/amigafm.cl\/wp\/antisociales-derriban-torre-medicion-viento-cruce-cardenas\/\" title=\"ANTISOCIALES DERRIBAN TORRE DE MEDICI\u00d3N DE VIENTO EN CRUCE C\u00c1RDENAS\u00a0\">[&#8230;]<\/a><\/p>\n<\/div>","protected":false},"author":1,"featured_media":0,"comment_status":"closed","ping_status":"open","sticky":false,"template":"","format":"standard","meta":{"_joinchat":[]},"categories":[1],"tags":[],"yoast_head":"<!-- This site is optimized with the Yoast SEO plugin v19.13 - https:\/\/yoast.com\/wordpress\/plugins\/seo\/ -->\n<title>ANTISOCIALES DERRIBAN TORRE DE MEDICI\u00d3N DE VIENTO EN CRUCE C\u00c1RDENAS\u00a0 - Radio Amiga Fm PRIMERA SINTONIA EN LA COMUNA<\/title>\n<meta name=\"robots\" content=\"index, follow, max-snippet:-1, max-image-preview:large, max-video-preview:-1\" \/>\n<link rel=\"canonical\" href=\"https:\/\/amigafm.cl\/wp\/antisociales-derriban-torre-medicion-viento-cruce-cardenas\/\" \/>\n<meta property=\"og:locale\" content=\"es_ES\" \/>\n<meta property=\"og:type\" content=\"article\" \/>\n<meta property=\"og:title\" content=\"ANTISOCIALES DERRIBAN TORRE DE MEDICI\u00d3N DE VIENTO EN CRUCE C\u00c1RDENAS\u00a0 - Radio Amiga Fm PRIMERA SINTONIA EN LA COMUNA\" \/>\n<meta property=\"og:description\" content=\"Durante la madrugada del d\u00eda jueves antisociales previstos de herramientas cortantes derriban torre instalada por empresa para monitoreo del viento, en cruce c\u00e1rdenas \u00a0cabe destacar que esta torre estaba ya [...]\" \/>\n<meta property=\"og:url\" content=\"https:\/\/amigafm.cl\/wp\/antisociales-derriban-torre-medicion-viento-cruce-cardenas\/\" \/>\n<meta property=\"og:site_name\" content=\"Radio Amiga Fm PRIMERA SINTONIA EN LA COMUNA\" \/>\n<meta property=\"article:publisher\" content=\"https:\/\/www.facebook.com\/Radio-Amiga-FM-1007-Calbuco-108101179295593\/\" \/>\n<meta property=\"article:published_time\" content=\"2017-08-19T02:24:52+00:00\" \/>\n<meta property=\"article:modified_time\" content=\"2017-08-19T12:43:34+00:00\" \/>\n<meta name=\"author\" content=\"admin\" \/>\n<meta name=\"twitter:card\" content=\"summary_large_image\" \/>\n<meta name=\"twitter:creator\" content=\"@radio_amiga\" \/>\n<meta name=\"twitter:site\" content=\"@radio_amiga\" \/>\n<meta name=\"twitter:label1\" content=\"Escrito por\" \/>\n\t<meta name=\"twitter:data1\" content=\"admin\" \/>\n\t<meta name=\"twitter:label2\" content=\"Tiempo de lectura\" \/>\n\t<meta name=\"twitter:data2\" content=\"1 minuto\" \/>\n<script type=\"application\/ld+json\" class=\"yoast-schema-graph\">{\"@context\":\"https:\/\/schema.org\",\"@graph\":[{\"@type\":\"Article\",\"@id\":\"https:\/\/amigafm.cl\/wp\/antisociales-derriban-torre-medicion-viento-cruce-cardenas\/#article\",\"isPartOf\":{\"@id\":\"https:\/\/amigafm.cl\/wp\/antisociales-derriban-torre-medicion-viento-cruce-cardenas\/\"},\"author\":{\"name\":\"admin\",\"@id\":\"https:\/\/amigafm.cl\/wp\/#\/schema\/person\/a55429d137f4b17b54226e5801262106\"},\"headline\":\"ANTISOCIALES DERRIBAN TORRE DE MEDICI\u00d3N DE VIENTO EN CRUCE C\u00c1RDENAS\u00a0\",\"datePublished\":\"2017-08-19T02:24:52+00:00\",\"dateModified\":\"2017-08-19T12:43:34+00:00\",\"mainEntityOfPage\":{\"@id\":\"https:\/\/amigafm.cl\/wp\/antisociales-derriban-torre-medicion-viento-cruce-cardenas\/\"},\"wordCount\":152,\"publisher\":{\"@id\":\"https:\/\/amigafm.cl\/wp\/#organization\"},\"articleSection\":[\"NOTICIAS\"],\"inLanguage\":\"es\"},{\"@type\":\"WebPage\",\"@id\":\"https:\/\/amigafm.cl\/wp\/antisociales-derriban-torre-medicion-viento-cruce-cardenas\/\",\"url\":\"https:\/\/amigafm.cl\/wp\/antisociales-derriban-torre-medicion-viento-cruce-cardenas\/\",\"name\":\"ANTISOCIALES DERRIBAN TORRE DE MEDICI\u00d3N DE VIENTO EN CRUCE C\u00c1RDENAS\u00a0 - Radio Amiga Fm PRIMERA SINTONIA EN LA COMUNA\",\"isPartOf\":{\"@id\":\"https:\/\/amigafm.cl\/wp\/#website\"},\"datePublished\":\"2017-08-19T02:24:52+00:00\",\"dateModified\":\"2017-08-19T12:43:34+00:00\",\"breadcrumb\":{\"@id\":\"https:\/\/amigafm.cl\/wp\/antisociales-derriban-torre-medicion-viento-cruce-cardenas\/#breadcrumb\"},\"inLanguage\":\"es\",\"potentialAction\":[{\"@type\":\"ReadAction\",\"target\":[\"https:\/\/amigafm.cl\/wp\/antisociales-derriban-torre-medicion-viento-cruce-cardenas\/\"]}]},{\"@type\":\"BreadcrumbList\",\"@id\":\"https:\/\/amigafm.cl\/wp\/antisociales-derriban-torre-medicion-viento-cruce-cardenas\/#breadcrumb\",\"itemListElement\":[{\"@type\":\"ListItem\",\"position\":1,\"name\":\"Portada\",\"item\":\"https:\/\/amigafm.cl\/wp\/\"},{\"@type\":\"ListItem\",\"position\":2,\"name\":\"ANTISOCIALES DERRIBAN TORRE DE MEDICI\u00d3N DE VIENTO EN CRUCE C\u00c1RDENAS\u00a0\"}]},{\"@type\":\"WebSite\",\"@id\":\"https:\/\/amigafm.cl\/wp\/#website\",\"url\":\"https:\/\/amigafm.cl\/wp\/\",\"name\":\"Radio Amiga Fm PRIMERA SINTONIA EN LA COMUNA\",\"description\":\"&quot;CONTAMOS LA VERDAD&quot;\",\"publisher\":{\"@id\":\"https:\/\/amigafm.cl\/wp\/#organization\"},\"potentialAction\":[{\"@type\":\"SearchAction\",\"target\":{\"@type\":\"EntryPoint\",\"urlTemplate\":\"https:\/\/amigafm.cl\/wp\/?s={search_term_string}\"},\"query-input\":\"required name=search_term_string\"}],\"inLanguage\":\"es\"},{\"@type\":\"Organization\",\"@id\":\"https:\/\/amigafm.cl\/wp\/#organization\",\"name\":\"Comvasquez Ltda\",\"url\":\"https:\/\/amigafm.cl\/wp\/\",\"logo\":{\"@type\":\"ImageObject\",\"inLanguage\":\"es\",\"@id\":\"https:\/\/amigafm.cl\/wp\/#\/schema\/logo\/image\/\",\"url\":\"https:\/\/amigafm.cl\/wp\/wp-content\/uploads\/2018\/04\/logocomvasquezltda-png.png\",\"contentUrl\":\"https:\/\/amigafm.cl\/wp\/wp-content\/uploads\/2018\/04\/logocomvasquezltda-png.png\",\"width\":1280,\"height\":514,\"caption\":\"Comvasquez Ltda\"},\"image\":{\"@id\":\"https:\/\/amigafm.cl\/wp\/#\/schema\/logo\/image\/\"},\"sameAs\":[\"https:\/\/www.facebook.com\/Radio-Amiga-FM-1007-Calbuco-108101179295593\/\",\"https:\/\/twitter.com\/radio_amiga\"]},{\"@type\":\"Person\",\"@id\":\"https:\/\/amigafm.cl\/wp\/#\/schema\/person\/a55429d137f4b17b54226e5801262106\",\"name\":\"admin\",\"url\":\"https:\/\/amigafm.cl\/wp\/author\/admin\/\"}]}<\/script>\n<!-- \/ Yoast SEO plugin. -->","yoast_head_json":{"title":"ANTISOCIALES DERRIBAN TORRE DE MEDICI\u00d3N DE VIENTO EN CRUCE C\u00c1RDENAS\u00a0 - Radio Amiga Fm PRIMERA SINTONIA EN LA COMUNA","robots":{"index":"index","follow":"follow","max-snippet":"max-snippet:-1","max-image-preview":"max-image-preview:large","max-video-preview":"max-video-preview:-1"},"canonical":"https:\/\/amigafm.cl\/wp\/antisociales-derriban-torre-medicion-viento-cruce-cardenas\/","og_locale":"es_ES","og_type":"article","og_title":"ANTISOCIALES DERRIBAN TORRE DE MEDICI\u00d3N DE VIENTO EN CRUCE C\u00c1RDENAS\u00a0 - Radio Amiga Fm PRIMERA SINTONIA EN LA COMUNA","og_description":"Durante la madrugada del d\u00eda jueves antisociales previstos de herramientas cortantes derriban torre instalada por empresa para monitoreo del viento, en cruce c\u00e1rdenas \u00a0cabe destacar que esta torre estaba ya [...]","og_url":"https:\/\/amigafm.cl\/wp\/antisociales-derriban-torre-medicion-viento-cruce-cardenas\/","og_site_name":"Radio Amiga Fm PRIMERA SINTONIA EN LA COMUNA","article_publisher":"https:\/\/www.facebook.com\/Radio-Amiga-FM-1007-Calbuco-108101179295593\/","article_published_time":"2017-08-19T02:24:52+00:00","article_modified_time":"2017-08-19T12:43:34+00:00","author":"admin","twitter_card":"summary_large_image","twitter_creator":"@radio_amiga","twitter_site":"@radio_amiga","twitter_misc":{"Escrito por":"admin","Tiempo de lectura":"1 minuto"},"schema":{"@context":"https:\/\/schema.org","@graph":[{"@type":"Article","@id":"https:\/\/amigafm.cl\/wp\/antisociales-derriban-torre-medicion-viento-cruce-cardenas\/#article","isPartOf":{"@id":"https:\/\/amigafm.cl\/wp\/antisociales-derriban-torre-medicion-viento-cruce-cardenas\/"},"author":{"name":"admin","@id":"https:\/\/amigafm.cl\/wp\/#\/schema\/person\/a55429d137f4b17b54226e5801262106"},"headline":"ANTISOCIALES DERRIBAN TORRE DE MEDICI\u00d3N DE VIENTO EN CRUCE C\u00c1RDENAS\u00a0","datePublished":"2017-08-19T02:24:52+00:00","dateModified":"2017-08-19T12:43:34+00:00","mainEntityOfPage":{"@id":"https:\/\/amigafm.cl\/wp\/antisociales-derriban-torre-medicion-viento-cruce-cardenas\/"},"wordCount":152,"publisher":{"@id":"https:\/\/amigafm.cl\/wp\/#organization"},"articleSection":["NOTICIAS"],"inLanguage":"es"},{"@type":"WebPage","@id":"https:\/\/amigafm.cl\/wp\/antisociales-derriban-torre-medicion-viento-cruce-cardenas\/","url":"https:\/\/amigafm.cl\/wp\/antisociales-derriban-torre-medicion-viento-cruce-cardenas\/","name":"ANTISOCIALES DERRIBAN TORRE DE MEDICI\u00d3N DE VIENTO EN CRUCE C\u00c1RDENAS\u00a0 - Radio Amiga Fm PRIMERA SINTONIA EN LA COMUNA","isPartOf":{"@id":"https:\/\/amigafm.cl\/wp\/#website"},"datePublished":"2017-08-19T02:24:52+00:00","dateModified":"2017-08-19T12:43:34+00:00","breadcrumb":{"@id":"https:\/\/amigafm.cl\/wp\/antisociales-derriban-torre-medicion-viento-cruce-cardenas\/#breadcrumb"},"inLanguage":"es","potentialAction":[{"@type":"ReadAction","target":["https:\/\/amigafm.cl\/wp\/antisociales-derriban-torre-medicion-viento-cruce-cardenas\/"]}]},{"@type":"BreadcrumbList","@id":"https:\/\/amigafm.cl\/wp\/antisociales-derriban-torre-medicion-viento-cruce-cardenas\/#breadcrumb","itemListElement":[{"@type":"ListItem","position":1,"name":"Portada","item":"https:\/\/amigafm.cl\/wp\/"},{"@type":"ListItem","position":2,"name":"ANTISOCIALES DERRIBAN TORRE DE MEDICI\u00d3N DE VIENTO EN CRUCE C\u00c1RDENAS\u00a0"}]},{"@type":"WebSite","@id":"https:\/\/amigafm.cl\/wp\/#website","url":"https:\/\/amigafm.cl\/wp\/","name":"Radio Amiga Fm PRIMERA SINTONIA EN LA COMUNA","description":"&quot;CONTAMOS LA VERDAD&quot;","publisher":{"@id":"https:\/\/amigafm.cl\/wp\/#organization"},"potentialAction":[{"@type":"SearchAction","target":{"@type":"EntryPoint","urlTemplate":"https:\/\/amigafm.cl\/wp\/?s={search_term_string}"},"query-input":"required name=search_term_string"}],"inLanguage":"es"},{"@type":"Organization","@id":"https:\/\/amigafm.cl\/wp\/#organization","name":"Comvasquez Ltda","url":"https:\/\/amigafm.cl\/wp\/","logo":{"@type":"ImageObject","inLanguage":"es","@id":"https:\/\/amigafm.cl\/wp\/#\/schema\/logo\/image\/","url":"https:\/\/amigafm.cl\/wp\/wp-content\/uploads\/2018\/04\/logocomvasquezltda-png.png","contentUrl":"https:\/\/amigafm.cl\/wp\/wp-content\/uploads\/2018\/04\/logocomvasquezltda-png.png","width":1280,"height":514,"caption":"Comvasquez Ltda"},"image":{"@id":"https:\/\/amigafm.cl\/wp\/#\/schema\/logo\/image\/"},"sameAs":["https:\/\/www.facebook.com\/Radio-Amiga-FM-1007-Calbuco-108101179295593\/","https:\/\/twitter.com\/radio_amiga"]},{"@type":"Person","@id":"https:\/\/amigafm.cl\/wp\/#\/schema\/person\/a55429d137f4b17b54226e5801262106","name":"admin","url":"https:\/\/amigafm.cl\/wp\/author\/admin\/"}]}},"_links":{"self":[{"href":"https:\/\/amigafm.cl\/wp\/wp-json\/wp\/v2\/posts\/504"}],"collection":[{"href":"https:\/\/amigafm.cl\/wp\/wp-json\/wp\/v2\/posts"}],"about":[{"href":"https:\/\/amigafm.cl\/wp\/wp-json\/wp\/v2\/types\/post"}],"author":[{"embeddable":true,"href":"https:\/\/amigafm.cl\/wp\/wp-json\/wp\/v2\/users\/1"}],"replies":[{"embeddable":true,"href":"https:\/\/amigafm.cl\/wp\/wp-json\/wp\/v2\/comments?post=504"}],"version-history":[{"count":5,"href":"https:\/\/amigafm.cl\/wp\/wp-json\/wp\/v2\/posts\/504\/revisions"}],"predecessor-version":[{"id":520,"href":"https:\/\/amigafm.cl\/wp\/wp-json\/wp\/v2\/posts\/504\/revisions\/520"}],"wp:attachment":[{"href":"https:\/\/amigafm.cl\/wp\/wp-json\/wp\/v2\/media?parent=504"}],"wp:term":[{"taxonomy":"category","embeddable":true,"href":"https:\/\/amigafm.cl\/wp\/wp-json\/wp\/v2\/categories?post=504"},{"taxonomy":"post_tag","embeddable":true,"href":"https:\/\/amigafm.cl\/wp\/wp-json\/wp\/v2\/tags?post=504"}],"curies":[{"name":"wp","href":"https:\/\/api.w.org\/{rel}","templated":true}]}}