{"id":4734,"date":"2019-11-06T22:13:44","date_gmt":"2019-11-06T22:13:44","guid":{"rendered":"https:\/\/amigafm.cl\/wp\/?p=4734"},"modified":"2019-11-06T22:13:44","modified_gmt":"2019-11-06T22:13:44","slug":"consejo-regional-aprueba-acuerdo-social-los-lagos-para-atender-demandas-sociales-de-la-region","status":"publish","type":"post","link":"https:\/\/amigafm.cl\/wp\/consejo-regional-aprueba-acuerdo-social-los-lagos-para-atender-demandas-sociales-de-la-region\/","title":{"rendered":"Consejo Regional aprueba Acuerdo Social Los Lagos para atender demandas sociales de la regi\u00f3n"},"content":{"rendered":"<div id=\"fb-root\"><\/div>\n<p>&nbsp;<\/p>\n<ul>\n<li>Intendente J\u00fcrgensen inform\u00f3 que se realizar\u00e1 una reasignaci\u00f3n del presupuesto 2020 por 10 mil millones de pesos, adem\u00e1s de solicitar un aumento presupuestario de $10.408 millones por cinco a\u00f1os.<\/li>\n<\/ul>\n<p>El Consejo Regional aprob\u00f3 hoy en Puerto Varas por unanimidad el Acuerdo Social Los Lagos, trabajo conjunto entre Cores y Gobierno Regional que realizar\u00e1 una reasignaci\u00f3n del presupuesto 2020 por 10 mil millones de pesos, adem\u00e1s de solicitar un aumento presupuestario\u00a0 de otros $10.408 millones por cinco a\u00f1os.<\/p>\n<p>El Intendente Harry J\u00fcrgensen explic\u00f3 que \u201chemos sido capaces de presentar al Core un proyecto de reasignaci\u00f3n de recursos que no afecte en nada los proyectos que est\u00e1n en ejecuci\u00f3n, los que est\u00e1n en licitaci\u00f3n y los proyectos municipales o provinciales, es decir, todas las iniciativas van a seguir aplic\u00e1ndose\u201c.<\/p>\n<p>En esa l\u00ednea anunci\u00f3 que se reasignar\u00e1n \u201c10 mil millones de pesos para abordar l\u00edneas de proyectos y programas sociales en la regi\u00f3n. El consejo ha aprobado esta propuesta, los consejeros tambi\u00e9n van a poder hacer sus propuestas correspondientes y sus aportes, y tambi\u00e9n han aprobado los consejeros la solicitud de cambio de glosas.\u00a0 De tal forma, que las nuevas glosas nos permitan ejecutar los distintos programas que est\u00e1n establecidos en este Acuerdo Social Los Lagos\u201d.<\/p>\n<p>Adicionalmente, el Jefe Regional asegur\u00f3 que se solicitar\u00e1 \u201cun aumento presupuestario de 10 mil 408 millones de pesos para el a\u00f1o 2020 y que esto se prolongue por cinco a\u00f1os m\u00e1s y constituya parte de lo que va a ser la provisi\u00f3n social que va a atender las necesidades sociales de la regi\u00f3n durante esos cinco a\u00f1os, con un monto piso que ojal\u00e1 sea del orden de 20 mil millones de pesos\u201d.<\/p>\n<p>J\u00fcrgensen celebr\u00f3 \u201cla respuesta que el Gobierno Regional tiene al clamor ciudadano de la regi\u00f3n, es una forma de responder r\u00e1pidamente reasignando recursos que ya no estaban, que estaban asignados para otras cosas y solicitando m\u00e1s recursos para poder atender con prontitud grandes necesidades de sectores vulnerados y vulnerables\u201d<\/p>\n<p>El Jefe Regional hizo \u00e9nfasis en que \u201ctodos los proyectos por provincias contin\u00faan, por ejemplo en Puerto Montt, la calle Antonio Varas no tiene ninguna modificaci\u00f3n, Osorno el parque Alberto Hott o el Liceo Carvajal no tienen variaci\u00f3n, todos siguen su curso normal. Hemos sido capaces de asignar recursos sin detener ninguno todos lo dem\u00e1s funciona\u201d.<\/p>\n<p>Finalmente, explic\u00f3 que \u201cva a haber un fril especial para cada uno de los municipios, para que ellos atiendan temas sociales\u201d<\/p>\n<p>El Core Francisco Reyes explic\u00f3 que \u201ces un paso adelante y hay un voto de confianza y claramente un voto condicionado tambi\u00e9n para cumplir con estos m\u00ednimos comunes que le hemos planteado al Intendente. Primero, que sea considerado en el plan o en la estrategia de desarrollo regional con claridad; en segundo t\u00e9rmino, que este trabajo de acuerdo se proyecte y se prolongue por cinco a\u00f1os m\u00ednimo para que tenga un efecto, por supuesto que exista un aumento de presupuesto y no solamente reasignaci\u00f3n\u201d.<\/p>\n<p>Por su parte la presidenta del Core, Ang\u00e9lica Barraza, destac\u00f3 que el acuerdo \u201ces hist\u00f3rico e in\u00e9dito en una regi\u00f3n de nuestro pa\u00eds. Tiene muchos elementos que van a favorecer a nuestros adultos mayores, a la infancia, a las mujeres vulneradas, vamos a tener muchos programas que vayan en ayuda de ellos y tambi\u00e9n a los municipios, van a ser fril que vayan en ayuda de estos municipios que tanto lo necesitan y tanto lo requieren para dar trabajo principalmente y para poder tener infraestructura que cada comuna necesite\u201d.<\/p>\n<p>Agreg\u00f3 que \u201ces un acuerdo tan amplio y tan grande del cual yo me enorgullezco much\u00edsimo y quiero encarecidamente pedirles a todos que trabajemos juntos en este acuerdo social, pedirles a los alcaldes, a los concejales, a los consejeros regionales porque de esa manera vamos a poder ayudar a todas las necesidades que tienen en nuestra regi\u00f3n los habitantes que m\u00e1s lo necesitan\u201c<\/p>\n","protected":false},"excerpt":{"rendered":"<div class=\"mh-excerpt\"><p>&nbsp; Intendente J\u00fcrgensen inform\u00f3 que se realizar\u00e1 una reasignaci\u00f3n del presupuesto 2020 por 10 mil millones de pesos, adem\u00e1s de solicitar un aumento presupuestario de $10.408 millones por cinco a\u00f1os. <a class=\"mh-excerpt-more\" href=\"https:\/\/amigafm.cl\/wp\/consejo-regional-aprueba-acuerdo-social-los-lagos-para-atender-demandas-sociales-de-la-region\/\" title=\"Consejo Regional aprueba Acuerdo Social Los Lagos para atender demandas sociales de la regi\u00f3n\">[&#8230;]<\/a><\/p>\n<\/div>","protected":false},"author":2,"featured_media":0,"comment_status":"closed","ping_status":"open","sticky":false,"template":"","format":"standard","meta":{"_joinchat":[]},"categories":[1],"tags":[],"yoast_head":"<!-- This site is optimized with the Yoast SEO plugin v19.13 - https:\/\/yoast.com\/wordpress\/plugins\/seo\/ -->\n<title>Consejo Regional aprueba Acuerdo Social Los Lagos para atender demandas sociales de la regi\u00f3n - Radio Amiga Fm PRIMERA SINTONIA EN LA COMUNA<\/title>\n<meta name=\"robots\" content=\"index, follow, max-snippet:-1, max-image-preview:large, max-video-preview:-1\" \/>\n<link rel=\"canonical\" href=\"https:\/\/amigafm.cl\/wp\/consejo-regional-aprueba-acuerdo-social-los-lagos-para-atender-demandas-sociales-de-la-region\/\" \/>\n<meta property=\"og:locale\" content=\"es_ES\" \/>\n<meta property=\"og:type\" content=\"article\" \/>\n<meta property=\"og:title\" content=\"Consejo Regional aprueba Acuerdo Social Los Lagos para atender demandas sociales de la regi\u00f3n - Radio Amiga Fm PRIMERA SINTONIA EN LA COMUNA\" \/>\n<meta property=\"og:description\" content=\"&nbsp; Intendente J\u00fcrgensen inform\u00f3 que se realizar\u00e1 una reasignaci\u00f3n del presupuesto 2020 por 10 mil millones de pesos, adem\u00e1s de solicitar un aumento presupuestario de $10.408 millones por cinco a\u00f1os. [...]\" \/>\n<meta property=\"og:url\" content=\"https:\/\/amigafm.cl\/wp\/consejo-regional-aprueba-acuerdo-social-los-lagos-para-atender-demandas-sociales-de-la-region\/\" \/>\n<meta property=\"og:site_name\" content=\"Radio Amiga Fm PRIMERA SINTONIA EN LA COMUNA\" \/>\n<meta property=\"article:publisher\" content=\"https:\/\/www.facebook.com\/Radio-Amiga-FM-1007-Calbuco-108101179295593\/\" \/>\n<meta property=\"article:published_time\" content=\"2019-11-06T22:13:44+00:00\" \/>\n<meta name=\"author\" content=\"Director\" \/>\n<meta name=\"twitter:card\" content=\"summary_large_image\" \/>\n<meta name=\"twitter:creator\" content=\"@radio_amiga\" \/>\n<meta name=\"twitter:site\" content=\"@radio_amiga\" \/>\n<meta name=\"twitter:label1\" content=\"Escrito por\" \/>\n\t<meta name=\"twitter:data1\" content=\"Director\" \/>\n\t<meta name=\"twitter:label2\" content=\"Tiempo de lectura\" \/>\n\t<meta name=\"twitter:data2\" content=\"3 minutos\" \/>\n<script type=\"application\/ld+json\" class=\"yoast-schema-graph\">{\"@context\":\"https:\/\/schema.org\",\"@graph\":[{\"@type\":\"Article\",\"@id\":\"https:\/\/amigafm.cl\/wp\/consejo-regional-aprueba-acuerdo-social-los-lagos-para-atender-demandas-sociales-de-la-region\/#article\",\"isPartOf\":{\"@id\":\"https:\/\/amigafm.cl\/wp\/consejo-regional-aprueba-acuerdo-social-los-lagos-para-atender-demandas-sociales-de-la-region\/\"},\"author\":{\"name\":\"Director\",\"@id\":\"https:\/\/amigafm.cl\/wp\/#\/schema\/person\/00f53fed00c368e199df9344ff3ee798\"},\"headline\":\"Consejo Regional aprueba Acuerdo Social Los Lagos para atender demandas sociales de la regi\u00f3n\",\"datePublished\":\"2019-11-06T22:13:44+00:00\",\"dateModified\":\"2019-11-06T22:13:44+00:00\",\"mainEntityOfPage\":{\"@id\":\"https:\/\/amigafm.cl\/wp\/consejo-regional-aprueba-acuerdo-social-los-lagos-para-atender-demandas-sociales-de-la-region\/\"},\"wordCount\":692,\"publisher\":{\"@id\":\"https:\/\/amigafm.cl\/wp\/#organization\"},\"articleSection\":[\"NOTICIAS\"],\"inLanguage\":\"es\"},{\"@type\":\"WebPage\",\"@id\":\"https:\/\/amigafm.cl\/wp\/consejo-regional-aprueba-acuerdo-social-los-lagos-para-atender-demandas-sociales-de-la-region\/\",\"url\":\"https:\/\/amigafm.cl\/wp\/consejo-regional-aprueba-acuerdo-social-los-lagos-para-atender-demandas-sociales-de-la-region\/\",\"name\":\"Consejo Regional aprueba Acuerdo Social Los Lagos para atender demandas sociales de la regi\u00f3n - Radio Amiga Fm PRIMERA SINTONIA EN LA COMUNA\",\"isPartOf\":{\"@id\":\"https:\/\/amigafm.cl\/wp\/#website\"},\"datePublished\":\"2019-11-06T22:13:44+00:00\",\"dateModified\":\"2019-11-06T22:13:44+00:00\",\"breadcrumb\":{\"@id\":\"https:\/\/amigafm.cl\/wp\/consejo-regional-aprueba-acuerdo-social-los-lagos-para-atender-demandas-sociales-de-la-region\/#breadcrumb\"},\"inLanguage\":\"es\",\"potentialAction\":[{\"@type\":\"ReadAction\",\"target\":[\"https:\/\/amigafm.cl\/wp\/consejo-regional-aprueba-acuerdo-social-los-lagos-para-atender-demandas-sociales-de-la-region\/\"]}]},{\"@type\":\"BreadcrumbList\",\"@id\":\"https:\/\/amigafm.cl\/wp\/consejo-regional-aprueba-acuerdo-social-los-lagos-para-atender-demandas-sociales-de-la-region\/#breadcrumb\",\"itemListElement\":[{\"@type\":\"ListItem\",\"position\":1,\"name\":\"Portada\",\"item\":\"https:\/\/amigafm.cl\/wp\/\"},{\"@type\":\"ListItem\",\"position\":2,\"name\":\"Consejo Regional aprueba Acuerdo Social Los Lagos para atender demandas sociales de la regi\u00f3n\"}]},{\"@type\":\"WebSite\",\"@id\":\"https:\/\/amigafm.cl\/wp\/#website\",\"url\":\"https:\/\/amigafm.cl\/wp\/\",\"name\":\"Radio Amiga Fm PRIMERA SINTONIA EN LA COMUNA\",\"description\":\"&quot;CONTAMOS LA VERDAD&quot;\",\"publisher\":{\"@id\":\"https:\/\/amigafm.cl\/wp\/#organization\"},\"potentialAction\":[{\"@type\":\"SearchAction\",\"target\":{\"@type\":\"EntryPoint\",\"urlTemplate\":\"https:\/\/amigafm.cl\/wp\/?s={search_term_string}\"},\"query-input\":\"required name=search_term_string\"}],\"inLanguage\":\"es\"},{\"@type\":\"Organization\",\"@id\":\"https:\/\/amigafm.cl\/wp\/#organization\",\"name\":\"Comvasquez Ltda\",\"url\":\"https:\/\/amigafm.cl\/wp\/\",\"logo\":{\"@type\":\"ImageObject\",\"inLanguage\":\"es\",\"@id\":\"https:\/\/amigafm.cl\/wp\/#\/schema\/logo\/image\/\",\"url\":\"https:\/\/amigafm.cl\/wp\/wp-content\/uploads\/2018\/04\/logocomvasquezltda-png.png\",\"contentUrl\":\"https:\/\/amigafm.cl\/wp\/wp-content\/uploads\/2018\/04\/logocomvasquezltda-png.png\",\"width\":1280,\"height\":514,\"caption\":\"Comvasquez Ltda\"},\"image\":{\"@id\":\"https:\/\/amigafm.cl\/wp\/#\/schema\/logo\/image\/\"},\"sameAs\":[\"https:\/\/www.facebook.com\/Radio-Amiga-FM-1007-Calbuco-108101179295593\/\",\"https:\/\/twitter.com\/radio_amiga\"]},{\"@type\":\"Person\",\"@id\":\"https:\/\/amigafm.cl\/wp\/#\/schema\/person\/00f53fed00c368e199df9344ff3ee798\",\"name\":\"Director\",\"sameAs\":[\"http:\/\/www.amigafm.cl\"],\"url\":\"https:\/\/amigafm.cl\/wp\/author\/director\/\"}]}<\/script>\n<!-- \/ Yoast SEO plugin. -->","yoast_head_json":{"title":"Consejo Regional aprueba Acuerdo Social Los Lagos para atender demandas sociales de la regi\u00f3n - Radio Amiga Fm PRIMERA SINTONIA EN LA COMUNA","robots":{"index":"index","follow":"follow","max-snippet":"max-snippet:-1","max-image-preview":"max-image-preview:large","max-video-preview":"max-video-preview:-1"},"canonical":"https:\/\/amigafm.cl\/wp\/consejo-regional-aprueba-acuerdo-social-los-lagos-para-atender-demandas-sociales-de-la-region\/","og_locale":"es_ES","og_type":"article","og_title":"Consejo Regional aprueba Acuerdo Social Los Lagos para atender demandas sociales de la regi\u00f3n - Radio Amiga Fm PRIMERA SINTONIA EN LA COMUNA","og_description":"&nbsp; Intendente J\u00fcrgensen inform\u00f3 que se realizar\u00e1 una reasignaci\u00f3n del presupuesto 2020 por 10 mil millones de pesos, adem\u00e1s de solicitar un aumento presupuestario de $10.408 millones por cinco a\u00f1os. [...]","og_url":"https:\/\/amigafm.cl\/wp\/consejo-regional-aprueba-acuerdo-social-los-lagos-para-atender-demandas-sociales-de-la-region\/","og_site_name":"Radio Amiga Fm PRIMERA SINTONIA EN LA COMUNA","article_publisher":"https:\/\/www.facebook.com\/Radio-Amiga-FM-1007-Calbuco-108101179295593\/","article_published_time":"2019-11-06T22:13:44+00:00","author":"Director","twitter_card":"summary_large_image","twitter_creator":"@radio_amiga","twitter_site":"@radio_amiga","twitter_misc":{"Escrito por":"Director","Tiempo de lectura":"3 minutos"},"schema":{"@context":"https:\/\/schema.org","@graph":[{"@type":"Article","@id":"https:\/\/amigafm.cl\/wp\/consejo-regional-aprueba-acuerdo-social-los-lagos-para-atender-demandas-sociales-de-la-region\/#article","isPartOf":{"@id":"https:\/\/amigafm.cl\/wp\/consejo-regional-aprueba-acuerdo-social-los-lagos-para-atender-demandas-sociales-de-la-region\/"},"author":{"name":"Director","@id":"https:\/\/amigafm.cl\/wp\/#\/schema\/person\/00f53fed00c368e199df9344ff3ee798"},"headline":"Consejo Regional aprueba Acuerdo Social Los Lagos para atender demandas sociales de la regi\u00f3n","datePublished":"2019-11-06T22:13:44+00:00","dateModified":"2019-11-06T22:13:44+00:00","mainEntityOfPage":{"@id":"https:\/\/amigafm.cl\/wp\/consejo-regional-aprueba-acuerdo-social-los-lagos-para-atender-demandas-sociales-de-la-region\/"},"wordCount":692,"publisher":{"@id":"https:\/\/amigafm.cl\/wp\/#organization"},"articleSection":["NOTICIAS"],"inLanguage":"es"},{"@type":"WebPage","@id":"https:\/\/amigafm.cl\/wp\/consejo-regional-aprueba-acuerdo-social-los-lagos-para-atender-demandas-sociales-de-la-region\/","url":"https:\/\/amigafm.cl\/wp\/consejo-regional-aprueba-acuerdo-social-los-lagos-para-atender-demandas-sociales-de-la-region\/","name":"Consejo Regional aprueba Acuerdo Social Los Lagos para atender demandas sociales de la regi\u00f3n - Radio Amiga Fm PRIMERA SINTONIA EN LA COMUNA","isPartOf":{"@id":"https:\/\/amigafm.cl\/wp\/#website"},"datePublished":"2019-11-06T22:13:44+00:00","dateModified":"2019-11-06T22:13:44+00:00","breadcrumb":{"@id":"https:\/\/amigafm.cl\/wp\/consejo-regional-aprueba-acuerdo-social-los-lagos-para-atender-demandas-sociales-de-la-region\/#breadcrumb"},"inLanguage":"es","potentialAction":[{"@type":"ReadAction","target":["https:\/\/amigafm.cl\/wp\/consejo-regional-aprueba-acuerdo-social-los-lagos-para-atender-demandas-sociales-de-la-region\/"]}]},{"@type":"BreadcrumbList","@id":"https:\/\/amigafm.cl\/wp\/consejo-regional-aprueba-acuerdo-social-los-lagos-para-atender-demandas-sociales-de-la-region\/#breadcrumb","itemListElement":[{"@type":"ListItem","position":1,"name":"Portada","item":"https:\/\/amigafm.cl\/wp\/"},{"@type":"ListItem","position":2,"name":"Consejo Regional aprueba Acuerdo Social Los Lagos para atender demandas sociales de la regi\u00f3n"}]},{"@type":"WebSite","@id":"https:\/\/amigafm.cl\/wp\/#website","url":"https:\/\/amigafm.cl\/wp\/","name":"Radio Amiga Fm PRIMERA SINTONIA EN LA COMUNA","description":"&quot;CONTAMOS LA VERDAD&quot;","publisher":{"@id":"https:\/\/amigafm.cl\/wp\/#organization"},"potentialAction":[{"@type":"SearchAction","target":{"@type":"EntryPoint","urlTemplate":"https:\/\/amigafm.cl\/wp\/?s={search_term_string}"},"query-input":"required name=search_term_string"}],"inLanguage":"es"},{"@type":"Organization","@id":"https:\/\/amigafm.cl\/wp\/#organization","name":"Comvasquez Ltda","url":"https:\/\/amigafm.cl\/wp\/","logo":{"@type":"ImageObject","inLanguage":"es","@id":"https:\/\/amigafm.cl\/wp\/#\/schema\/logo\/image\/","url":"https:\/\/amigafm.cl\/wp\/wp-content\/uploads\/2018\/04\/logocomvasquezltda-png.png","contentUrl":"https:\/\/amigafm.cl\/wp\/wp-content\/uploads\/2018\/04\/logocomvasquezltda-png.png","width":1280,"height":514,"caption":"Comvasquez Ltda"},"image":{"@id":"https:\/\/amigafm.cl\/wp\/#\/schema\/logo\/image\/"},"sameAs":["https:\/\/www.facebook.com\/Radio-Amiga-FM-1007-Calbuco-108101179295593\/","https:\/\/twitter.com\/radio_amiga"]},{"@type":"Person","@id":"https:\/\/amigafm.cl\/wp\/#\/schema\/person\/00f53fed00c368e199df9344ff3ee798","name":"Director","sameAs":["http:\/\/www.amigafm.cl"],"url":"https:\/\/amigafm.cl\/wp\/author\/director\/"}]}},"_links":{"self":[{"href":"https:\/\/amigafm.cl\/wp\/wp-json\/wp\/v2\/posts\/4734"}],"collection":[{"href":"https:\/\/amigafm.cl\/wp\/wp-json\/wp\/v2\/posts"}],"about":[{"href":"https:\/\/amigafm.cl\/wp\/wp-json\/wp\/v2\/types\/post"}],"author":[{"embeddable":true,"href":"https:\/\/amigafm.cl\/wp\/wp-json\/wp\/v2\/users\/2"}],"replies":[{"embeddable":true,"href":"https:\/\/amigafm.cl\/wp\/wp-json\/wp\/v2\/comments?post=4734"}],"version-history":[{"count":1,"href":"https:\/\/amigafm.cl\/wp\/wp-json\/wp\/v2\/posts\/4734\/revisions"}],"predecessor-version":[{"id":4736,"href":"https:\/\/amigafm.cl\/wp\/wp-json\/wp\/v2\/posts\/4734\/revisions\/4736"}],"wp:attachment":[{"href":"https:\/\/amigafm.cl\/wp\/wp-json\/wp\/v2\/media?parent=4734"}],"wp:term":[{"taxonomy":"category","embeddable":true,"href":"https:\/\/amigafm.cl\/wp\/wp-json\/wp\/v2\/categories?post=4734"},{"taxonomy":"post_tag","embeddable":true,"href":"https:\/\/amigafm.cl\/wp\/wp-json\/wp\/v2\/tags?post=4734"}],"curies":[{"name":"wp","href":"https:\/\/api.w.org\/{rel}","templated":true}]}}