{"id":4119,"date":"2019-04-17T16:59:38","date_gmt":"2019-04-17T16:59:38","guid":{"rendered":"https:\/\/amigafm.cl\/wp\/?p=4119"},"modified":"2019-04-17T16:59:38","modified_gmt":"2019-04-17T16:59:38","slug":"chile-muestra-su-modelo-para-implementar-sistema-de-alerta-temprana-para-tizon-tardio-de-la-papa-en-paises-de-latinoamerica","status":"publish","type":"post","link":"https:\/\/amigafm.cl\/wp\/chile-muestra-su-modelo-para-implementar-sistema-de-alerta-temprana-para-tizon-tardio-de-la-papa-en-paises-de-latinoamerica\/","title":{"rendered":"Chile muestra su modelo para implementar sistema de alerta temprana para Tiz\u00f3n tard\u00edo de la papa en pa\u00edses de Latinoam\u00e9rica"},"content":{"rendered":"<div id=\"fb-root\"><\/div>\n<p><strong>Como parte de un proyecto del Fondo Regional de Tecnolog\u00eda Agropecuaria (FONTAGRO) durante tres d\u00edas especialistas de Chile, Argentina, Ecuador y Panam\u00e1 participaron de un taller en Chilo\u00e9, en el que se dio a conocer el trabajo realizado por el Instituto de Investigaciones Agropecuarias (INIA) de Chile, para controlar esta grave enfermedad.<\/strong><\/p>\n<p>Conocer la experiencia chilena para la implementaci\u00f3n de un sistema de alerta temprana para un manejo preventivo sustentable del Tiz\u00f3n tard\u00edo de la papa, como medida de adaptaci\u00f3n frente a la variabilidad del cambio clim\u00e1tico en Latinoam\u00e9rica, fue el objetivo de un taller realizado recientemente en el archipi\u00e9lago de Chilo\u00e9, con representantes del Instituto Nacional de Tecnolog\u00eda Agropecuaria (INTA) de Argentina; el Instituto Nacional de Investigaciones Agropecuarias (INIAP) de Ecuador, el Instituto de Investigaci\u00f3n Agropecuaria (IDIAP) de Panam\u00e1, el Instituto de Investigaciones Agropecuarias (INIA) de Chile, la Direcci\u00f3n Meteorol\u00f3gica y el Consorcio Papa Chile.<\/p>\n<p>Ivette Acu\u00f1a, subdirectora regional de INIA Remehue y coordinadora del taller y l\u00edder de este proyecto, explic\u00f3 que \u201cesta iniciativa ejecutada por el INIA chileno, con el financiamiento de FONTAGRO y el Banco Interamericano de Desarrollo (BID), busca formar una plataforma de especialistas en Tiz\u00f3n tard\u00edo de la papa en Latinoam\u00e9rica, con el objetivo de implementar un sistemas de alerta temprana como herramienta de apoyo a la toma de decisiones en sistemas productivos de la agricultura familiar en los pa\u00edses participantes\u201d.<\/p>\n<p>A\u00f1adi\u00f3 que \u201cesta red de especialistas trabajar\u00e1 como una comunidad de pr\u00e1ctica, con comunicaci\u00f3n a trav\u00e9s de reuniones virtuales, talleres de capacitaci\u00f3n, un portal web y tambi\u00e9n de manera muy cercana a los asesores y agricultores de papa de cada pa\u00eds. En Chile trabajaremos con agricultores de papa de la isla de Chilo\u00e9\u201d.<\/p>\n<p>Acu\u00f1a, quien es adem\u00e1s especialista en enfermedades de papa, puntualiz\u00f3 que \u201cel sistema de alerta temprana de tiz\u00f3n tard\u00edo desarrollado por el INIA de Chile y presentado en esta jornada, es una plataforma de informaci\u00f3n que procesa los datos meteorol\u00f3gicos capturados desde la Red de Estaciones Meteorol\u00f3gica Autom\u00e1ticas de INIA, entre las regiones del B\u00edo B\u00edo a Los Lagos. Esto permite identificar si existen las condiciones para el desarrollo de la enfermedad y enviar una alerta a los agricultores y asesores inscritos en el sistema\u201d.<\/p>\n<p>Enfatiz\u00f3 que \u201ccon el pron\u00f3stico de condiciones apropiadas para el desarrollo del tiz\u00f3n tard\u00edo, en cuanto a temperatura del aire, horas de humedad relativa sobre 80% y precipitaciones, se emite una alerta a los usuarios a trav\u00e9s del sitio web <a href=\"http:\/\/tizon.inia.cl\">http:\/\/tizon.inia.cl<\/a> y se env\u00edan correos electr\u00f3nicos y mensajes de texto a los celulares\u201d.<\/p>\n<p>Sobre las ventajas del sistema, la especialista indic\u00f3 que \u201cel uso de esta informaci\u00f3n basada en alerta temprana ayuda a los agricultores a realizar un control en forma oportuna y eficiente y s\u00f3lo cuando es necesario. As\u00ed, esta informaci\u00f3n, junto a capacitaciones en manejo integrado y buenas pr\u00e1cticas agr\u00edcolas, apoya la producci\u00f3n sustentable del cultivo de papa y la adaptaci\u00f3n y mitigaci\u00f3n al cambio clim\u00e1tico\u201d.<\/p>\n<p>Asimismo, recalc\u00f3 que \u201ca trav\u00e9s de este proyecto se espera reducir en un 50% el uso de pesticidas necesarios para el control de tiz\u00f3n tard\u00edo en Latinoam\u00e9rica, mejorando la eficiencia y seguridad en el manejo de estos productos, lo que junto con la implementaci\u00f3n de una estrategia de Manejo Integrado de Plagas (MIP), de acuerdo a la condici\u00f3n ambiental y sistema productivo, permitir\u00e1 disminuir los costos de producci\u00f3n en al menos un 20% y reducir el potencial impacto ambiental. Adem\u00e1s, se fortalecer\u00e1n las capacidades de investigaci\u00f3n aplicada en los pa\u00edses que est\u00e1n participando del proyecto\u201d.<\/p>\n<p><strong>Acerca de INIA<\/strong><\/p>\n<p>El Instituto de Investigaciones Agropecuarias (INIA) es la principal instituci\u00f3n de investigaci\u00f3n agropecuaria de Chile, vinculada al Ministerio de Agricultura, con presencia nacional de Arica a Magallanes, a trav\u00e9s de sus 10 Centros Regionales, adem\u00e1s de oficinas t\u00e9cnicas y centros experimentales en cada una de las regiones del pa\u00eds. Su misi\u00f3n es generar y transferir conocimientos y tecnolog\u00edas estrat\u00e9gicas a escala global, para producir innovaci\u00f3n y mejorar la competitividad del sector agroalimentario. <a href=\"http:\/\/www.inia.cl\">www.inia.cl<\/a><\/p>\n<h1>Sobre FONTAGRO<\/h1>\n<p>FONTAGRO es un mecanismo \u00fanico de cooperaci\u00f3n regional que promueve la innovaci\u00f3n de la agricultura familiar, la competitividad y la seguridad alimentaria. Fue creado en 1998 y est\u00e1 integrado por quince pa\u00edses miembro que han contribuido con un capital cercano a los US$83 millones. Es patrocinado por el Banco Interamericano de Desarrollo (BID) y el Instituto Interamericano de Cooperaci\u00f3n para la Agricultura (IICA). Su Secretar\u00eda T\u00e9cnica Administrativa tiene sede en las oficinas del BID en Washington, DC.<\/p>\n<p>FONTAGRO ha cofinanciado m\u00e1s de 140 proyectos e iniciativas a sus pa\u00edses miembro por un monto aproximado de US$110 millones, incluyendo el aporte de otros financiadores e instituciones ejecutoras. Los pa\u00edses que lo componen son Argentina, Bolivia, Chile, Colombia, Costa Rica, Ecuador, Espa\u00f1a, Honduras, Nicaragua, Panam\u00e1, Paraguay, Per\u00fa, Rep\u00fablica Dominicana, Uruguay y Venezuela.<\/p>\n","protected":false},"excerpt":{"rendered":"<div class=\"mh-excerpt\"><p>Como parte de un proyecto del Fondo Regional de Tecnolog\u00eda Agropecuaria (FONTAGRO) durante tres d\u00edas especialistas de Chile, Argentina, Ecuador y Panam\u00e1 participaron de un taller en Chilo\u00e9, en el <a class=\"mh-excerpt-more\" href=\"https:\/\/amigafm.cl\/wp\/chile-muestra-su-modelo-para-implementar-sistema-de-alerta-temprana-para-tizon-tardio-de-la-papa-en-paises-de-latinoamerica\/\" title=\"Chile muestra su modelo para implementar sistema de alerta temprana para Tiz\u00f3n tard\u00edo de la papa en pa\u00edses de Latinoam\u00e9rica\">[&#8230;]<\/a><\/p>\n<\/div>","protected":false},"author":2,"featured_media":0,"comment_status":"closed","ping_status":"open","sticky":false,"template":"","format":"standard","meta":{"_joinchat":[]},"categories":[1],"tags":[],"yoast_head":"<!-- This site is optimized with the Yoast SEO plugin v19.13 - https:\/\/yoast.com\/wordpress\/plugins\/seo\/ -->\n<title>Chile muestra su modelo para implementar sistema de alerta temprana para Tiz\u00f3n tard\u00edo de la papa en pa\u00edses de Latinoam\u00e9rica - Radio Amiga Fm PRIMERA SINTONIA EN LA COMUNA<\/title>\n<meta name=\"robots\" content=\"index, follow, max-snippet:-1, max-image-preview:large, max-video-preview:-1\" \/>\n<link rel=\"canonical\" href=\"https:\/\/amigafm.cl\/wp\/chile-muestra-su-modelo-para-implementar-sistema-de-alerta-temprana-para-tizon-tardio-de-la-papa-en-paises-de-latinoamerica\/\" \/>\n<meta property=\"og:locale\" content=\"es_ES\" \/>\n<meta property=\"og:type\" content=\"article\" \/>\n<meta property=\"og:title\" content=\"Chile muestra su modelo para implementar sistema de alerta temprana para Tiz\u00f3n tard\u00edo de la papa en pa\u00edses de Latinoam\u00e9rica - Radio Amiga Fm PRIMERA SINTONIA EN LA COMUNA\" \/>\n<meta property=\"og:description\" content=\"Como parte de un proyecto del Fondo Regional de Tecnolog\u00eda Agropecuaria (FONTAGRO) durante tres d\u00edas especialistas de Chile, Argentina, Ecuador y Panam\u00e1 participaron de un taller en Chilo\u00e9, en el [...]\" \/>\n<meta property=\"og:url\" content=\"https:\/\/amigafm.cl\/wp\/chile-muestra-su-modelo-para-implementar-sistema-de-alerta-temprana-para-tizon-tardio-de-la-papa-en-paises-de-latinoamerica\/\" \/>\n<meta property=\"og:site_name\" content=\"Radio Amiga Fm PRIMERA SINTONIA EN LA COMUNA\" \/>\n<meta property=\"article:publisher\" content=\"https:\/\/www.facebook.com\/Radio-Amiga-FM-1007-Calbuco-108101179295593\/\" \/>\n<meta property=\"article:published_time\" content=\"2019-04-17T16:59:38+00:00\" \/>\n<meta name=\"author\" content=\"Director\" \/>\n<meta name=\"twitter:card\" content=\"summary_large_image\" \/>\n<meta name=\"twitter:creator\" content=\"@radio_amiga\" \/>\n<meta name=\"twitter:site\" content=\"@radio_amiga\" \/>\n<meta name=\"twitter:label1\" content=\"Escrito por\" \/>\n\t<meta name=\"twitter:data1\" content=\"Director\" \/>\n\t<meta name=\"twitter:label2\" content=\"Tiempo de lectura\" \/>\n\t<meta name=\"twitter:data2\" content=\"4 minutos\" \/>\n<script type=\"application\/ld+json\" class=\"yoast-schema-graph\">{\"@context\":\"https:\/\/schema.org\",\"@graph\":[{\"@type\":\"Article\",\"@id\":\"https:\/\/amigafm.cl\/wp\/chile-muestra-su-modelo-para-implementar-sistema-de-alerta-temprana-para-tizon-tardio-de-la-papa-en-paises-de-latinoamerica\/#article\",\"isPartOf\":{\"@id\":\"https:\/\/amigafm.cl\/wp\/chile-muestra-su-modelo-para-implementar-sistema-de-alerta-temprana-para-tizon-tardio-de-la-papa-en-paises-de-latinoamerica\/\"},\"author\":{\"name\":\"Director\",\"@id\":\"https:\/\/amigafm.cl\/wp\/#\/schema\/person\/00f53fed00c368e199df9344ff3ee798\"},\"headline\":\"Chile muestra su modelo para implementar sistema de alerta temprana para Tiz\u00f3n tard\u00edo de la papa en pa\u00edses de Latinoam\u00e9rica\",\"datePublished\":\"2019-04-17T16:59:38+00:00\",\"dateModified\":\"2019-04-17T16:59:38+00:00\",\"mainEntityOfPage\":{\"@id\":\"https:\/\/amigafm.cl\/wp\/chile-muestra-su-modelo-para-implementar-sistema-de-alerta-temprana-para-tizon-tardio-de-la-papa-en-paises-de-latinoamerica\/\"},\"wordCount\":893,\"publisher\":{\"@id\":\"https:\/\/amigafm.cl\/wp\/#organization\"},\"articleSection\":[\"NOTICIAS\"],\"inLanguage\":\"es\"},{\"@type\":\"WebPage\",\"@id\":\"https:\/\/amigafm.cl\/wp\/chile-muestra-su-modelo-para-implementar-sistema-de-alerta-temprana-para-tizon-tardio-de-la-papa-en-paises-de-latinoamerica\/\",\"url\":\"https:\/\/amigafm.cl\/wp\/chile-muestra-su-modelo-para-implementar-sistema-de-alerta-temprana-para-tizon-tardio-de-la-papa-en-paises-de-latinoamerica\/\",\"name\":\"Chile muestra su modelo para implementar sistema de alerta temprana para Tiz\u00f3n tard\u00edo de la papa en pa\u00edses de Latinoam\u00e9rica - Radio Amiga Fm PRIMERA SINTONIA EN LA COMUNA\",\"isPartOf\":{\"@id\":\"https:\/\/amigafm.cl\/wp\/#website\"},\"datePublished\":\"2019-04-17T16:59:38+00:00\",\"dateModified\":\"2019-04-17T16:59:38+00:00\",\"breadcrumb\":{\"@id\":\"https:\/\/amigafm.cl\/wp\/chile-muestra-su-modelo-para-implementar-sistema-de-alerta-temprana-para-tizon-tardio-de-la-papa-en-paises-de-latinoamerica\/#breadcrumb\"},\"inLanguage\":\"es\",\"potentialAction\":[{\"@type\":\"ReadAction\",\"target\":[\"https:\/\/amigafm.cl\/wp\/chile-muestra-su-modelo-para-implementar-sistema-de-alerta-temprana-para-tizon-tardio-de-la-papa-en-paises-de-latinoamerica\/\"]}]},{\"@type\":\"BreadcrumbList\",\"@id\":\"https:\/\/amigafm.cl\/wp\/chile-muestra-su-modelo-para-implementar-sistema-de-alerta-temprana-para-tizon-tardio-de-la-papa-en-paises-de-latinoamerica\/#breadcrumb\",\"itemListElement\":[{\"@type\":\"ListItem\",\"position\":1,\"name\":\"Portada\",\"item\":\"https:\/\/amigafm.cl\/wp\/\"},{\"@type\":\"ListItem\",\"position\":2,\"name\":\"Chile muestra su modelo para implementar sistema de alerta temprana para Tiz\u00f3n tard\u00edo de la papa en pa\u00edses de Latinoam\u00e9rica\"}]},{\"@type\":\"WebSite\",\"@id\":\"https:\/\/amigafm.cl\/wp\/#website\",\"url\":\"https:\/\/amigafm.cl\/wp\/\",\"name\":\"Radio Amiga Fm PRIMERA SINTONIA EN LA COMUNA\",\"description\":\"&quot;CONTAMOS LA VERDAD&quot;\",\"publisher\":{\"@id\":\"https:\/\/amigafm.cl\/wp\/#organization\"},\"potentialAction\":[{\"@type\":\"SearchAction\",\"target\":{\"@type\":\"EntryPoint\",\"urlTemplate\":\"https:\/\/amigafm.cl\/wp\/?s={search_term_string}\"},\"query-input\":\"required name=search_term_string\"}],\"inLanguage\":\"es\"},{\"@type\":\"Organization\",\"@id\":\"https:\/\/amigafm.cl\/wp\/#organization\",\"name\":\"Comvasquez Ltda\",\"url\":\"https:\/\/amigafm.cl\/wp\/\",\"logo\":{\"@type\":\"ImageObject\",\"inLanguage\":\"es\",\"@id\":\"https:\/\/amigafm.cl\/wp\/#\/schema\/logo\/image\/\",\"url\":\"https:\/\/amigafm.cl\/wp\/wp-content\/uploads\/2018\/04\/logocomvasquezltda-png.png\",\"contentUrl\":\"https:\/\/amigafm.cl\/wp\/wp-content\/uploads\/2018\/04\/logocomvasquezltda-png.png\",\"width\":1280,\"height\":514,\"caption\":\"Comvasquez Ltda\"},\"image\":{\"@id\":\"https:\/\/amigafm.cl\/wp\/#\/schema\/logo\/image\/\"},\"sameAs\":[\"https:\/\/www.facebook.com\/Radio-Amiga-FM-1007-Calbuco-108101179295593\/\",\"https:\/\/twitter.com\/radio_amiga\"]},{\"@type\":\"Person\",\"@id\":\"https:\/\/amigafm.cl\/wp\/#\/schema\/person\/00f53fed00c368e199df9344ff3ee798\",\"name\":\"Director\",\"sameAs\":[\"http:\/\/www.amigafm.cl\"],\"url\":\"https:\/\/amigafm.cl\/wp\/author\/director\/\"}]}<\/script>\n<!-- \/ Yoast SEO plugin. -->","yoast_head_json":{"title":"Chile muestra su modelo para implementar sistema de alerta temprana para Tiz\u00f3n tard\u00edo de la papa en pa\u00edses de Latinoam\u00e9rica - Radio Amiga Fm PRIMERA SINTONIA EN LA COMUNA","robots":{"index":"index","follow":"follow","max-snippet":"max-snippet:-1","max-image-preview":"max-image-preview:large","max-video-preview":"max-video-preview:-1"},"canonical":"https:\/\/amigafm.cl\/wp\/chile-muestra-su-modelo-para-implementar-sistema-de-alerta-temprana-para-tizon-tardio-de-la-papa-en-paises-de-latinoamerica\/","og_locale":"es_ES","og_type":"article","og_title":"Chile muestra su modelo para implementar sistema de alerta temprana para Tiz\u00f3n tard\u00edo de la papa en pa\u00edses de Latinoam\u00e9rica - Radio Amiga Fm PRIMERA SINTONIA EN LA COMUNA","og_description":"Como parte de un proyecto del Fondo Regional de Tecnolog\u00eda Agropecuaria (FONTAGRO) durante tres d\u00edas especialistas de Chile, Argentina, Ecuador y Panam\u00e1 participaron de un taller en Chilo\u00e9, en el [...]","og_url":"https:\/\/amigafm.cl\/wp\/chile-muestra-su-modelo-para-implementar-sistema-de-alerta-temprana-para-tizon-tardio-de-la-papa-en-paises-de-latinoamerica\/","og_site_name":"Radio Amiga Fm PRIMERA SINTONIA EN LA COMUNA","article_publisher":"https:\/\/www.facebook.com\/Radio-Amiga-FM-1007-Calbuco-108101179295593\/","article_published_time":"2019-04-17T16:59:38+00:00","author":"Director","twitter_card":"summary_large_image","twitter_creator":"@radio_amiga","twitter_site":"@radio_amiga","twitter_misc":{"Escrito por":"Director","Tiempo de lectura":"4 minutos"},"schema":{"@context":"https:\/\/schema.org","@graph":[{"@type":"Article","@id":"https:\/\/amigafm.cl\/wp\/chile-muestra-su-modelo-para-implementar-sistema-de-alerta-temprana-para-tizon-tardio-de-la-papa-en-paises-de-latinoamerica\/#article","isPartOf":{"@id":"https:\/\/amigafm.cl\/wp\/chile-muestra-su-modelo-para-implementar-sistema-de-alerta-temprana-para-tizon-tardio-de-la-papa-en-paises-de-latinoamerica\/"},"author":{"name":"Director","@id":"https:\/\/amigafm.cl\/wp\/#\/schema\/person\/00f53fed00c368e199df9344ff3ee798"},"headline":"Chile muestra su modelo para implementar sistema de alerta temprana para Tiz\u00f3n tard\u00edo de la papa en pa\u00edses de Latinoam\u00e9rica","datePublished":"2019-04-17T16:59:38+00:00","dateModified":"2019-04-17T16:59:38+00:00","mainEntityOfPage":{"@id":"https:\/\/amigafm.cl\/wp\/chile-muestra-su-modelo-para-implementar-sistema-de-alerta-temprana-para-tizon-tardio-de-la-papa-en-paises-de-latinoamerica\/"},"wordCount":893,"publisher":{"@id":"https:\/\/amigafm.cl\/wp\/#organization"},"articleSection":["NOTICIAS"],"inLanguage":"es"},{"@type":"WebPage","@id":"https:\/\/amigafm.cl\/wp\/chile-muestra-su-modelo-para-implementar-sistema-de-alerta-temprana-para-tizon-tardio-de-la-papa-en-paises-de-latinoamerica\/","url":"https:\/\/amigafm.cl\/wp\/chile-muestra-su-modelo-para-implementar-sistema-de-alerta-temprana-para-tizon-tardio-de-la-papa-en-paises-de-latinoamerica\/","name":"Chile muestra su modelo para implementar sistema de alerta temprana para Tiz\u00f3n tard\u00edo de la papa en pa\u00edses de Latinoam\u00e9rica - Radio Amiga Fm PRIMERA SINTONIA EN LA COMUNA","isPartOf":{"@id":"https:\/\/amigafm.cl\/wp\/#website"},"datePublished":"2019-04-17T16:59:38+00:00","dateModified":"2019-04-17T16:59:38+00:00","breadcrumb":{"@id":"https:\/\/amigafm.cl\/wp\/chile-muestra-su-modelo-para-implementar-sistema-de-alerta-temprana-para-tizon-tardio-de-la-papa-en-paises-de-latinoamerica\/#breadcrumb"},"inLanguage":"es","potentialAction":[{"@type":"ReadAction","target":["https:\/\/amigafm.cl\/wp\/chile-muestra-su-modelo-para-implementar-sistema-de-alerta-temprana-para-tizon-tardio-de-la-papa-en-paises-de-latinoamerica\/"]}]},{"@type":"BreadcrumbList","@id":"https:\/\/amigafm.cl\/wp\/chile-muestra-su-modelo-para-implementar-sistema-de-alerta-temprana-para-tizon-tardio-de-la-papa-en-paises-de-latinoamerica\/#breadcrumb","itemListElement":[{"@type":"ListItem","position":1,"name":"Portada","item":"https:\/\/amigafm.cl\/wp\/"},{"@type":"ListItem","position":2,"name":"Chile muestra su modelo para implementar sistema de alerta temprana para Tiz\u00f3n tard\u00edo de la papa en pa\u00edses de Latinoam\u00e9rica"}]},{"@type":"WebSite","@id":"https:\/\/amigafm.cl\/wp\/#website","url":"https:\/\/amigafm.cl\/wp\/","name":"Radio Amiga Fm PRIMERA SINTONIA EN LA COMUNA","description":"&quot;CONTAMOS LA VERDAD&quot;","publisher":{"@id":"https:\/\/amigafm.cl\/wp\/#organization"},"potentialAction":[{"@type":"SearchAction","target":{"@type":"EntryPoint","urlTemplate":"https:\/\/amigafm.cl\/wp\/?s={search_term_string}"},"query-input":"required name=search_term_string"}],"inLanguage":"es"},{"@type":"Organization","@id":"https:\/\/amigafm.cl\/wp\/#organization","name":"Comvasquez Ltda","url":"https:\/\/amigafm.cl\/wp\/","logo":{"@type":"ImageObject","inLanguage":"es","@id":"https:\/\/amigafm.cl\/wp\/#\/schema\/logo\/image\/","url":"https:\/\/amigafm.cl\/wp\/wp-content\/uploads\/2018\/04\/logocomvasquezltda-png.png","contentUrl":"https:\/\/amigafm.cl\/wp\/wp-content\/uploads\/2018\/04\/logocomvasquezltda-png.png","width":1280,"height":514,"caption":"Comvasquez Ltda"},"image":{"@id":"https:\/\/amigafm.cl\/wp\/#\/schema\/logo\/image\/"},"sameAs":["https:\/\/www.facebook.com\/Radio-Amiga-FM-1007-Calbuco-108101179295593\/","https:\/\/twitter.com\/radio_amiga"]},{"@type":"Person","@id":"https:\/\/amigafm.cl\/wp\/#\/schema\/person\/00f53fed00c368e199df9344ff3ee798","name":"Director","sameAs":["http:\/\/www.amigafm.cl"],"url":"https:\/\/amigafm.cl\/wp\/author\/director\/"}]}},"_links":{"self":[{"href":"https:\/\/amigafm.cl\/wp\/wp-json\/wp\/v2\/posts\/4119"}],"collection":[{"href":"https:\/\/amigafm.cl\/wp\/wp-json\/wp\/v2\/posts"}],"about":[{"href":"https:\/\/amigafm.cl\/wp\/wp-json\/wp\/v2\/types\/post"}],"author":[{"embeddable":true,"href":"https:\/\/amigafm.cl\/wp\/wp-json\/wp\/v2\/users\/2"}],"replies":[{"embeddable":true,"href":"https:\/\/amigafm.cl\/wp\/wp-json\/wp\/v2\/comments?post=4119"}],"version-history":[{"count":1,"href":"https:\/\/amigafm.cl\/wp\/wp-json\/wp\/v2\/posts\/4119\/revisions"}],"predecessor-version":[{"id":4121,"href":"https:\/\/amigafm.cl\/wp\/wp-json\/wp\/v2\/posts\/4119\/revisions\/4121"}],"wp:attachment":[{"href":"https:\/\/amigafm.cl\/wp\/wp-json\/wp\/v2\/media?parent=4119"}],"wp:term":[{"taxonomy":"category","embeddable":true,"href":"https:\/\/amigafm.cl\/wp\/wp-json\/wp\/v2\/categories?post=4119"},{"taxonomy":"post_tag","embeddable":true,"href":"https:\/\/amigafm.cl\/wp\/wp-json\/wp\/v2\/tags?post=4119"}],"curies":[{"name":"wp","href":"https:\/\/api.w.org\/{rel}","templated":true}]}}