{"id":3964,"date":"2019-04-03T19:52:30","date_gmt":"2019-04-03T19:52:30","guid":{"rendered":"https:\/\/amigafm.cl\/wp\/?p=3964"},"modified":"2019-04-03T19:52:30","modified_gmt":"2019-04-03T19:52:30","slug":"mas-de-7-mil-brigadistas-forestales-reciben-reconocimiento-publico-por-su-labor-en-combate-de-incendios","status":"publish","type":"post","link":"https:\/\/amigafm.cl\/wp\/mas-de-7-mil-brigadistas-forestales-reciben-reconocimiento-publico-por-su-labor-en-combate-de-incendios\/","title":{"rendered":"M\u00e1s de 7 mil brigadistas forestales reciben reconocimiento p\u00fablico por su labor en combate de incendios"},"content":{"rendered":"<div id=\"fb-root\"><\/div>\n<p><strong>\u00a0<\/strong><\/p>\n<p><strong><em>Durante la conmemoraci\u00f3n del D\u00eda del Brigadista Forestal, el ministro de Agricultura entreg\u00f3 un reconocimiento a una delegaci\u00f3n de brigadistas de las empresas Arauco, CMPC y Masisa, como s\u00edmbolo del aporte privado al combate de incendios en el pa\u00eds.<\/em><\/strong><\/p>\n<p>&nbsp;<\/p>\n<p>Los 2.500 brigadistas forestales que trabajan en empresas CORMA recibieron hoy un p\u00fablico reconocimiento por su labor en la conmemoraci\u00f3n del D\u00eda Nacional del Brigadista Forestal que cont\u00f3 con la participaci\u00f3n del ministro de Agricultura, Antonio Walker; el director ejecutivo de CONAF, Jos\u00e9 Manuel Rebolledo y el presidente de CORMA, Juan Jos\u00e9 Ugarte, en el Parque Metropolitano de Santiago.<\/p>\n<p>La ceremonia tuvo por objeto reconocer a los m\u00e1s de 7.000 brigadistas que operan en Chile y que forman parte de CONAF, empresas forestales y FF.AA. y recordar adem\u00e1s a los 71 brigadistas que han fallecido en el combate de incendios a lo largo de la historia de esta actividad en el pa\u00eds.<\/p>\n<p>Durante el acto, el ministro de Agricultura entreg\u00f3 un reconocimiento a una delegaci\u00f3n de brigadistas de las empresas Arauco, CMPC y Masisa, como s\u00edmbolo del aporte privado al combate de incendios en el pa\u00eds.<\/p>\n<p><img loading=\"lazy\" class=\"wp-image-3966 alignleft\" src=\"https:\/\/amigafm.cl\/wp\/wp-content\/uploads\/2019\/04\/Di\u0301a-del-Brigadista-5-573x365.jpg\" alt=\"\" width=\"381\" height=\"243\" \/><\/p>\n<p>Al hacer un balance de la temporada de incendios, el ministro Walker destac\u00f3 el trabajo de coordinaci\u00f3n p\u00fablico-privado con m\u00e1s de 10 instituciones que permiti\u00f3 al pa\u00eds contar con una in\u00e9dita flota a\u00e9rea de m\u00e1s de 100 aeronaves y una fuerza terrestre de 2.876 brigadistas de CONAF, 3.000 brigadistas de empresas de CORMA, y efectivos del Ej\u00e9rcito y Armada, y Cuerpos de Bomberos de todo el pa\u00eds.<\/p>\n<p>En l\u00ednea con lo anterior, el director ejecutivo de CONAF, Jos\u00e9 Manuel Rebolledo, indic\u00f3 que el trabajo conjunto de CONAF con CORMA, \u201ces una gran muestra de unidad y trabajo en equipo para ir en protecci\u00f3n directa de nuestra gente, sus viviendas y recursos naturales.\u00a0 Y en este sentido los brigadistas son un gran grupo humano que est\u00e1 ac\u00e1 por vocaci\u00f3n\u201d.<\/p>\n<p>El presidente de CORMA, Juan Jos\u00e9 Ugarte, por su parte, record\u00f3 que la temporada a\u00fan no ha termina y que subsisten las condiciones de peligro de incendios y que todav\u00eda se combaten del orden de 25 incendios diarios. \u201cPor ello, tenemos que mantener el apoyo y seguir trabajando en conjunto con todas las instituciones y comunidades que est\u00e1n organizadas, para que juntos tomemos todas las medidas y acciones tempranas que nos ayuden a evitarlos\u201d.<\/p>\n<p>Las empresas forestales han destinado esta temporada para la prevenci\u00f3n de incendios, una inversi\u00f3n de 84 millones de d\u00f3lares, 51 aeronaves, brigadistas altamente profesionales y capacitados y con una red de prevenci\u00f3n vecinal de 4.500 voluntarios. Adem\u00e1s, se han desarrollado 14.500 km de extensi\u00f3n en fajas de protecci\u00f3n entre la ciudad y los bosques, esto es, tres veces la distancia que hay entre Arica y Punta Arenas.<\/p>\n","protected":false},"excerpt":{"rendered":"<div class=\"mh-excerpt\"><p>\u00a0 Durante la conmemoraci\u00f3n del D\u00eda del Brigadista Forestal, el ministro de Agricultura entreg\u00f3 un reconocimiento a una delegaci\u00f3n de brigadistas de las empresas Arauco, CMPC y Masisa, como s\u00edmbolo <a class=\"mh-excerpt-more\" href=\"https:\/\/amigafm.cl\/wp\/mas-de-7-mil-brigadistas-forestales-reciben-reconocimiento-publico-por-su-labor-en-combate-de-incendios\/\" title=\"M\u00e1s de 7 mil brigadistas forestales reciben reconocimiento p\u00fablico por su labor en combate de incendios\">[&#8230;]<\/a><\/p>\n<\/div>","protected":false},"author":2,"featured_media":0,"comment_status":"closed","ping_status":"open","sticky":false,"template":"","format":"standard","meta":{"_joinchat":[]},"categories":[1],"tags":[],"yoast_head":"<!-- This site is optimized with the Yoast SEO plugin v19.13 - https:\/\/yoast.com\/wordpress\/plugins\/seo\/ -->\n<title>M\u00e1s de 7 mil brigadistas forestales reciben reconocimiento p\u00fablico por su labor en combate de incendios - Radio Amiga Fm PRIMERA SINTONIA EN LA COMUNA<\/title>\n<meta name=\"robots\" content=\"index, follow, max-snippet:-1, max-image-preview:large, max-video-preview:-1\" \/>\n<link rel=\"canonical\" href=\"https:\/\/amigafm.cl\/wp\/mas-de-7-mil-brigadistas-forestales-reciben-reconocimiento-publico-por-su-labor-en-combate-de-incendios\/\" \/>\n<meta property=\"og:locale\" content=\"es_ES\" \/>\n<meta property=\"og:type\" content=\"article\" \/>\n<meta property=\"og:title\" content=\"M\u00e1s de 7 mil brigadistas forestales reciben reconocimiento p\u00fablico por su labor en combate de incendios - Radio Amiga Fm PRIMERA SINTONIA EN LA COMUNA\" \/>\n<meta property=\"og:description\" content=\"\u00a0 Durante la conmemoraci\u00f3n del D\u00eda del Brigadista Forestal, el ministro de Agricultura entreg\u00f3 un reconocimiento a una delegaci\u00f3n de brigadistas de las empresas Arauco, CMPC y Masisa, como s\u00edmbolo [...]\" \/>\n<meta property=\"og:url\" content=\"https:\/\/amigafm.cl\/wp\/mas-de-7-mil-brigadistas-forestales-reciben-reconocimiento-publico-por-su-labor-en-combate-de-incendios\/\" \/>\n<meta property=\"og:site_name\" content=\"Radio Amiga Fm PRIMERA SINTONIA EN LA COMUNA\" \/>\n<meta property=\"article:publisher\" content=\"https:\/\/www.facebook.com\/Radio-Amiga-FM-1007-Calbuco-108101179295593\/\" \/>\n<meta property=\"article:published_time\" content=\"2019-04-03T19:52:30+00:00\" \/>\n<meta name=\"author\" content=\"Director\" \/>\n<meta name=\"twitter:card\" content=\"summary_large_image\" \/>\n<meta name=\"twitter:creator\" content=\"@radio_amiga\" \/>\n<meta name=\"twitter:site\" content=\"@radio_amiga\" \/>\n<meta name=\"twitter:label1\" content=\"Escrito por\" \/>\n\t<meta name=\"twitter:data1\" content=\"Director\" \/>\n\t<meta name=\"twitter:label2\" content=\"Tiempo de lectura\" \/>\n\t<meta name=\"twitter:data2\" content=\"2 minutos\" \/>\n<script type=\"application\/ld+json\" class=\"yoast-schema-graph\">{\"@context\":\"https:\/\/schema.org\",\"@graph\":[{\"@type\":\"Article\",\"@id\":\"https:\/\/amigafm.cl\/wp\/mas-de-7-mil-brigadistas-forestales-reciben-reconocimiento-publico-por-su-labor-en-combate-de-incendios\/#article\",\"isPartOf\":{\"@id\":\"https:\/\/amigafm.cl\/wp\/mas-de-7-mil-brigadistas-forestales-reciben-reconocimiento-publico-por-su-labor-en-combate-de-incendios\/\"},\"author\":{\"name\":\"Director\",\"@id\":\"https:\/\/amigafm.cl\/wp\/#\/schema\/person\/00f53fed00c368e199df9344ff3ee798\"},\"headline\":\"M\u00e1s de 7 mil brigadistas forestales reciben reconocimiento p\u00fablico por su labor en combate de incendios\",\"datePublished\":\"2019-04-03T19:52:30+00:00\",\"dateModified\":\"2019-04-03T19:52:30+00:00\",\"mainEntityOfPage\":{\"@id\":\"https:\/\/amigafm.cl\/wp\/mas-de-7-mil-brigadistas-forestales-reciben-reconocimiento-publico-por-su-labor-en-combate-de-incendios\/\"},\"wordCount\":498,\"publisher\":{\"@id\":\"https:\/\/amigafm.cl\/wp\/#organization\"},\"articleSection\":[\"NOTICIAS\"],\"inLanguage\":\"es\"},{\"@type\":\"WebPage\",\"@id\":\"https:\/\/amigafm.cl\/wp\/mas-de-7-mil-brigadistas-forestales-reciben-reconocimiento-publico-por-su-labor-en-combate-de-incendios\/\",\"url\":\"https:\/\/amigafm.cl\/wp\/mas-de-7-mil-brigadistas-forestales-reciben-reconocimiento-publico-por-su-labor-en-combate-de-incendios\/\",\"name\":\"M\u00e1s de 7 mil brigadistas forestales reciben reconocimiento p\u00fablico por su labor en combate de incendios - Radio Amiga Fm PRIMERA SINTONIA EN LA COMUNA\",\"isPartOf\":{\"@id\":\"https:\/\/amigafm.cl\/wp\/#website\"},\"datePublished\":\"2019-04-03T19:52:30+00:00\",\"dateModified\":\"2019-04-03T19:52:30+00:00\",\"breadcrumb\":{\"@id\":\"https:\/\/amigafm.cl\/wp\/mas-de-7-mil-brigadistas-forestales-reciben-reconocimiento-publico-por-su-labor-en-combate-de-incendios\/#breadcrumb\"},\"inLanguage\":\"es\",\"potentialAction\":[{\"@type\":\"ReadAction\",\"target\":[\"https:\/\/amigafm.cl\/wp\/mas-de-7-mil-brigadistas-forestales-reciben-reconocimiento-publico-por-su-labor-en-combate-de-incendios\/\"]}]},{\"@type\":\"BreadcrumbList\",\"@id\":\"https:\/\/amigafm.cl\/wp\/mas-de-7-mil-brigadistas-forestales-reciben-reconocimiento-publico-por-su-labor-en-combate-de-incendios\/#breadcrumb\",\"itemListElement\":[{\"@type\":\"ListItem\",\"position\":1,\"name\":\"Portada\",\"item\":\"https:\/\/amigafm.cl\/wp\/\"},{\"@type\":\"ListItem\",\"position\":2,\"name\":\"M\u00e1s de 7 mil brigadistas forestales reciben reconocimiento p\u00fablico por su labor en combate de incendios\"}]},{\"@type\":\"WebSite\",\"@id\":\"https:\/\/amigafm.cl\/wp\/#website\",\"url\":\"https:\/\/amigafm.cl\/wp\/\",\"name\":\"Radio Amiga Fm PRIMERA SINTONIA EN LA COMUNA\",\"description\":\"&quot;CONTAMOS LA VERDAD&quot;\",\"publisher\":{\"@id\":\"https:\/\/amigafm.cl\/wp\/#organization\"},\"potentialAction\":[{\"@type\":\"SearchAction\",\"target\":{\"@type\":\"EntryPoint\",\"urlTemplate\":\"https:\/\/amigafm.cl\/wp\/?s={search_term_string}\"},\"query-input\":\"required name=search_term_string\"}],\"inLanguage\":\"es\"},{\"@type\":\"Organization\",\"@id\":\"https:\/\/amigafm.cl\/wp\/#organization\",\"name\":\"Comvasquez Ltda\",\"url\":\"https:\/\/amigafm.cl\/wp\/\",\"logo\":{\"@type\":\"ImageObject\",\"inLanguage\":\"es\",\"@id\":\"https:\/\/amigafm.cl\/wp\/#\/schema\/logo\/image\/\",\"url\":\"https:\/\/amigafm.cl\/wp\/wp-content\/uploads\/2018\/04\/logocomvasquezltda-png.png\",\"contentUrl\":\"https:\/\/amigafm.cl\/wp\/wp-content\/uploads\/2018\/04\/logocomvasquezltda-png.png\",\"width\":1280,\"height\":514,\"caption\":\"Comvasquez Ltda\"},\"image\":{\"@id\":\"https:\/\/amigafm.cl\/wp\/#\/schema\/logo\/image\/\"},\"sameAs\":[\"https:\/\/www.facebook.com\/Radio-Amiga-FM-1007-Calbuco-108101179295593\/\",\"https:\/\/twitter.com\/radio_amiga\"]},{\"@type\":\"Person\",\"@id\":\"https:\/\/amigafm.cl\/wp\/#\/schema\/person\/00f53fed00c368e199df9344ff3ee798\",\"name\":\"Director\",\"sameAs\":[\"http:\/\/www.amigafm.cl\"],\"url\":\"https:\/\/amigafm.cl\/wp\/author\/director\/\"}]}<\/script>\n<!-- \/ Yoast SEO plugin. -->","yoast_head_json":{"title":"M\u00e1s de 7 mil brigadistas forestales reciben reconocimiento p\u00fablico por su labor en combate de incendios - Radio Amiga Fm PRIMERA SINTONIA EN LA COMUNA","robots":{"index":"index","follow":"follow","max-snippet":"max-snippet:-1","max-image-preview":"max-image-preview:large","max-video-preview":"max-video-preview:-1"},"canonical":"https:\/\/amigafm.cl\/wp\/mas-de-7-mil-brigadistas-forestales-reciben-reconocimiento-publico-por-su-labor-en-combate-de-incendios\/","og_locale":"es_ES","og_type":"article","og_title":"M\u00e1s de 7 mil brigadistas forestales reciben reconocimiento p\u00fablico por su labor en combate de incendios - Radio Amiga Fm PRIMERA SINTONIA EN LA COMUNA","og_description":"\u00a0 Durante la conmemoraci\u00f3n del D\u00eda del Brigadista Forestal, el ministro de Agricultura entreg\u00f3 un reconocimiento a una delegaci\u00f3n de brigadistas de las empresas Arauco, CMPC y Masisa, como s\u00edmbolo [...]","og_url":"https:\/\/amigafm.cl\/wp\/mas-de-7-mil-brigadistas-forestales-reciben-reconocimiento-publico-por-su-labor-en-combate-de-incendios\/","og_site_name":"Radio Amiga Fm PRIMERA SINTONIA EN LA COMUNA","article_publisher":"https:\/\/www.facebook.com\/Radio-Amiga-FM-1007-Calbuco-108101179295593\/","article_published_time":"2019-04-03T19:52:30+00:00","author":"Director","twitter_card":"summary_large_image","twitter_creator":"@radio_amiga","twitter_site":"@radio_amiga","twitter_misc":{"Escrito por":"Director","Tiempo de lectura":"2 minutos"},"schema":{"@context":"https:\/\/schema.org","@graph":[{"@type":"Article","@id":"https:\/\/amigafm.cl\/wp\/mas-de-7-mil-brigadistas-forestales-reciben-reconocimiento-publico-por-su-labor-en-combate-de-incendios\/#article","isPartOf":{"@id":"https:\/\/amigafm.cl\/wp\/mas-de-7-mil-brigadistas-forestales-reciben-reconocimiento-publico-por-su-labor-en-combate-de-incendios\/"},"author":{"name":"Director","@id":"https:\/\/amigafm.cl\/wp\/#\/schema\/person\/00f53fed00c368e199df9344ff3ee798"},"headline":"M\u00e1s de 7 mil brigadistas forestales reciben reconocimiento p\u00fablico por su labor en combate de incendios","datePublished":"2019-04-03T19:52:30+00:00","dateModified":"2019-04-03T19:52:30+00:00","mainEntityOfPage":{"@id":"https:\/\/amigafm.cl\/wp\/mas-de-7-mil-brigadistas-forestales-reciben-reconocimiento-publico-por-su-labor-en-combate-de-incendios\/"},"wordCount":498,"publisher":{"@id":"https:\/\/amigafm.cl\/wp\/#organization"},"articleSection":["NOTICIAS"],"inLanguage":"es"},{"@type":"WebPage","@id":"https:\/\/amigafm.cl\/wp\/mas-de-7-mil-brigadistas-forestales-reciben-reconocimiento-publico-por-su-labor-en-combate-de-incendios\/","url":"https:\/\/amigafm.cl\/wp\/mas-de-7-mil-brigadistas-forestales-reciben-reconocimiento-publico-por-su-labor-en-combate-de-incendios\/","name":"M\u00e1s de 7 mil brigadistas forestales reciben reconocimiento p\u00fablico por su labor en combate de incendios - Radio Amiga Fm PRIMERA SINTONIA EN LA COMUNA","isPartOf":{"@id":"https:\/\/amigafm.cl\/wp\/#website"},"datePublished":"2019-04-03T19:52:30+00:00","dateModified":"2019-04-03T19:52:30+00:00","breadcrumb":{"@id":"https:\/\/amigafm.cl\/wp\/mas-de-7-mil-brigadistas-forestales-reciben-reconocimiento-publico-por-su-labor-en-combate-de-incendios\/#breadcrumb"},"inLanguage":"es","potentialAction":[{"@type":"ReadAction","target":["https:\/\/amigafm.cl\/wp\/mas-de-7-mil-brigadistas-forestales-reciben-reconocimiento-publico-por-su-labor-en-combate-de-incendios\/"]}]},{"@type":"BreadcrumbList","@id":"https:\/\/amigafm.cl\/wp\/mas-de-7-mil-brigadistas-forestales-reciben-reconocimiento-publico-por-su-labor-en-combate-de-incendios\/#breadcrumb","itemListElement":[{"@type":"ListItem","position":1,"name":"Portada","item":"https:\/\/amigafm.cl\/wp\/"},{"@type":"ListItem","position":2,"name":"M\u00e1s de 7 mil brigadistas forestales reciben reconocimiento p\u00fablico por su labor en combate de incendios"}]},{"@type":"WebSite","@id":"https:\/\/amigafm.cl\/wp\/#website","url":"https:\/\/amigafm.cl\/wp\/","name":"Radio Amiga Fm PRIMERA SINTONIA EN LA COMUNA","description":"&quot;CONTAMOS LA VERDAD&quot;","publisher":{"@id":"https:\/\/amigafm.cl\/wp\/#organization"},"potentialAction":[{"@type":"SearchAction","target":{"@type":"EntryPoint","urlTemplate":"https:\/\/amigafm.cl\/wp\/?s={search_term_string}"},"query-input":"required name=search_term_string"}],"inLanguage":"es"},{"@type":"Organization","@id":"https:\/\/amigafm.cl\/wp\/#organization","name":"Comvasquez Ltda","url":"https:\/\/amigafm.cl\/wp\/","logo":{"@type":"ImageObject","inLanguage":"es","@id":"https:\/\/amigafm.cl\/wp\/#\/schema\/logo\/image\/","url":"https:\/\/amigafm.cl\/wp\/wp-content\/uploads\/2018\/04\/logocomvasquezltda-png.png","contentUrl":"https:\/\/amigafm.cl\/wp\/wp-content\/uploads\/2018\/04\/logocomvasquezltda-png.png","width":1280,"height":514,"caption":"Comvasquez Ltda"},"image":{"@id":"https:\/\/amigafm.cl\/wp\/#\/schema\/logo\/image\/"},"sameAs":["https:\/\/www.facebook.com\/Radio-Amiga-FM-1007-Calbuco-108101179295593\/","https:\/\/twitter.com\/radio_amiga"]},{"@type":"Person","@id":"https:\/\/amigafm.cl\/wp\/#\/schema\/person\/00f53fed00c368e199df9344ff3ee798","name":"Director","sameAs":["http:\/\/www.amigafm.cl"],"url":"https:\/\/amigafm.cl\/wp\/author\/director\/"}]}},"_links":{"self":[{"href":"https:\/\/amigafm.cl\/wp\/wp-json\/wp\/v2\/posts\/3964"}],"collection":[{"href":"https:\/\/amigafm.cl\/wp\/wp-json\/wp\/v2\/posts"}],"about":[{"href":"https:\/\/amigafm.cl\/wp\/wp-json\/wp\/v2\/types\/post"}],"author":[{"embeddable":true,"href":"https:\/\/amigafm.cl\/wp\/wp-json\/wp\/v2\/users\/2"}],"replies":[{"embeddable":true,"href":"https:\/\/amigafm.cl\/wp\/wp-json\/wp\/v2\/comments?post=3964"}],"version-history":[{"count":1,"href":"https:\/\/amigafm.cl\/wp\/wp-json\/wp\/v2\/posts\/3964\/revisions"}],"predecessor-version":[{"id":3967,"href":"https:\/\/amigafm.cl\/wp\/wp-json\/wp\/v2\/posts\/3964\/revisions\/3967"}],"wp:attachment":[{"href":"https:\/\/amigafm.cl\/wp\/wp-json\/wp\/v2\/media?parent=3964"}],"wp:term":[{"taxonomy":"category","embeddable":true,"href":"https:\/\/amigafm.cl\/wp\/wp-json\/wp\/v2\/categories?post=3964"},{"taxonomy":"post_tag","embeddable":true,"href":"https:\/\/amigafm.cl\/wp\/wp-json\/wp\/v2\/tags?post=3964"}],"curies":[{"name":"wp","href":"https:\/\/api.w.org\/{rel}","templated":true}]}}