{"id":3959,"date":"2019-04-03T19:34:08","date_gmt":"2019-04-03T19:34:08","guid":{"rendered":"https:\/\/amigafm.cl\/wp\/?p=3959"},"modified":"2019-04-03T19:34:08","modified_gmt":"2019-04-03T19:34:08","slug":"algas-pescados-y-mariscos-inundaran-de-sabor-el-festival-latinoamericano-de-cocina-nam","status":"publish","type":"post","link":"https:\/\/amigafm.cl\/wp\/algas-pescados-y-mariscos-inundaran-de-sabor-el-festival-latinoamericano-de-cocina-nam\/","title":{"rendered":"ALGAS, PESCADOS Y MARISCOS INUNDAR\u00c1N DE SABOR EL FESTIVAL LATINOAMERICANO DE COCINA \u00d1AM"},"content":{"rendered":"<div id=\"fb-root\"><\/div>\n<p>&nbsp;<\/p>\n<p>Fondo de Fomento para la Pesca Artesanal financia participaci\u00f3n de organizaciones de pesca y productores para promover el valor de la pesca, su riqueza y sabores<\/p>\n<p>&nbsp;<\/p>\n<p>Un picante arique\u00f1o que promete con locos, lapas y pulpo junto a todo el sabor de la llaita (alga altipl\u00e1nica del Lago Chungar\u00e1); un churrasco marino con pejerrey, lechuga, tomate y aj\u00ed verde en pan amasado directo del estuario del Rio Imperial en La Araucan\u00eda, y variedad de pescados, mariscos, moluscos y algas har\u00e1n parte de <strong>Caleta \u00d1am<\/strong> en la novena versi\u00f3n del Festival Latinoamericano de Cocina \u00d1am Santiago que bajo el lema \u201cCambiemos el mundo comiendo\u201d, arrana este jueves hasta el domingo 7 de abril en el Cerro Santa Luc\u00eda.<\/p>\n<p>Diecis\u00e9is son las organizaciones de pesca artesanal y productores del pa\u00eds seleccionados y patrocinados por el <strong>Fondo de Fomento para la Pesca Artesanal<\/strong> para asistir a esta cita. El prop\u00f3sito es aportar al mejoramiento de la comercializaci\u00f3n de recursos pesqueros y a que la ciudadan\u00eda reconozca el valor de la pesca artesanal, su riqueza y sabores, se\u00f1alan desde el fondo de fomento pesquero.<\/p>\n<p><strong>\u00a0<\/strong><strong>Algas, mariscos y pescados<\/strong><\/p>\n<p><img loading=\"lazy\" class=\"wp-image-3961 alignleft\" src=\"https:\/\/amigafm.cl\/wp\/wp-content\/uploads\/2019\/04\/MG_2036-548x365.jpg\" alt=\"\" width=\"359\" height=\"239\" \/><\/p>\n<p>En este contexto, diez organizaciones y productores artesanales ofrecer\u00e1n variedad de congelados y<\/p>\n<p>procesados en el stand Mercado de Caleta \u00d1am. Una de ellas ser\u00e1 el Sindicato de buzos, algueros y recolectores de Los Muermos (Los Lagos), que hace cuatro a\u00f1os agrega valor a las algas.<\/p>\n<p><strong>\u201cLlevaremos snack y conservas de cochayuyo, vinagreta de luche, lechuga de mar, rollitos secos de cochayuyo y mermeladas de cochayuyo con frutillas y frambuesas que cosechamos aqu\u00ed mismo. Las algas tienen magnesio, calcio, yodo, hierro, fierro, dicen que es mejor calcio que la leche, son buenas para la salud\u201d, comenta Noem\u00ed C\u00e1rcamo, socia del sindicato. <\/strong><\/p>\n<p>En el stand Cociner\u00edas los sabores de mar ir\u00e1n desde una ensalada saludable con salicornia (esp\u00e1rrago de mar), mariscos y pescados del sur hasta un pulpo al olivo con papas a la huanca\u00edna, lim\u00f3n de pica y aceituna de azapa de caleta Chanavayita, en Iquique, y un tradicional picante arique\u00f1o que ofrecer\u00e1 la \u00fanica mujer pescadora de caleta Altura, Claudia Soto, dedicada a la pesca de palometa, tiburones y albacora. <strong>\u201cEl picante se come mucho en el norte y espero tener una buena acogida, lo que m\u00e1s me motiva y nos gratifica como caleta es representar a Arica y la experiencia con otras culturas y preparaciones es estupenda para nosotros\u201d, se\u00f1ala.<\/strong><\/p>\n<p>Para cerrar la trilog\u00eda, un imperdible ser\u00e1 el stand Churrasquer\u00edas con tres versiones del tradicional churrasco marino con jurel, merluza o pejerrey que ofrecer\u00e1n las caletas La Herradura (Coquimbo), Maguillines (Maule) y Puerto Saavedra (La Araucan\u00eda).<\/p>\n<p>El festival de cocina \u00d1am es uno de los m\u00e1s importantes de Sudam\u00e9rica y los pescadores y pescadoras artesanales tendr\u00e1n en \u00e9l su propia caleta. + Info en <a href=\"http:\/\/www.\u00f1am.org\">www.\u00f1am.org<\/a><\/p>\n","protected":false},"excerpt":{"rendered":"<div class=\"mh-excerpt\"><p>&nbsp; Fondo de Fomento para la Pesca Artesanal financia participaci\u00f3n de organizaciones de pesca y productores para promover el valor de la pesca, su riqueza y sabores &nbsp; Un picante <a class=\"mh-excerpt-more\" href=\"https:\/\/amigafm.cl\/wp\/algas-pescados-y-mariscos-inundaran-de-sabor-el-festival-latinoamericano-de-cocina-nam\/\" title=\"ALGAS, PESCADOS Y MARISCOS INUNDAR\u00c1N DE SABOR EL FESTIVAL LATINOAMERICANO DE COCINA \u00d1AM\">[&#8230;]<\/a><\/p>\n<\/div>","protected":false},"author":2,"featured_media":0,"comment_status":"closed","ping_status":"open","sticky":false,"template":"","format":"standard","meta":{"_joinchat":[]},"categories":[1],"tags":[],"yoast_head":"<!-- This site is optimized with the Yoast SEO plugin v19.13 - https:\/\/yoast.com\/wordpress\/plugins\/seo\/ -->\n<title>ALGAS, PESCADOS Y MARISCOS INUNDAR\u00c1N DE SABOR EL FESTIVAL LATINOAMERICANO DE COCINA \u00d1AM - Radio Amiga Fm PRIMERA SINTONIA EN LA COMUNA<\/title>\n<meta name=\"robots\" content=\"index, follow, max-snippet:-1, max-image-preview:large, max-video-preview:-1\" \/>\n<link rel=\"canonical\" href=\"https:\/\/amigafm.cl\/wp\/algas-pescados-y-mariscos-inundaran-de-sabor-el-festival-latinoamericano-de-cocina-nam\/\" \/>\n<meta property=\"og:locale\" content=\"es_ES\" \/>\n<meta property=\"og:type\" content=\"article\" \/>\n<meta property=\"og:title\" content=\"ALGAS, PESCADOS Y MARISCOS INUNDAR\u00c1N DE SABOR EL FESTIVAL LATINOAMERICANO DE COCINA \u00d1AM - Radio Amiga Fm PRIMERA SINTONIA EN LA COMUNA\" \/>\n<meta property=\"og:description\" content=\"&nbsp; Fondo de Fomento para la Pesca Artesanal financia participaci\u00f3n de organizaciones de pesca y productores para promover el valor de la pesca, su riqueza y sabores &nbsp; Un picante [...]\" \/>\n<meta property=\"og:url\" content=\"https:\/\/amigafm.cl\/wp\/algas-pescados-y-mariscos-inundaran-de-sabor-el-festival-latinoamericano-de-cocina-nam\/\" \/>\n<meta property=\"og:site_name\" content=\"Radio Amiga Fm PRIMERA SINTONIA EN LA COMUNA\" \/>\n<meta property=\"article:publisher\" content=\"https:\/\/www.facebook.com\/Radio-Amiga-FM-1007-Calbuco-108101179295593\/\" \/>\n<meta property=\"article:published_time\" content=\"2019-04-03T19:34:08+00:00\" \/>\n<meta property=\"og:image\" content=\"https:\/\/amigafm.cl\/wp\/wp-content\/uploads\/2019\/04\/MG_2036-548x365.jpg\" \/>\n<meta name=\"author\" content=\"Director\" \/>\n<meta name=\"twitter:card\" content=\"summary_large_image\" \/>\n<meta name=\"twitter:creator\" content=\"@radio_amiga\" \/>\n<meta name=\"twitter:site\" content=\"@radio_amiga\" \/>\n<meta name=\"twitter:label1\" content=\"Escrito por\" \/>\n\t<meta name=\"twitter:data1\" content=\"Director\" \/>\n\t<meta name=\"twitter:label2\" content=\"Tiempo de lectura\" \/>\n\t<meta name=\"twitter:data2\" content=\"2 minutos\" \/>\n<script type=\"application\/ld+json\" class=\"yoast-schema-graph\">{\"@context\":\"https:\/\/schema.org\",\"@graph\":[{\"@type\":\"Article\",\"@id\":\"https:\/\/amigafm.cl\/wp\/algas-pescados-y-mariscos-inundaran-de-sabor-el-festival-latinoamericano-de-cocina-nam\/#article\",\"isPartOf\":{\"@id\":\"https:\/\/amigafm.cl\/wp\/algas-pescados-y-mariscos-inundaran-de-sabor-el-festival-latinoamericano-de-cocina-nam\/\"},\"author\":{\"name\":\"Director\",\"@id\":\"https:\/\/amigafm.cl\/wp\/#\/schema\/person\/00f53fed00c368e199df9344ff3ee798\"},\"headline\":\"ALGAS, PESCADOS Y MARISCOS INUNDAR\u00c1N DE SABOR EL FESTIVAL LATINOAMERICANO DE COCINA \u00d1AM\",\"datePublished\":\"2019-04-03T19:34:08+00:00\",\"dateModified\":\"2019-04-03T19:34:08+00:00\",\"mainEntityOfPage\":{\"@id\":\"https:\/\/amigafm.cl\/wp\/algas-pescados-y-mariscos-inundaran-de-sabor-el-festival-latinoamericano-de-cocina-nam\/\"},\"wordCount\":508,\"publisher\":{\"@id\":\"https:\/\/amigafm.cl\/wp\/#organization\"},\"articleSection\":[\"NOTICIAS\"],\"inLanguage\":\"es\"},{\"@type\":\"WebPage\",\"@id\":\"https:\/\/amigafm.cl\/wp\/algas-pescados-y-mariscos-inundaran-de-sabor-el-festival-latinoamericano-de-cocina-nam\/\",\"url\":\"https:\/\/amigafm.cl\/wp\/algas-pescados-y-mariscos-inundaran-de-sabor-el-festival-latinoamericano-de-cocina-nam\/\",\"name\":\"ALGAS, PESCADOS Y MARISCOS INUNDAR\u00c1N DE SABOR EL FESTIVAL LATINOAMERICANO DE COCINA \u00d1AM - Radio Amiga Fm PRIMERA SINTONIA EN LA COMUNA\",\"isPartOf\":{\"@id\":\"https:\/\/amigafm.cl\/wp\/#website\"},\"datePublished\":\"2019-04-03T19:34:08+00:00\",\"dateModified\":\"2019-04-03T19:34:08+00:00\",\"breadcrumb\":{\"@id\":\"https:\/\/amigafm.cl\/wp\/algas-pescados-y-mariscos-inundaran-de-sabor-el-festival-latinoamericano-de-cocina-nam\/#breadcrumb\"},\"inLanguage\":\"es\",\"potentialAction\":[{\"@type\":\"ReadAction\",\"target\":[\"https:\/\/amigafm.cl\/wp\/algas-pescados-y-mariscos-inundaran-de-sabor-el-festival-latinoamericano-de-cocina-nam\/\"]}]},{\"@type\":\"BreadcrumbList\",\"@id\":\"https:\/\/amigafm.cl\/wp\/algas-pescados-y-mariscos-inundaran-de-sabor-el-festival-latinoamericano-de-cocina-nam\/#breadcrumb\",\"itemListElement\":[{\"@type\":\"ListItem\",\"position\":1,\"name\":\"Portada\",\"item\":\"https:\/\/amigafm.cl\/wp\/\"},{\"@type\":\"ListItem\",\"position\":2,\"name\":\"ALGAS, PESCADOS Y MARISCOS INUNDAR\u00c1N DE SABOR EL FESTIVAL LATINOAMERICANO DE COCINA \u00d1AM\"}]},{\"@type\":\"WebSite\",\"@id\":\"https:\/\/amigafm.cl\/wp\/#website\",\"url\":\"https:\/\/amigafm.cl\/wp\/\",\"name\":\"Radio Amiga Fm PRIMERA SINTONIA EN LA COMUNA\",\"description\":\"&quot;CONTAMOS LA VERDAD&quot;\",\"publisher\":{\"@id\":\"https:\/\/amigafm.cl\/wp\/#organization\"},\"potentialAction\":[{\"@type\":\"SearchAction\",\"target\":{\"@type\":\"EntryPoint\",\"urlTemplate\":\"https:\/\/amigafm.cl\/wp\/?s={search_term_string}\"},\"query-input\":\"required name=search_term_string\"}],\"inLanguage\":\"es\"},{\"@type\":\"Organization\",\"@id\":\"https:\/\/amigafm.cl\/wp\/#organization\",\"name\":\"Comvasquez Ltda\",\"url\":\"https:\/\/amigafm.cl\/wp\/\",\"logo\":{\"@type\":\"ImageObject\",\"inLanguage\":\"es\",\"@id\":\"https:\/\/amigafm.cl\/wp\/#\/schema\/logo\/image\/\",\"url\":\"https:\/\/amigafm.cl\/wp\/wp-content\/uploads\/2018\/04\/logocomvasquezltda-png.png\",\"contentUrl\":\"https:\/\/amigafm.cl\/wp\/wp-content\/uploads\/2018\/04\/logocomvasquezltda-png.png\",\"width\":1280,\"height\":514,\"caption\":\"Comvasquez Ltda\"},\"image\":{\"@id\":\"https:\/\/amigafm.cl\/wp\/#\/schema\/logo\/image\/\"},\"sameAs\":[\"https:\/\/www.facebook.com\/Radio-Amiga-FM-1007-Calbuco-108101179295593\/\",\"https:\/\/twitter.com\/radio_amiga\"]},{\"@type\":\"Person\",\"@id\":\"https:\/\/amigafm.cl\/wp\/#\/schema\/person\/00f53fed00c368e199df9344ff3ee798\",\"name\":\"Director\",\"sameAs\":[\"http:\/\/www.amigafm.cl\"],\"url\":\"https:\/\/amigafm.cl\/wp\/author\/director\/\"}]}<\/script>\n<!-- \/ Yoast SEO plugin. -->","yoast_head_json":{"title":"ALGAS, PESCADOS Y MARISCOS INUNDAR\u00c1N DE SABOR EL FESTIVAL LATINOAMERICANO DE COCINA \u00d1AM - Radio Amiga Fm PRIMERA SINTONIA EN LA COMUNA","robots":{"index":"index","follow":"follow","max-snippet":"max-snippet:-1","max-image-preview":"max-image-preview:large","max-video-preview":"max-video-preview:-1"},"canonical":"https:\/\/amigafm.cl\/wp\/algas-pescados-y-mariscos-inundaran-de-sabor-el-festival-latinoamericano-de-cocina-nam\/","og_locale":"es_ES","og_type":"article","og_title":"ALGAS, PESCADOS Y MARISCOS INUNDAR\u00c1N DE SABOR EL FESTIVAL LATINOAMERICANO DE COCINA \u00d1AM - Radio Amiga Fm PRIMERA SINTONIA EN LA COMUNA","og_description":"&nbsp; Fondo de Fomento para la Pesca Artesanal financia participaci\u00f3n de organizaciones de pesca y productores para promover el valor de la pesca, su riqueza y sabores &nbsp; Un picante [...]","og_url":"https:\/\/amigafm.cl\/wp\/algas-pescados-y-mariscos-inundaran-de-sabor-el-festival-latinoamericano-de-cocina-nam\/","og_site_name":"Radio Amiga Fm PRIMERA SINTONIA EN LA COMUNA","article_publisher":"https:\/\/www.facebook.com\/Radio-Amiga-FM-1007-Calbuco-108101179295593\/","article_published_time":"2019-04-03T19:34:08+00:00","og_image":[{"url":"https:\/\/amigafm.cl\/wp\/wp-content\/uploads\/2019\/04\/MG_2036-548x365.jpg"}],"author":"Director","twitter_card":"summary_large_image","twitter_creator":"@radio_amiga","twitter_site":"@radio_amiga","twitter_misc":{"Escrito por":"Director","Tiempo de lectura":"2 minutos"},"schema":{"@context":"https:\/\/schema.org","@graph":[{"@type":"Article","@id":"https:\/\/amigafm.cl\/wp\/algas-pescados-y-mariscos-inundaran-de-sabor-el-festival-latinoamericano-de-cocina-nam\/#article","isPartOf":{"@id":"https:\/\/amigafm.cl\/wp\/algas-pescados-y-mariscos-inundaran-de-sabor-el-festival-latinoamericano-de-cocina-nam\/"},"author":{"name":"Director","@id":"https:\/\/amigafm.cl\/wp\/#\/schema\/person\/00f53fed00c368e199df9344ff3ee798"},"headline":"ALGAS, PESCADOS Y MARISCOS INUNDAR\u00c1N DE SABOR EL FESTIVAL LATINOAMERICANO DE COCINA \u00d1AM","datePublished":"2019-04-03T19:34:08+00:00","dateModified":"2019-04-03T19:34:08+00:00","mainEntityOfPage":{"@id":"https:\/\/amigafm.cl\/wp\/algas-pescados-y-mariscos-inundaran-de-sabor-el-festival-latinoamericano-de-cocina-nam\/"},"wordCount":508,"publisher":{"@id":"https:\/\/amigafm.cl\/wp\/#organization"},"articleSection":["NOTICIAS"],"inLanguage":"es"},{"@type":"WebPage","@id":"https:\/\/amigafm.cl\/wp\/algas-pescados-y-mariscos-inundaran-de-sabor-el-festival-latinoamericano-de-cocina-nam\/","url":"https:\/\/amigafm.cl\/wp\/algas-pescados-y-mariscos-inundaran-de-sabor-el-festival-latinoamericano-de-cocina-nam\/","name":"ALGAS, PESCADOS Y MARISCOS INUNDAR\u00c1N DE SABOR EL FESTIVAL LATINOAMERICANO DE COCINA \u00d1AM - Radio Amiga Fm PRIMERA SINTONIA EN LA COMUNA","isPartOf":{"@id":"https:\/\/amigafm.cl\/wp\/#website"},"datePublished":"2019-04-03T19:34:08+00:00","dateModified":"2019-04-03T19:34:08+00:00","breadcrumb":{"@id":"https:\/\/amigafm.cl\/wp\/algas-pescados-y-mariscos-inundaran-de-sabor-el-festival-latinoamericano-de-cocina-nam\/#breadcrumb"},"inLanguage":"es","potentialAction":[{"@type":"ReadAction","target":["https:\/\/amigafm.cl\/wp\/algas-pescados-y-mariscos-inundaran-de-sabor-el-festival-latinoamericano-de-cocina-nam\/"]}]},{"@type":"BreadcrumbList","@id":"https:\/\/amigafm.cl\/wp\/algas-pescados-y-mariscos-inundaran-de-sabor-el-festival-latinoamericano-de-cocina-nam\/#breadcrumb","itemListElement":[{"@type":"ListItem","position":1,"name":"Portada","item":"https:\/\/amigafm.cl\/wp\/"},{"@type":"ListItem","position":2,"name":"ALGAS, PESCADOS Y MARISCOS INUNDAR\u00c1N DE SABOR EL FESTIVAL LATINOAMERICANO DE COCINA \u00d1AM"}]},{"@type":"WebSite","@id":"https:\/\/amigafm.cl\/wp\/#website","url":"https:\/\/amigafm.cl\/wp\/","name":"Radio Amiga Fm PRIMERA SINTONIA EN LA COMUNA","description":"&quot;CONTAMOS LA VERDAD&quot;","publisher":{"@id":"https:\/\/amigafm.cl\/wp\/#organization"},"potentialAction":[{"@type":"SearchAction","target":{"@type":"EntryPoint","urlTemplate":"https:\/\/amigafm.cl\/wp\/?s={search_term_string}"},"query-input":"required name=search_term_string"}],"inLanguage":"es"},{"@type":"Organization","@id":"https:\/\/amigafm.cl\/wp\/#organization","name":"Comvasquez Ltda","url":"https:\/\/amigafm.cl\/wp\/","logo":{"@type":"ImageObject","inLanguage":"es","@id":"https:\/\/amigafm.cl\/wp\/#\/schema\/logo\/image\/","url":"https:\/\/amigafm.cl\/wp\/wp-content\/uploads\/2018\/04\/logocomvasquezltda-png.png","contentUrl":"https:\/\/amigafm.cl\/wp\/wp-content\/uploads\/2018\/04\/logocomvasquezltda-png.png","width":1280,"height":514,"caption":"Comvasquez Ltda"},"image":{"@id":"https:\/\/amigafm.cl\/wp\/#\/schema\/logo\/image\/"},"sameAs":["https:\/\/www.facebook.com\/Radio-Amiga-FM-1007-Calbuco-108101179295593\/","https:\/\/twitter.com\/radio_amiga"]},{"@type":"Person","@id":"https:\/\/amigafm.cl\/wp\/#\/schema\/person\/00f53fed00c368e199df9344ff3ee798","name":"Director","sameAs":["http:\/\/www.amigafm.cl"],"url":"https:\/\/amigafm.cl\/wp\/author\/director\/"}]}},"_links":{"self":[{"href":"https:\/\/amigafm.cl\/wp\/wp-json\/wp\/v2\/posts\/3959"}],"collection":[{"href":"https:\/\/amigafm.cl\/wp\/wp-json\/wp\/v2\/posts"}],"about":[{"href":"https:\/\/amigafm.cl\/wp\/wp-json\/wp\/v2\/types\/post"}],"author":[{"embeddable":true,"href":"https:\/\/amigafm.cl\/wp\/wp-json\/wp\/v2\/users\/2"}],"replies":[{"embeddable":true,"href":"https:\/\/amigafm.cl\/wp\/wp-json\/wp\/v2\/comments?post=3959"}],"version-history":[{"count":1,"href":"https:\/\/amigafm.cl\/wp\/wp-json\/wp\/v2\/posts\/3959\/revisions"}],"predecessor-version":[{"id":3962,"href":"https:\/\/amigafm.cl\/wp\/wp-json\/wp\/v2\/posts\/3959\/revisions\/3962"}],"wp:attachment":[{"href":"https:\/\/amigafm.cl\/wp\/wp-json\/wp\/v2\/media?parent=3959"}],"wp:term":[{"taxonomy":"category","embeddable":true,"href":"https:\/\/amigafm.cl\/wp\/wp-json\/wp\/v2\/categories?post=3959"},{"taxonomy":"post_tag","embeddable":true,"href":"https:\/\/amigafm.cl\/wp\/wp-json\/wp\/v2\/tags?post=3959"}],"curies":[{"name":"wp","href":"https:\/\/api.w.org\/{rel}","templated":true}]}}