{"id":3724,"date":"2019-02-06T14:29:27","date_gmt":"2019-02-06T14:29:27","guid":{"rendered":"https:\/\/amigafm.cl\/wp\/?p=3724"},"modified":"2019-02-06T14:29:27","modified_gmt":"2019-02-06T14:29:27","slug":"bombero-que-resulto-gravemente-herido-en-puerto-montt-recibio-visita-de-autoridades","status":"publish","type":"post","link":"https:\/\/amigafm.cl\/wp\/bombero-que-resulto-gravemente-herido-en-puerto-montt-recibio-visita-de-autoridades\/","title":{"rendered":"Bombero que result\u00f3 gravemente herido en Puerto Montt recibi\u00f3 visita de autoridades"},"content":{"rendered":"<div id=\"fb-root\"><\/div>\n<p><strong><em>Desde el Hospital de Puerto Montt informaron que \u201ceste martes 5 de febrero se realiz\u00f3 una intervenci\u00f3n quir\u00fargica de Nicol\u00e1s Gomez Ojeda, de 21 a\u00f1os, accidentado mientras combat\u00eda un incendio. Se encuentra en recuperaci\u00f3n, en estado estable\u201d.<\/em><\/strong><\/p>\n<p>El Intendente Regional de Los Lagos, Harry J\u00fcrgensen, junto a la seremi de Salud, Scarlett Molt, visit\u00f3 a Nicol\u00e1s Gomez,<strong>\u00a0joven voluntario de la Cuarta Compa\u00f1\u00eda de Bomberos de Puerto Montt, que result\u00f3 gravemente herido<\/strong>\u00a0tras combatir\u00a0un incendio en el sector de Senda Sur.<\/p>\n<p>Seg\u00fan el Cuerpo de Bomberos de Puerto Montt, en momento en que se retiraban este domingo del sector del incendio forestal, su unidad se accident\u00f3 en un viraje, sali\u00e9ndose del camino y cayendo a una zanja. Lamentablemente, tras la ca\u00edda del veh\u00edculo \u00e9ste colision\u00f3 a un autom\u00f3vil menor que termin\u00f3 atropellando al voluntario G\u00f3mez.<\/p>\n<p>El Jefe Regional asegur\u00f3 que \u201cestuvimos con la mam\u00e1 y el pap\u00e1 d\u00e1ndoles fuerza, \u00e9l estaba combatiendo el fuego, tenemos mucho fuego que combatir y necesitamos a nuestros bomberos, y Nicol\u00e1s es un ejemplo de ellos por eso quisimos destacarlos, apoyarlo, estar con \u00e9l y con sus padres, en este dif\u00edcil momento, pero es joven y va a salir adelante\u201d.<\/p>\n<p>Asimismo resalt\u00f3 que Nicol\u00e1s \u201cest\u00e1 consciente, convers\u00e9 con \u00e9l, se alegr\u00f3 con la visita y la agradeci\u00f3 mucho, sabe que el estado en que est\u00e1, no tiene dolores, siente bien, pero sabe que est\u00e1 en una situaci\u00f3n complicada, est\u00e1 muy agradecido de la atenci\u00f3n profesional que ha recibido en este hospital, nos agradeci\u00f3 muchas veces porque se siente muy bien atendido y acompa\u00f1ado, as\u00ed que va a salir adelante\u201d.<\/p>\n<p>Por su parte Rodrigo \u00c1lvarez, superintendente de Bomberos manifest\u00f3 que \u201cestamos en todo el proceso de investigaci\u00f3n de la circunstancia en que ocurri\u00f3 este lamentablemente accidente, mientras atend\u00edamos el incendio forestal en el sector Senda Sur, as\u00ed que est\u00e1 todo activado, conversamos con la seremi de salud, intendente y la directora del hospital, y est\u00e1n todas las condiciones para que Nicol\u00e1s se trate ac\u00e1 y se intervenga quir\u00fargicamente. Agradecemos la preocupaci\u00f3n de la comunidad y de las autoridades que no est\u00e1n acompa\u00f1ando, sabiendo que el Cuerpo de Bomberos de Puerto Montt sigue estando al servicio de la comuna y de la regi\u00f3n, ante todas estas emergencias que estamos viviendo\u201d.<\/p>\n<p>Finalmente Sebasti\u00e1n Sep\u00falveda, traumat\u00f3logo record\u00f3 que le toc\u00f3 recibir personalmente a Nicol\u00e1s \u201cingreso en estado grave con una fractura de pelvis, ingres\u00f3 poli-traumatizado, adem\u00e1s un trauma abdominal cerrado. \u00c9l ingres\u00f3 al reanimador en estado grave de salud, se manej\u00f3 con fluidos y trasfusiones sangu\u00edneas, y dentro del estudio imagineol\u00f3gico lo principal que destaca y por lo cual se mantiene en cuidado es su fractura de pelvis la cual afortunadamente se ha mantenido sin grandes cambios\u201d.<\/p>\n<p>Agreg\u00f3 que \u201cla recuperaci\u00f3n es larga, las fracturas de pelvis generalmente requieren de por lo menos de dos meses para la consolidaci\u00f3n del hueso, pero el tratamiento a largo podemos pensar en 6 meses para que ya pueda estar mejor y caminar normalmente, la idea es que \u00e9l pueda desarrollar sus actividades normales como bombero\u201d.<\/p>\n<p>Desde el Hospital de Puerto Montt informaron que \u201ceste martes 5 de febrero se realiz\u00f3 una intervenci\u00f3n quir\u00fargica del bombero que se accidento mientras combat\u00eda un incendio. Nicol\u00e1s G\u00f3mez Ojeda, 21 a\u00f1os. La cirug\u00eda estuvo a cargo del especialista traumat\u00f3logo de caderas, Andr\u00e9s Bernardin. Durante la intervenci\u00f3n se coloc\u00f3 un fijador externo para estabilizar la pelvis y luego tornillos sacroiliacos a ambos lados. Se transfundi\u00f3 antes y durante la cirug\u00eda. Se encuentra en recuperaci\u00f3n, estable\u201d.<\/p>\n","protected":false},"excerpt":{"rendered":"<div class=\"mh-excerpt\"><p>Desde el Hospital de Puerto Montt informaron que \u201ceste martes 5 de febrero se realiz\u00f3 una intervenci\u00f3n quir\u00fargica de Nicol\u00e1s Gomez Ojeda, de 21 a\u00f1os, accidentado mientras combat\u00eda un incendio. <a class=\"mh-excerpt-more\" href=\"https:\/\/amigafm.cl\/wp\/bombero-que-resulto-gravemente-herido-en-puerto-montt-recibio-visita-de-autoridades\/\" title=\"Bombero que result\u00f3 gravemente herido en Puerto Montt recibi\u00f3 visita de autoridades\">[&#8230;]<\/a><\/p>\n<\/div>","protected":false},"author":2,"featured_media":0,"comment_status":"closed","ping_status":"open","sticky":false,"template":"","format":"standard","meta":{"_joinchat":[]},"categories":[1],"tags":[],"yoast_head":"<!-- This site is optimized with the Yoast SEO plugin v19.13 - https:\/\/yoast.com\/wordpress\/plugins\/seo\/ -->\n<title>Bombero que result\u00f3 gravemente herido en Puerto Montt recibi\u00f3 visita de autoridades - Radio Amiga Fm PRIMERA SINTONIA EN LA COMUNA<\/title>\n<meta name=\"robots\" content=\"index, follow, max-snippet:-1, max-image-preview:large, max-video-preview:-1\" \/>\n<link rel=\"canonical\" href=\"https:\/\/amigafm.cl\/wp\/bombero-que-resulto-gravemente-herido-en-puerto-montt-recibio-visita-de-autoridades\/\" \/>\n<meta property=\"og:locale\" content=\"es_ES\" \/>\n<meta property=\"og:type\" content=\"article\" \/>\n<meta property=\"og:title\" content=\"Bombero que result\u00f3 gravemente herido en Puerto Montt recibi\u00f3 visita de autoridades - Radio Amiga Fm PRIMERA SINTONIA EN LA COMUNA\" \/>\n<meta property=\"og:description\" content=\"Desde el Hospital de Puerto Montt informaron que \u201ceste martes 5 de febrero se realiz\u00f3 una intervenci\u00f3n quir\u00fargica de Nicol\u00e1s Gomez Ojeda, de 21 a\u00f1os, accidentado mientras combat\u00eda un incendio. [...]\" \/>\n<meta property=\"og:url\" content=\"https:\/\/amigafm.cl\/wp\/bombero-que-resulto-gravemente-herido-en-puerto-montt-recibio-visita-de-autoridades\/\" \/>\n<meta property=\"og:site_name\" content=\"Radio Amiga Fm PRIMERA SINTONIA EN LA COMUNA\" \/>\n<meta property=\"article:publisher\" content=\"https:\/\/www.facebook.com\/Radio-Amiga-FM-1007-Calbuco-108101179295593\/\" \/>\n<meta property=\"article:published_time\" content=\"2019-02-06T14:29:27+00:00\" \/>\n<meta name=\"author\" content=\"Director\" \/>\n<meta name=\"twitter:card\" content=\"summary_large_image\" \/>\n<meta name=\"twitter:creator\" content=\"@radio_amiga\" \/>\n<meta name=\"twitter:site\" content=\"@radio_amiga\" \/>\n<meta name=\"twitter:label1\" content=\"Escrito por\" \/>\n\t<meta name=\"twitter:data1\" content=\"Director\" \/>\n\t<meta name=\"twitter:label2\" content=\"Tiempo de lectura\" \/>\n\t<meta name=\"twitter:data2\" content=\"3 minutos\" \/>\n<script type=\"application\/ld+json\" class=\"yoast-schema-graph\">{\"@context\":\"https:\/\/schema.org\",\"@graph\":[{\"@type\":\"Article\",\"@id\":\"https:\/\/amigafm.cl\/wp\/bombero-que-resulto-gravemente-herido-en-puerto-montt-recibio-visita-de-autoridades\/#article\",\"isPartOf\":{\"@id\":\"https:\/\/amigafm.cl\/wp\/bombero-que-resulto-gravemente-herido-en-puerto-montt-recibio-visita-de-autoridades\/\"},\"author\":{\"name\":\"Director\",\"@id\":\"https:\/\/amigafm.cl\/wp\/#\/schema\/person\/00f53fed00c368e199df9344ff3ee798\"},\"headline\":\"Bombero que result\u00f3 gravemente herido en Puerto Montt recibi\u00f3 visita de autoridades\",\"datePublished\":\"2019-02-06T14:29:27+00:00\",\"dateModified\":\"2019-02-06T14:29:27+00:00\",\"mainEntityOfPage\":{\"@id\":\"https:\/\/amigafm.cl\/wp\/bombero-que-resulto-gravemente-herido-en-puerto-montt-recibio-visita-de-autoridades\/\"},\"wordCount\":638,\"publisher\":{\"@id\":\"https:\/\/amigafm.cl\/wp\/#organization\"},\"articleSection\":[\"NOTICIAS\"],\"inLanguage\":\"es\"},{\"@type\":\"WebPage\",\"@id\":\"https:\/\/amigafm.cl\/wp\/bombero-que-resulto-gravemente-herido-en-puerto-montt-recibio-visita-de-autoridades\/\",\"url\":\"https:\/\/amigafm.cl\/wp\/bombero-que-resulto-gravemente-herido-en-puerto-montt-recibio-visita-de-autoridades\/\",\"name\":\"Bombero que result\u00f3 gravemente herido en Puerto Montt recibi\u00f3 visita de autoridades - Radio Amiga Fm PRIMERA SINTONIA EN LA COMUNA\",\"isPartOf\":{\"@id\":\"https:\/\/amigafm.cl\/wp\/#website\"},\"datePublished\":\"2019-02-06T14:29:27+00:00\",\"dateModified\":\"2019-02-06T14:29:27+00:00\",\"breadcrumb\":{\"@id\":\"https:\/\/amigafm.cl\/wp\/bombero-que-resulto-gravemente-herido-en-puerto-montt-recibio-visita-de-autoridades\/#breadcrumb\"},\"inLanguage\":\"es\",\"potentialAction\":[{\"@type\":\"ReadAction\",\"target\":[\"https:\/\/amigafm.cl\/wp\/bombero-que-resulto-gravemente-herido-en-puerto-montt-recibio-visita-de-autoridades\/\"]}]},{\"@type\":\"BreadcrumbList\",\"@id\":\"https:\/\/amigafm.cl\/wp\/bombero-que-resulto-gravemente-herido-en-puerto-montt-recibio-visita-de-autoridades\/#breadcrumb\",\"itemListElement\":[{\"@type\":\"ListItem\",\"position\":1,\"name\":\"Portada\",\"item\":\"https:\/\/amigafm.cl\/wp\/\"},{\"@type\":\"ListItem\",\"position\":2,\"name\":\"Bombero que result\u00f3 gravemente herido en Puerto Montt recibi\u00f3 visita de autoridades\"}]},{\"@type\":\"WebSite\",\"@id\":\"https:\/\/amigafm.cl\/wp\/#website\",\"url\":\"https:\/\/amigafm.cl\/wp\/\",\"name\":\"Radio Amiga Fm PRIMERA SINTONIA EN LA COMUNA\",\"description\":\"&quot;CONTAMOS LA VERDAD&quot;\",\"publisher\":{\"@id\":\"https:\/\/amigafm.cl\/wp\/#organization\"},\"potentialAction\":[{\"@type\":\"SearchAction\",\"target\":{\"@type\":\"EntryPoint\",\"urlTemplate\":\"https:\/\/amigafm.cl\/wp\/?s={search_term_string}\"},\"query-input\":\"required name=search_term_string\"}],\"inLanguage\":\"es\"},{\"@type\":\"Organization\",\"@id\":\"https:\/\/amigafm.cl\/wp\/#organization\",\"name\":\"Comvasquez Ltda\",\"url\":\"https:\/\/amigafm.cl\/wp\/\",\"logo\":{\"@type\":\"ImageObject\",\"inLanguage\":\"es\",\"@id\":\"https:\/\/amigafm.cl\/wp\/#\/schema\/logo\/image\/\",\"url\":\"https:\/\/amigafm.cl\/wp\/wp-content\/uploads\/2018\/04\/logocomvasquezltda-png.png\",\"contentUrl\":\"https:\/\/amigafm.cl\/wp\/wp-content\/uploads\/2018\/04\/logocomvasquezltda-png.png\",\"width\":1280,\"height\":514,\"caption\":\"Comvasquez Ltda\"},\"image\":{\"@id\":\"https:\/\/amigafm.cl\/wp\/#\/schema\/logo\/image\/\"},\"sameAs\":[\"https:\/\/www.facebook.com\/Radio-Amiga-FM-1007-Calbuco-108101179295593\/\",\"https:\/\/twitter.com\/radio_amiga\"]},{\"@type\":\"Person\",\"@id\":\"https:\/\/amigafm.cl\/wp\/#\/schema\/person\/00f53fed00c368e199df9344ff3ee798\",\"name\":\"Director\",\"sameAs\":[\"http:\/\/www.amigafm.cl\"],\"url\":\"https:\/\/amigafm.cl\/wp\/author\/director\/\"}]}<\/script>\n<!-- \/ Yoast SEO plugin. -->","yoast_head_json":{"title":"Bombero que result\u00f3 gravemente herido en Puerto Montt recibi\u00f3 visita de autoridades - Radio Amiga Fm PRIMERA SINTONIA EN LA COMUNA","robots":{"index":"index","follow":"follow","max-snippet":"max-snippet:-1","max-image-preview":"max-image-preview:large","max-video-preview":"max-video-preview:-1"},"canonical":"https:\/\/amigafm.cl\/wp\/bombero-que-resulto-gravemente-herido-en-puerto-montt-recibio-visita-de-autoridades\/","og_locale":"es_ES","og_type":"article","og_title":"Bombero que result\u00f3 gravemente herido en Puerto Montt recibi\u00f3 visita de autoridades - Radio Amiga Fm PRIMERA SINTONIA EN LA COMUNA","og_description":"Desde el Hospital de Puerto Montt informaron que \u201ceste martes 5 de febrero se realiz\u00f3 una intervenci\u00f3n quir\u00fargica de Nicol\u00e1s Gomez Ojeda, de 21 a\u00f1os, accidentado mientras combat\u00eda un incendio. [...]","og_url":"https:\/\/amigafm.cl\/wp\/bombero-que-resulto-gravemente-herido-en-puerto-montt-recibio-visita-de-autoridades\/","og_site_name":"Radio Amiga Fm PRIMERA SINTONIA EN LA COMUNA","article_publisher":"https:\/\/www.facebook.com\/Radio-Amiga-FM-1007-Calbuco-108101179295593\/","article_published_time":"2019-02-06T14:29:27+00:00","author":"Director","twitter_card":"summary_large_image","twitter_creator":"@radio_amiga","twitter_site":"@radio_amiga","twitter_misc":{"Escrito por":"Director","Tiempo de lectura":"3 minutos"},"schema":{"@context":"https:\/\/schema.org","@graph":[{"@type":"Article","@id":"https:\/\/amigafm.cl\/wp\/bombero-que-resulto-gravemente-herido-en-puerto-montt-recibio-visita-de-autoridades\/#article","isPartOf":{"@id":"https:\/\/amigafm.cl\/wp\/bombero-que-resulto-gravemente-herido-en-puerto-montt-recibio-visita-de-autoridades\/"},"author":{"name":"Director","@id":"https:\/\/amigafm.cl\/wp\/#\/schema\/person\/00f53fed00c368e199df9344ff3ee798"},"headline":"Bombero que result\u00f3 gravemente herido en Puerto Montt recibi\u00f3 visita de autoridades","datePublished":"2019-02-06T14:29:27+00:00","dateModified":"2019-02-06T14:29:27+00:00","mainEntityOfPage":{"@id":"https:\/\/amigafm.cl\/wp\/bombero-que-resulto-gravemente-herido-en-puerto-montt-recibio-visita-de-autoridades\/"},"wordCount":638,"publisher":{"@id":"https:\/\/amigafm.cl\/wp\/#organization"},"articleSection":["NOTICIAS"],"inLanguage":"es"},{"@type":"WebPage","@id":"https:\/\/amigafm.cl\/wp\/bombero-que-resulto-gravemente-herido-en-puerto-montt-recibio-visita-de-autoridades\/","url":"https:\/\/amigafm.cl\/wp\/bombero-que-resulto-gravemente-herido-en-puerto-montt-recibio-visita-de-autoridades\/","name":"Bombero que result\u00f3 gravemente herido en Puerto Montt recibi\u00f3 visita de autoridades - Radio Amiga Fm PRIMERA SINTONIA EN LA COMUNA","isPartOf":{"@id":"https:\/\/amigafm.cl\/wp\/#website"},"datePublished":"2019-02-06T14:29:27+00:00","dateModified":"2019-02-06T14:29:27+00:00","breadcrumb":{"@id":"https:\/\/amigafm.cl\/wp\/bombero-que-resulto-gravemente-herido-en-puerto-montt-recibio-visita-de-autoridades\/#breadcrumb"},"inLanguage":"es","potentialAction":[{"@type":"ReadAction","target":["https:\/\/amigafm.cl\/wp\/bombero-que-resulto-gravemente-herido-en-puerto-montt-recibio-visita-de-autoridades\/"]}]},{"@type":"BreadcrumbList","@id":"https:\/\/amigafm.cl\/wp\/bombero-que-resulto-gravemente-herido-en-puerto-montt-recibio-visita-de-autoridades\/#breadcrumb","itemListElement":[{"@type":"ListItem","position":1,"name":"Portada","item":"https:\/\/amigafm.cl\/wp\/"},{"@type":"ListItem","position":2,"name":"Bombero que result\u00f3 gravemente herido en Puerto Montt recibi\u00f3 visita de autoridades"}]},{"@type":"WebSite","@id":"https:\/\/amigafm.cl\/wp\/#website","url":"https:\/\/amigafm.cl\/wp\/","name":"Radio Amiga Fm PRIMERA SINTONIA EN LA COMUNA","description":"&quot;CONTAMOS LA VERDAD&quot;","publisher":{"@id":"https:\/\/amigafm.cl\/wp\/#organization"},"potentialAction":[{"@type":"SearchAction","target":{"@type":"EntryPoint","urlTemplate":"https:\/\/amigafm.cl\/wp\/?s={search_term_string}"},"query-input":"required name=search_term_string"}],"inLanguage":"es"},{"@type":"Organization","@id":"https:\/\/amigafm.cl\/wp\/#organization","name":"Comvasquez Ltda","url":"https:\/\/amigafm.cl\/wp\/","logo":{"@type":"ImageObject","inLanguage":"es","@id":"https:\/\/amigafm.cl\/wp\/#\/schema\/logo\/image\/","url":"https:\/\/amigafm.cl\/wp\/wp-content\/uploads\/2018\/04\/logocomvasquezltda-png.png","contentUrl":"https:\/\/amigafm.cl\/wp\/wp-content\/uploads\/2018\/04\/logocomvasquezltda-png.png","width":1280,"height":514,"caption":"Comvasquez Ltda"},"image":{"@id":"https:\/\/amigafm.cl\/wp\/#\/schema\/logo\/image\/"},"sameAs":["https:\/\/www.facebook.com\/Radio-Amiga-FM-1007-Calbuco-108101179295593\/","https:\/\/twitter.com\/radio_amiga"]},{"@type":"Person","@id":"https:\/\/amigafm.cl\/wp\/#\/schema\/person\/00f53fed00c368e199df9344ff3ee798","name":"Director","sameAs":["http:\/\/www.amigafm.cl"],"url":"https:\/\/amigafm.cl\/wp\/author\/director\/"}]}},"_links":{"self":[{"href":"https:\/\/amigafm.cl\/wp\/wp-json\/wp\/v2\/posts\/3724"}],"collection":[{"href":"https:\/\/amigafm.cl\/wp\/wp-json\/wp\/v2\/posts"}],"about":[{"href":"https:\/\/amigafm.cl\/wp\/wp-json\/wp\/v2\/types\/post"}],"author":[{"embeddable":true,"href":"https:\/\/amigafm.cl\/wp\/wp-json\/wp\/v2\/users\/2"}],"replies":[{"embeddable":true,"href":"https:\/\/amigafm.cl\/wp\/wp-json\/wp\/v2\/comments?post=3724"}],"version-history":[{"count":1,"href":"https:\/\/amigafm.cl\/wp\/wp-json\/wp\/v2\/posts\/3724\/revisions"}],"predecessor-version":[{"id":3726,"href":"https:\/\/amigafm.cl\/wp\/wp-json\/wp\/v2\/posts\/3724\/revisions\/3726"}],"wp:attachment":[{"href":"https:\/\/amigafm.cl\/wp\/wp-json\/wp\/v2\/media?parent=3724"}],"wp:term":[{"taxonomy":"category","embeddable":true,"href":"https:\/\/amigafm.cl\/wp\/wp-json\/wp\/v2\/categories?post=3724"},{"taxonomy":"post_tag","embeddable":true,"href":"https:\/\/amigafm.cl\/wp\/wp-json\/wp\/v2\/tags?post=3724"}],"curies":[{"name":"wp","href":"https:\/\/api.w.org\/{rel}","templated":true}]}}