{"id":3596,"date":"2019-01-21T19:21:11","date_gmt":"2019-01-21T19:21:11","guid":{"rendered":"https:\/\/amigafm.cl\/wp\/?p=3596"},"modified":"2019-01-21T19:21:11","modified_gmt":"2019-01-21T19:21:11","slug":"alcalde-de-puerto-montt-reitero-su-rechazo-a-proyecto-de-ruta-metropolitana-senalo-que-al-menos-para-su-comuna-existen-otras-prioridades","status":"publish","type":"post","link":"https:\/\/amigafm.cl\/wp\/alcalde-de-puerto-montt-reitero-su-rechazo-a-proyecto-de-ruta-metropolitana-senalo-que-al-menos-para-su-comuna-existen-otras-prioridades\/","title":{"rendered":"ALCALDE DE PUERTO MONTT REITERO SU RECHAZO A PROYECTO DE RUTA METROPOLITANA.  SE\u00d1ALO QUE AL MENOS PARA SU COMUNA EXISTEN OTRAS PRIORIDADES."},"content":{"rendered":"<div id=\"fb-root\"><\/div>\n<p>Anticip\u00e1ndose a cualquier intento del Ministerio de obras p\u00fablicas por impulsar este a\u00f1o el proyecto de ruta metropolitana, el alcalde de Puerto Montt, Gervoy Paredes, se\u00f1alo que para su comuna esta iniciativa no es prioridad.<\/p>\n<p>Agrego que \u201cla ruta metropolitana pudiese ser buena, probablemente, pero con otro trazado y un varios a\u00f1os m\u00e1s, cuando se solucione los problemas de conectividad interna, tanto de Puerto Varas como Puerto Montt\u201d.<\/p>\n<p>El jefe comunal dijo que en el caso especifico de su comuna, lo que se necesita es \u201cuna doble v\u00eda alerce, doble v\u00eda hacia el aeropuerto el tepual, transformar en avenida la calle crucero y mejorar la conectividad en Ramon Munita, entre otras obras\u201d.<\/p>\n<p>Agrego el alcalde de Puerto Montt que \u201csi se va a pagar un tag, como se pretende con la ruta metropolitana, se va a cancelar por algo que solucione los problemas de conectividad\u201d.<\/p>\n<p>Se espera que el Plan de transporte, anunciado incluso en Puerto Mont por la ministra de esa cartera, incluya entre sus 29 medidas seleccionadas, las prioridades de conectividad interna para Puerto Montt, concluyo el jefe comunal.<\/p>\n<p>La ruta metropolitana considera en esta zona un tramo de 34, 3 kil\u00f3metros y que pretende conectar Puerto Montt, Puerrto Varas y el aeropuerto el tepual.<\/p>\n<p>Tambi\u00e9n contempla un enlace con costanera, en la zona de inicio de la ruta 7.<\/p>\n<p>&nbsp;<\/p>\n<p>&nbsp;<\/p>\n","protected":false},"excerpt":{"rendered":"<div class=\"mh-excerpt\"><p>Anticip\u00e1ndose a cualquier intento del Ministerio de obras p\u00fablicas por impulsar este a\u00f1o el proyecto de ruta metropolitana, el alcalde de Puerto Montt, Gervoy Paredes, se\u00f1alo que para su comuna <a class=\"mh-excerpt-more\" href=\"https:\/\/amigafm.cl\/wp\/alcalde-de-puerto-montt-reitero-su-rechazo-a-proyecto-de-ruta-metropolitana-senalo-que-al-menos-para-su-comuna-existen-otras-prioridades\/\" title=\"ALCALDE DE PUERTO MONTT REITERO SU RECHAZO A PROYECTO DE RUTA METROPOLITANA.  SE\u00d1ALO QUE AL MENOS PARA SU COMUNA EXISTEN OTRAS PRIORIDADES.\">[&#8230;]<\/a><\/p>\n<\/div>","protected":false},"author":2,"featured_media":0,"comment_status":"closed","ping_status":"open","sticky":false,"template":"","format":"standard","meta":{"_joinchat":[]},"categories":[1],"tags":[],"yoast_head":"<!-- This site is optimized with the Yoast SEO plugin v19.13 - https:\/\/yoast.com\/wordpress\/plugins\/seo\/ -->\n<title>ALCALDE DE PUERTO MONTT REITERO SU RECHAZO A PROYECTO DE RUTA METROPOLITANA. SE\u00d1ALO QUE AL MENOS PARA SU COMUNA EXISTEN OTRAS PRIORIDADES. - Radio Amiga Fm PRIMERA SINTONIA EN LA COMUNA<\/title>\n<meta name=\"robots\" content=\"index, follow, max-snippet:-1, max-image-preview:large, max-video-preview:-1\" \/>\n<link rel=\"canonical\" href=\"https:\/\/amigafm.cl\/wp\/alcalde-de-puerto-montt-reitero-su-rechazo-a-proyecto-de-ruta-metropolitana-senalo-que-al-menos-para-su-comuna-existen-otras-prioridades\/\" \/>\n<meta property=\"og:locale\" content=\"es_ES\" \/>\n<meta property=\"og:type\" content=\"article\" \/>\n<meta property=\"og:title\" content=\"ALCALDE DE PUERTO MONTT REITERO SU RECHAZO A PROYECTO DE RUTA METROPOLITANA. SE\u00d1ALO QUE AL MENOS PARA SU COMUNA EXISTEN OTRAS PRIORIDADES. - Radio Amiga Fm PRIMERA SINTONIA EN LA COMUNA\" \/>\n<meta property=\"og:description\" content=\"Anticip\u00e1ndose a cualquier intento del Ministerio de obras p\u00fablicas por impulsar este a\u00f1o el proyecto de ruta metropolitana, el alcalde de Puerto Montt, Gervoy Paredes, se\u00f1alo que para su comuna [...]\" \/>\n<meta property=\"og:url\" content=\"https:\/\/amigafm.cl\/wp\/alcalde-de-puerto-montt-reitero-su-rechazo-a-proyecto-de-ruta-metropolitana-senalo-que-al-menos-para-su-comuna-existen-otras-prioridades\/\" \/>\n<meta property=\"og:site_name\" content=\"Radio Amiga Fm PRIMERA SINTONIA EN LA COMUNA\" \/>\n<meta property=\"article:publisher\" content=\"https:\/\/www.facebook.com\/Radio-Amiga-FM-1007-Calbuco-108101179295593\/\" \/>\n<meta property=\"article:published_time\" content=\"2019-01-21T19:21:11+00:00\" \/>\n<meta name=\"author\" content=\"Director\" \/>\n<meta name=\"twitter:card\" content=\"summary_large_image\" \/>\n<meta name=\"twitter:creator\" content=\"@radio_amiga\" \/>\n<meta name=\"twitter:site\" content=\"@radio_amiga\" \/>\n<meta name=\"twitter:label1\" content=\"Escrito por\" \/>\n\t<meta name=\"twitter:data1\" content=\"Director\" \/>\n\t<meta name=\"twitter:label2\" content=\"Tiempo de lectura\" \/>\n\t<meta name=\"twitter:data2\" content=\"1 minuto\" \/>\n<script type=\"application\/ld+json\" class=\"yoast-schema-graph\">{\"@context\":\"https:\/\/schema.org\",\"@graph\":[{\"@type\":\"Article\",\"@id\":\"https:\/\/amigafm.cl\/wp\/alcalde-de-puerto-montt-reitero-su-rechazo-a-proyecto-de-ruta-metropolitana-senalo-que-al-menos-para-su-comuna-existen-otras-prioridades\/#article\",\"isPartOf\":{\"@id\":\"https:\/\/amigafm.cl\/wp\/alcalde-de-puerto-montt-reitero-su-rechazo-a-proyecto-de-ruta-metropolitana-senalo-que-al-menos-para-su-comuna-existen-otras-prioridades\/\"},\"author\":{\"name\":\"Director\",\"@id\":\"https:\/\/amigafm.cl\/wp\/#\/schema\/person\/00f53fed00c368e199df9344ff3ee798\"},\"headline\":\"ALCALDE DE PUERTO MONTT REITERO SU RECHAZO A PROYECTO DE RUTA METROPOLITANA. SE\u00d1ALO QUE AL MENOS PARA SU COMUNA EXISTEN OTRAS PRIORIDADES.\",\"datePublished\":\"2019-01-21T19:21:11+00:00\",\"dateModified\":\"2019-01-21T19:21:11+00:00\",\"mainEntityOfPage\":{\"@id\":\"https:\/\/amigafm.cl\/wp\/alcalde-de-puerto-montt-reitero-su-rechazo-a-proyecto-de-ruta-metropolitana-senalo-que-al-menos-para-su-comuna-existen-otras-prioridades\/\"},\"wordCount\":253,\"publisher\":{\"@id\":\"https:\/\/amigafm.cl\/wp\/#organization\"},\"articleSection\":[\"NOTICIAS\"],\"inLanguage\":\"es\"},{\"@type\":\"WebPage\",\"@id\":\"https:\/\/amigafm.cl\/wp\/alcalde-de-puerto-montt-reitero-su-rechazo-a-proyecto-de-ruta-metropolitana-senalo-que-al-menos-para-su-comuna-existen-otras-prioridades\/\",\"url\":\"https:\/\/amigafm.cl\/wp\/alcalde-de-puerto-montt-reitero-su-rechazo-a-proyecto-de-ruta-metropolitana-senalo-que-al-menos-para-su-comuna-existen-otras-prioridades\/\",\"name\":\"ALCALDE DE PUERTO MONTT REITERO SU RECHAZO A PROYECTO DE RUTA METROPOLITANA. SE\u00d1ALO QUE AL MENOS PARA SU COMUNA EXISTEN OTRAS PRIORIDADES. - Radio Amiga Fm PRIMERA SINTONIA EN LA COMUNA\",\"isPartOf\":{\"@id\":\"https:\/\/amigafm.cl\/wp\/#website\"},\"datePublished\":\"2019-01-21T19:21:11+00:00\",\"dateModified\":\"2019-01-21T19:21:11+00:00\",\"breadcrumb\":{\"@id\":\"https:\/\/amigafm.cl\/wp\/alcalde-de-puerto-montt-reitero-su-rechazo-a-proyecto-de-ruta-metropolitana-senalo-que-al-menos-para-su-comuna-existen-otras-prioridades\/#breadcrumb\"},\"inLanguage\":\"es\",\"potentialAction\":[{\"@type\":\"ReadAction\",\"target\":[\"https:\/\/amigafm.cl\/wp\/alcalde-de-puerto-montt-reitero-su-rechazo-a-proyecto-de-ruta-metropolitana-senalo-que-al-menos-para-su-comuna-existen-otras-prioridades\/\"]}]},{\"@type\":\"BreadcrumbList\",\"@id\":\"https:\/\/amigafm.cl\/wp\/alcalde-de-puerto-montt-reitero-su-rechazo-a-proyecto-de-ruta-metropolitana-senalo-que-al-menos-para-su-comuna-existen-otras-prioridades\/#breadcrumb\",\"itemListElement\":[{\"@type\":\"ListItem\",\"position\":1,\"name\":\"Portada\",\"item\":\"https:\/\/amigafm.cl\/wp\/\"},{\"@type\":\"ListItem\",\"position\":2,\"name\":\"ALCALDE DE PUERTO MONTT REITERO SU RECHAZO A PROYECTO DE RUTA METROPOLITANA. SE\u00d1ALO QUE AL MENOS PARA SU COMUNA EXISTEN OTRAS PRIORIDADES.\"}]},{\"@type\":\"WebSite\",\"@id\":\"https:\/\/amigafm.cl\/wp\/#website\",\"url\":\"https:\/\/amigafm.cl\/wp\/\",\"name\":\"Radio Amiga Fm PRIMERA SINTONIA EN LA COMUNA\",\"description\":\"&quot;CONTAMOS LA VERDAD&quot;\",\"publisher\":{\"@id\":\"https:\/\/amigafm.cl\/wp\/#organization\"},\"potentialAction\":[{\"@type\":\"SearchAction\",\"target\":{\"@type\":\"EntryPoint\",\"urlTemplate\":\"https:\/\/amigafm.cl\/wp\/?s={search_term_string}\"},\"query-input\":\"required name=search_term_string\"}],\"inLanguage\":\"es\"},{\"@type\":\"Organization\",\"@id\":\"https:\/\/amigafm.cl\/wp\/#organization\",\"name\":\"Comvasquez Ltda\",\"url\":\"https:\/\/amigafm.cl\/wp\/\",\"logo\":{\"@type\":\"ImageObject\",\"inLanguage\":\"es\",\"@id\":\"https:\/\/amigafm.cl\/wp\/#\/schema\/logo\/image\/\",\"url\":\"https:\/\/amigafm.cl\/wp\/wp-content\/uploads\/2018\/04\/logocomvasquezltda-png.png\",\"contentUrl\":\"https:\/\/amigafm.cl\/wp\/wp-content\/uploads\/2018\/04\/logocomvasquezltda-png.png\",\"width\":1280,\"height\":514,\"caption\":\"Comvasquez Ltda\"},\"image\":{\"@id\":\"https:\/\/amigafm.cl\/wp\/#\/schema\/logo\/image\/\"},\"sameAs\":[\"https:\/\/www.facebook.com\/Radio-Amiga-FM-1007-Calbuco-108101179295593\/\",\"https:\/\/twitter.com\/radio_amiga\"]},{\"@type\":\"Person\",\"@id\":\"https:\/\/amigafm.cl\/wp\/#\/schema\/person\/00f53fed00c368e199df9344ff3ee798\",\"name\":\"Director\",\"sameAs\":[\"http:\/\/www.amigafm.cl\"],\"url\":\"https:\/\/amigafm.cl\/wp\/author\/director\/\"}]}<\/script>\n<!-- \/ Yoast SEO plugin. -->","yoast_head_json":{"title":"ALCALDE DE PUERTO MONTT REITERO SU RECHAZO A PROYECTO DE RUTA METROPOLITANA. SE\u00d1ALO QUE AL MENOS PARA SU COMUNA EXISTEN OTRAS PRIORIDADES. - Radio Amiga Fm PRIMERA SINTONIA EN LA COMUNA","robots":{"index":"index","follow":"follow","max-snippet":"max-snippet:-1","max-image-preview":"max-image-preview:large","max-video-preview":"max-video-preview:-1"},"canonical":"https:\/\/amigafm.cl\/wp\/alcalde-de-puerto-montt-reitero-su-rechazo-a-proyecto-de-ruta-metropolitana-senalo-que-al-menos-para-su-comuna-existen-otras-prioridades\/","og_locale":"es_ES","og_type":"article","og_title":"ALCALDE DE PUERTO MONTT REITERO SU RECHAZO A PROYECTO DE RUTA METROPOLITANA. SE\u00d1ALO QUE AL MENOS PARA SU COMUNA EXISTEN OTRAS PRIORIDADES. - Radio Amiga Fm PRIMERA SINTONIA EN LA COMUNA","og_description":"Anticip\u00e1ndose a cualquier intento del Ministerio de obras p\u00fablicas por impulsar este a\u00f1o el proyecto de ruta metropolitana, el alcalde de Puerto Montt, Gervoy Paredes, se\u00f1alo que para su comuna [...]","og_url":"https:\/\/amigafm.cl\/wp\/alcalde-de-puerto-montt-reitero-su-rechazo-a-proyecto-de-ruta-metropolitana-senalo-que-al-menos-para-su-comuna-existen-otras-prioridades\/","og_site_name":"Radio Amiga Fm PRIMERA SINTONIA EN LA COMUNA","article_publisher":"https:\/\/www.facebook.com\/Radio-Amiga-FM-1007-Calbuco-108101179295593\/","article_published_time":"2019-01-21T19:21:11+00:00","author":"Director","twitter_card":"summary_large_image","twitter_creator":"@radio_amiga","twitter_site":"@radio_amiga","twitter_misc":{"Escrito por":"Director","Tiempo de lectura":"1 minuto"},"schema":{"@context":"https:\/\/schema.org","@graph":[{"@type":"Article","@id":"https:\/\/amigafm.cl\/wp\/alcalde-de-puerto-montt-reitero-su-rechazo-a-proyecto-de-ruta-metropolitana-senalo-que-al-menos-para-su-comuna-existen-otras-prioridades\/#article","isPartOf":{"@id":"https:\/\/amigafm.cl\/wp\/alcalde-de-puerto-montt-reitero-su-rechazo-a-proyecto-de-ruta-metropolitana-senalo-que-al-menos-para-su-comuna-existen-otras-prioridades\/"},"author":{"name":"Director","@id":"https:\/\/amigafm.cl\/wp\/#\/schema\/person\/00f53fed00c368e199df9344ff3ee798"},"headline":"ALCALDE DE PUERTO MONTT REITERO SU RECHAZO A PROYECTO DE RUTA METROPOLITANA. SE\u00d1ALO QUE AL MENOS PARA SU COMUNA EXISTEN OTRAS PRIORIDADES.","datePublished":"2019-01-21T19:21:11+00:00","dateModified":"2019-01-21T19:21:11+00:00","mainEntityOfPage":{"@id":"https:\/\/amigafm.cl\/wp\/alcalde-de-puerto-montt-reitero-su-rechazo-a-proyecto-de-ruta-metropolitana-senalo-que-al-menos-para-su-comuna-existen-otras-prioridades\/"},"wordCount":253,"publisher":{"@id":"https:\/\/amigafm.cl\/wp\/#organization"},"articleSection":["NOTICIAS"],"inLanguage":"es"},{"@type":"WebPage","@id":"https:\/\/amigafm.cl\/wp\/alcalde-de-puerto-montt-reitero-su-rechazo-a-proyecto-de-ruta-metropolitana-senalo-que-al-menos-para-su-comuna-existen-otras-prioridades\/","url":"https:\/\/amigafm.cl\/wp\/alcalde-de-puerto-montt-reitero-su-rechazo-a-proyecto-de-ruta-metropolitana-senalo-que-al-menos-para-su-comuna-existen-otras-prioridades\/","name":"ALCALDE DE PUERTO MONTT REITERO SU RECHAZO A PROYECTO DE RUTA METROPOLITANA. SE\u00d1ALO QUE AL MENOS PARA SU COMUNA EXISTEN OTRAS PRIORIDADES. - Radio Amiga Fm PRIMERA SINTONIA EN LA COMUNA","isPartOf":{"@id":"https:\/\/amigafm.cl\/wp\/#website"},"datePublished":"2019-01-21T19:21:11+00:00","dateModified":"2019-01-21T19:21:11+00:00","breadcrumb":{"@id":"https:\/\/amigafm.cl\/wp\/alcalde-de-puerto-montt-reitero-su-rechazo-a-proyecto-de-ruta-metropolitana-senalo-que-al-menos-para-su-comuna-existen-otras-prioridades\/#breadcrumb"},"inLanguage":"es","potentialAction":[{"@type":"ReadAction","target":["https:\/\/amigafm.cl\/wp\/alcalde-de-puerto-montt-reitero-su-rechazo-a-proyecto-de-ruta-metropolitana-senalo-que-al-menos-para-su-comuna-existen-otras-prioridades\/"]}]},{"@type":"BreadcrumbList","@id":"https:\/\/amigafm.cl\/wp\/alcalde-de-puerto-montt-reitero-su-rechazo-a-proyecto-de-ruta-metropolitana-senalo-que-al-menos-para-su-comuna-existen-otras-prioridades\/#breadcrumb","itemListElement":[{"@type":"ListItem","position":1,"name":"Portada","item":"https:\/\/amigafm.cl\/wp\/"},{"@type":"ListItem","position":2,"name":"ALCALDE DE PUERTO MONTT REITERO SU RECHAZO A PROYECTO DE RUTA METROPOLITANA. SE\u00d1ALO QUE AL MENOS PARA SU COMUNA EXISTEN OTRAS PRIORIDADES."}]},{"@type":"WebSite","@id":"https:\/\/amigafm.cl\/wp\/#website","url":"https:\/\/amigafm.cl\/wp\/","name":"Radio Amiga Fm PRIMERA SINTONIA EN LA COMUNA","description":"&quot;CONTAMOS LA VERDAD&quot;","publisher":{"@id":"https:\/\/amigafm.cl\/wp\/#organization"},"potentialAction":[{"@type":"SearchAction","target":{"@type":"EntryPoint","urlTemplate":"https:\/\/amigafm.cl\/wp\/?s={search_term_string}"},"query-input":"required name=search_term_string"}],"inLanguage":"es"},{"@type":"Organization","@id":"https:\/\/amigafm.cl\/wp\/#organization","name":"Comvasquez Ltda","url":"https:\/\/amigafm.cl\/wp\/","logo":{"@type":"ImageObject","inLanguage":"es","@id":"https:\/\/amigafm.cl\/wp\/#\/schema\/logo\/image\/","url":"https:\/\/amigafm.cl\/wp\/wp-content\/uploads\/2018\/04\/logocomvasquezltda-png.png","contentUrl":"https:\/\/amigafm.cl\/wp\/wp-content\/uploads\/2018\/04\/logocomvasquezltda-png.png","width":1280,"height":514,"caption":"Comvasquez Ltda"},"image":{"@id":"https:\/\/amigafm.cl\/wp\/#\/schema\/logo\/image\/"},"sameAs":["https:\/\/www.facebook.com\/Radio-Amiga-FM-1007-Calbuco-108101179295593\/","https:\/\/twitter.com\/radio_amiga"]},{"@type":"Person","@id":"https:\/\/amigafm.cl\/wp\/#\/schema\/person\/00f53fed00c368e199df9344ff3ee798","name":"Director","sameAs":["http:\/\/www.amigafm.cl"],"url":"https:\/\/amigafm.cl\/wp\/author\/director\/"}]}},"_links":{"self":[{"href":"https:\/\/amigafm.cl\/wp\/wp-json\/wp\/v2\/posts\/3596"}],"collection":[{"href":"https:\/\/amigafm.cl\/wp\/wp-json\/wp\/v2\/posts"}],"about":[{"href":"https:\/\/amigafm.cl\/wp\/wp-json\/wp\/v2\/types\/post"}],"author":[{"embeddable":true,"href":"https:\/\/amigafm.cl\/wp\/wp-json\/wp\/v2\/users\/2"}],"replies":[{"embeddable":true,"href":"https:\/\/amigafm.cl\/wp\/wp-json\/wp\/v2\/comments?post=3596"}],"version-history":[{"count":1,"href":"https:\/\/amigafm.cl\/wp\/wp-json\/wp\/v2\/posts\/3596\/revisions"}],"predecessor-version":[{"id":3598,"href":"https:\/\/amigafm.cl\/wp\/wp-json\/wp\/v2\/posts\/3596\/revisions\/3598"}],"wp:attachment":[{"href":"https:\/\/amigafm.cl\/wp\/wp-json\/wp\/v2\/media?parent=3596"}],"wp:term":[{"taxonomy":"category","embeddable":true,"href":"https:\/\/amigafm.cl\/wp\/wp-json\/wp\/v2\/categories?post=3596"},{"taxonomy":"post_tag","embeddable":true,"href":"https:\/\/amigafm.cl\/wp\/wp-json\/wp\/v2\/tags?post=3596"}],"curies":[{"name":"wp","href":"https:\/\/api.w.org\/{rel}","templated":true}]}}