{"id":3590,"date":"2019-01-21T19:15:28","date_gmt":"2019-01-21T19:15:28","guid":{"rendered":"https:\/\/amigafm.cl\/wp\/?p=3590"},"modified":"2019-01-21T19:15:28","modified_gmt":"2019-01-21T19:15:28","slug":"este-fin-de-semana-autoridades-de-gobierno-realizaron-amplio-despliegue-territorial-en-quinchao","status":"publish","type":"post","link":"https:\/\/amigafm.cl\/wp\/este-fin-de-semana-autoridades-de-gobierno-realizaron-amplio-despliegue-territorial-en-quinchao\/","title":{"rendered":"Este fin de semana autoridades de Gobierno realizaron amplio despliegue territorial en Quinchao"},"content":{"rendered":"<div id=\"fb-root\"><\/div>\n<p class=\"xmsonormal\" style=\"text-align: justify; background: white;\"><i><span style=\"font-size: 12.0pt; color: black;\">La acci\u00f3n se desarroll\u00f3 en el marco de la visita a la regi\u00f3n de la Directora Nacional de Prodemu Paola Diez, quien junto a la Intendente (s), el Gobernador de Chilo\u00e9, la Seremi de Gobierno y el Director del Fosis recorrieron Quinchao y las islas de Apiao y Quehui, para fortalecer el rol de las mujeres de las localidades insulares y de dif\u00edcil acceso.<\/span><\/i><\/p>\n<p><img loading=\"lazy\" class=\" wp-image-3593 alignleft\" src=\"https:\/\/amigafm.cl\/wp\/wp-content\/uploads\/2019\/01\/PRODEMU-EN-ISLA-APIAO-2-548x365.jpg\" alt=\"\" width=\"366\" height=\"244\" \/><\/p>\n<p class=\"xmsonormal\" style=\"text-align: justify; background: white;\"><span style=\"font-size: 12.0pt; color: black;\">\u00a0<\/span><span style=\"font-size: 12.0pt; color: black;\">Cientos de personas se dieron cita este fin de semana en Isla Apiao, perteneciente a la comuna de Quinchao en Chilo\u00e9, en el marco de la 3era feria de artesan\u00edas y productos de la zona que las socias del programa Mujeres Rurales de Indap \u2013 Prodemu realizaron para promocionar y vender sus productos. <\/span><\/p>\n<p class=\"xmsonormal\" style=\"text-align: justify; background: white;\"><span style=\"font-size: 12.0pt; color: black;\">\u00a0<\/span><span style=\"font-size: 12.0pt; color: black;\">Hasta esta localidad insular lleg\u00f3 la Directora Nacional de Prodemu Paola Diez, quien junto a la Intendente (s) Leticia Oyarce, el Gobernador de Chilo\u00e9 Fernando B\u00f3rquez, la Seremi de Gobierno Ingrid Schettino y el Director del Fosis Pablo Santana, acompa\u00f1aron a las mujeres emprendedoras de Isla Apiao y sus alrededores.<\/span><\/p>\n<p class=\"xmsonormal\" style=\"text-align: justify; background: white;\"><span style=\"font-size: 12.0pt; color: black;\">\u00a0<\/span><span style=\"font-size: 12.0pt; color: black;\">Una de las socias pertenecientes al programa de mujeres rurales de Inap \u2013 Prodemu Marita Millalonco, explic\u00f3 que \u201cestamos contentas de poder exhibir y vender nuestros productos en esta feria. Todo lo que vendemos es de nuestra tierra, producida sin abonos, de manera natural. Con otras 7 socias aprendimos a sacar mayor rendimiento a nuestras cosecha y por eso estamos muy agradecidas del programa y que nuestras autoridades nos acompa\u00f1en aqu\u00ed en esta feria, ojal\u00e1 pudieran visitar en otra oportunidad Chaulinec, otra de las islas de Quinchao donde desarrollamos este programa\u201d.<\/span><\/p>\n<p><img loading=\"lazy\" class=\" wp-image-3591 alignleft\" src=\"https:\/\/amigafm.cl\/wp\/wp-content\/uploads\/2019\/01\/PRODEMU-EN-ISLA-APIAO-1-548x365.jpeg\" alt=\"\" width=\"366\" height=\"244\" \/><\/p>\n<p class=\"xmsonormal\" style=\"text-align: justify; background: white;\"><span style=\"font-size: 12.0pt; color: black;\">\u00a0<\/span><span style=\"font-size: 12.0pt; color: black;\">Al respecto la Directora Nacional de Prodemu Paola Diez, quien realiz\u00f3 una intensa agenda en Chilo\u00e9, valor\u00f3 la instancia e indic\u00f3 que \u201cvenimos a empaparnos de la cultura chilota de sus mujeres emprendedoras, de su fuerza, de su talento para trabajar y aportar a la econom\u00eda familiar. El Presidente Sebasti\u00e1n Pi\u00f1era nos dice que el emprendimiento es el motor de la econom\u00eda, por eso es que estamos promoviendo estas acciones que tambi\u00e9n otorga mayor autonom\u00eda a las mujeres\u201d.<\/span><\/p>\n<p class=\"xmsonormal\" style=\"text-align: justify; background: white;\"><span style=\"font-size: 12.0pt; color: black;\">\u00a0<\/span><span style=\"font-size: 12.0pt; color: black;\">Por su parte la Intendenta (s) declar\u00f3 que \u201cpara el Gobierno del Presidente Pi\u00f1era es prioritario estar en aquellas comunidades que han estado postergadas por tanto tiempo, que tienen problemas de conectividad, de acceso y sin embargo en esta oportunidad estamos en una actividad maravillosa organizada por el Alcalde de Quinchao Washington Ulloa que permite que las mujeres de esta comuna puedan contar con una instancia de poder comercializar los productos de la tierra y tambi\u00e9n los productos hechos por sus manos como lo son sus artesan\u00edas\u201d.<\/span><\/p>\n<p><img loading=\"lazy\" class=\" wp-image-3592 alignleft\" src=\"https:\/\/amigafm.cl\/wp\/wp-content\/uploads\/2019\/01\/PRODEMU-EN-ISLA-APIAO-1-548x365.jpg\" alt=\"\" width=\"357\" height=\"238\" \/><\/p>\n<p class=\"xmsonormal\" style=\"text-align: justify; background: white;\"><span style=\"font-size: 12.0pt; color: black;\">\u00a0<\/span><span style=\"font-size: 12.0pt; color: black;\">Cabe destacar que Prodemu junto con la Segegob actualmente tienen un convenio de colaboraci\u00f3n para seguir fortaleciendo el rol de las mujeres por medio de la sociedad civil organizada. En este marco la Seremi de Gobierno Ingrid Schettino valor\u00f3 la visita de la Presidenta Nacional de Prodemu Paola Diez, se\u00f1alando que \u201ces muy importante fortalecer las agrupaciones de mujeres sobre todo en las localidades aisladas y de dif\u00edcil acceso en nuestra regi\u00f3n\u201d.<\/span><\/p>\n<p class=\"xmsonormal\" style=\"text-align: justify; background: white;\"><span style=\"font-size: 12.0pt; color: black;\">\u00a0<\/span><span style=\"font-size: 12.0pt; color: black;\">En esta 3era feria de artesan\u00edas y productos de la zona particip\u00f3 como anfitri\u00f3n el Alcalde de la comuna Washington Ulloa, quien junto a los concejales y equipo municipal, realizaron un arduo trabajo que dio el soporte al \u00e9xito de tuvo el desarrollo de esta actividad, que se instala ya como un panorama dentro del calendario de verano en el marco de las distintas iniciativas tur\u00edsticas de las casas edilicias de Chilo\u00e9.<\/span><\/p>\n","protected":false},"excerpt":{"rendered":"<div class=\"mh-excerpt\"><p>La acci\u00f3n se desarroll\u00f3 en el marco de la visita a la regi\u00f3n de la Directora Nacional de Prodemu Paola Diez, quien junto a la Intendente (s), el Gobernador de <a class=\"mh-excerpt-more\" href=\"https:\/\/amigafm.cl\/wp\/este-fin-de-semana-autoridades-de-gobierno-realizaron-amplio-despliegue-territorial-en-quinchao\/\" title=\"Este fin de semana autoridades de Gobierno realizaron amplio despliegue territorial en Quinchao\">[&#8230;]<\/a><\/p>\n<\/div>","protected":false},"author":2,"featured_media":0,"comment_status":"closed","ping_status":"open","sticky":false,"template":"","format":"standard","meta":{"_joinchat":[]},"categories":[1],"tags":[],"yoast_head":"<!-- This site is optimized with the Yoast SEO plugin v19.13 - https:\/\/yoast.com\/wordpress\/plugins\/seo\/ -->\n<title>Este fin de semana autoridades de Gobierno realizaron amplio despliegue territorial en Quinchao - Radio Amiga Fm PRIMERA SINTONIA EN LA COMUNA<\/title>\n<meta name=\"robots\" content=\"index, follow, max-snippet:-1, max-image-preview:large, max-video-preview:-1\" \/>\n<link rel=\"canonical\" href=\"https:\/\/amigafm.cl\/wp\/este-fin-de-semana-autoridades-de-gobierno-realizaron-amplio-despliegue-territorial-en-quinchao\/\" \/>\n<meta property=\"og:locale\" content=\"es_ES\" \/>\n<meta property=\"og:type\" content=\"article\" \/>\n<meta property=\"og:title\" content=\"Este fin de semana autoridades de Gobierno realizaron amplio despliegue territorial en Quinchao - Radio Amiga Fm PRIMERA SINTONIA EN LA COMUNA\" \/>\n<meta property=\"og:description\" content=\"La acci\u00f3n se desarroll\u00f3 en el marco de la visita a la regi\u00f3n de la Directora Nacional de Prodemu Paola Diez, quien junto a la Intendente (s), el Gobernador de [...]\" \/>\n<meta property=\"og:url\" content=\"https:\/\/amigafm.cl\/wp\/este-fin-de-semana-autoridades-de-gobierno-realizaron-amplio-despliegue-territorial-en-quinchao\/\" \/>\n<meta property=\"og:site_name\" content=\"Radio Amiga Fm PRIMERA SINTONIA EN LA COMUNA\" \/>\n<meta property=\"article:publisher\" content=\"https:\/\/www.facebook.com\/Radio-Amiga-FM-1007-Calbuco-108101179295593\/\" \/>\n<meta property=\"article:published_time\" content=\"2019-01-21T19:15:28+00:00\" \/>\n<meta property=\"og:image\" content=\"https:\/\/amigafm.cl\/wp\/wp-content\/uploads\/2019\/01\/PRODEMU-EN-ISLA-APIAO-2-548x365.jpg\" \/>\n<meta name=\"author\" content=\"Director\" \/>\n<meta name=\"twitter:card\" content=\"summary_large_image\" \/>\n<meta name=\"twitter:creator\" content=\"@radio_amiga\" \/>\n<meta name=\"twitter:site\" content=\"@radio_amiga\" \/>\n<meta name=\"twitter:label1\" content=\"Escrito por\" \/>\n\t<meta name=\"twitter:data1\" content=\"Director\" \/>\n\t<meta name=\"twitter:label2\" content=\"Tiempo de lectura\" \/>\n\t<meta name=\"twitter:data2\" content=\"3 minutos\" \/>\n<script type=\"application\/ld+json\" class=\"yoast-schema-graph\">{\"@context\":\"https:\/\/schema.org\",\"@graph\":[{\"@type\":\"Article\",\"@id\":\"https:\/\/amigafm.cl\/wp\/este-fin-de-semana-autoridades-de-gobierno-realizaron-amplio-despliegue-territorial-en-quinchao\/#article\",\"isPartOf\":{\"@id\":\"https:\/\/amigafm.cl\/wp\/este-fin-de-semana-autoridades-de-gobierno-realizaron-amplio-despliegue-territorial-en-quinchao\/\"},\"author\":{\"name\":\"Director\",\"@id\":\"https:\/\/amigafm.cl\/wp\/#\/schema\/person\/00f53fed00c368e199df9344ff3ee798\"},\"headline\":\"Este fin de semana autoridades de Gobierno realizaron amplio despliegue territorial en Quinchao\",\"datePublished\":\"2019-01-21T19:15:28+00:00\",\"dateModified\":\"2019-01-21T19:15:28+00:00\",\"mainEntityOfPage\":{\"@id\":\"https:\/\/amigafm.cl\/wp\/este-fin-de-semana-autoridades-de-gobierno-realizaron-amplio-despliegue-territorial-en-quinchao\/\"},\"wordCount\":600,\"publisher\":{\"@id\":\"https:\/\/amigafm.cl\/wp\/#organization\"},\"articleSection\":[\"NOTICIAS\"],\"inLanguage\":\"es\"},{\"@type\":\"WebPage\",\"@id\":\"https:\/\/amigafm.cl\/wp\/este-fin-de-semana-autoridades-de-gobierno-realizaron-amplio-despliegue-territorial-en-quinchao\/\",\"url\":\"https:\/\/amigafm.cl\/wp\/este-fin-de-semana-autoridades-de-gobierno-realizaron-amplio-despliegue-territorial-en-quinchao\/\",\"name\":\"Este fin de semana autoridades de Gobierno realizaron amplio despliegue territorial en Quinchao - Radio Amiga Fm PRIMERA SINTONIA EN LA COMUNA\",\"isPartOf\":{\"@id\":\"https:\/\/amigafm.cl\/wp\/#website\"},\"datePublished\":\"2019-01-21T19:15:28+00:00\",\"dateModified\":\"2019-01-21T19:15:28+00:00\",\"breadcrumb\":{\"@id\":\"https:\/\/amigafm.cl\/wp\/este-fin-de-semana-autoridades-de-gobierno-realizaron-amplio-despliegue-territorial-en-quinchao\/#breadcrumb\"},\"inLanguage\":\"es\",\"potentialAction\":[{\"@type\":\"ReadAction\",\"target\":[\"https:\/\/amigafm.cl\/wp\/este-fin-de-semana-autoridades-de-gobierno-realizaron-amplio-despliegue-territorial-en-quinchao\/\"]}]},{\"@type\":\"BreadcrumbList\",\"@id\":\"https:\/\/amigafm.cl\/wp\/este-fin-de-semana-autoridades-de-gobierno-realizaron-amplio-despliegue-territorial-en-quinchao\/#breadcrumb\",\"itemListElement\":[{\"@type\":\"ListItem\",\"position\":1,\"name\":\"Portada\",\"item\":\"https:\/\/amigafm.cl\/wp\/\"},{\"@type\":\"ListItem\",\"position\":2,\"name\":\"Este fin de semana autoridades de Gobierno realizaron amplio despliegue territorial en Quinchao\"}]},{\"@type\":\"WebSite\",\"@id\":\"https:\/\/amigafm.cl\/wp\/#website\",\"url\":\"https:\/\/amigafm.cl\/wp\/\",\"name\":\"Radio Amiga Fm PRIMERA SINTONIA EN LA COMUNA\",\"description\":\"&quot;CONTAMOS LA VERDAD&quot;\",\"publisher\":{\"@id\":\"https:\/\/amigafm.cl\/wp\/#organization\"},\"potentialAction\":[{\"@type\":\"SearchAction\",\"target\":{\"@type\":\"EntryPoint\",\"urlTemplate\":\"https:\/\/amigafm.cl\/wp\/?s={search_term_string}\"},\"query-input\":\"required name=search_term_string\"}],\"inLanguage\":\"es\"},{\"@type\":\"Organization\",\"@id\":\"https:\/\/amigafm.cl\/wp\/#organization\",\"name\":\"Comvasquez Ltda\",\"url\":\"https:\/\/amigafm.cl\/wp\/\",\"logo\":{\"@type\":\"ImageObject\",\"inLanguage\":\"es\",\"@id\":\"https:\/\/amigafm.cl\/wp\/#\/schema\/logo\/image\/\",\"url\":\"https:\/\/amigafm.cl\/wp\/wp-content\/uploads\/2018\/04\/logocomvasquezltda-png.png\",\"contentUrl\":\"https:\/\/amigafm.cl\/wp\/wp-content\/uploads\/2018\/04\/logocomvasquezltda-png.png\",\"width\":1280,\"height\":514,\"caption\":\"Comvasquez Ltda\"},\"image\":{\"@id\":\"https:\/\/amigafm.cl\/wp\/#\/schema\/logo\/image\/\"},\"sameAs\":[\"https:\/\/www.facebook.com\/Radio-Amiga-FM-1007-Calbuco-108101179295593\/\",\"https:\/\/twitter.com\/radio_amiga\"]},{\"@type\":\"Person\",\"@id\":\"https:\/\/amigafm.cl\/wp\/#\/schema\/person\/00f53fed00c368e199df9344ff3ee798\",\"name\":\"Director\",\"sameAs\":[\"http:\/\/www.amigafm.cl\"],\"url\":\"https:\/\/amigafm.cl\/wp\/author\/director\/\"}]}<\/script>\n<!-- \/ Yoast SEO plugin. -->","yoast_head_json":{"title":"Este fin de semana autoridades de Gobierno realizaron amplio despliegue territorial en Quinchao - Radio Amiga Fm PRIMERA SINTONIA EN LA COMUNA","robots":{"index":"index","follow":"follow","max-snippet":"max-snippet:-1","max-image-preview":"max-image-preview:large","max-video-preview":"max-video-preview:-1"},"canonical":"https:\/\/amigafm.cl\/wp\/este-fin-de-semana-autoridades-de-gobierno-realizaron-amplio-despliegue-territorial-en-quinchao\/","og_locale":"es_ES","og_type":"article","og_title":"Este fin de semana autoridades de Gobierno realizaron amplio despliegue territorial en Quinchao - Radio Amiga Fm PRIMERA SINTONIA EN LA COMUNA","og_description":"La acci\u00f3n se desarroll\u00f3 en el marco de la visita a la regi\u00f3n de la Directora Nacional de Prodemu Paola Diez, quien junto a la Intendente (s), el Gobernador de [...]","og_url":"https:\/\/amigafm.cl\/wp\/este-fin-de-semana-autoridades-de-gobierno-realizaron-amplio-despliegue-territorial-en-quinchao\/","og_site_name":"Radio Amiga Fm PRIMERA SINTONIA EN LA COMUNA","article_publisher":"https:\/\/www.facebook.com\/Radio-Amiga-FM-1007-Calbuco-108101179295593\/","article_published_time":"2019-01-21T19:15:28+00:00","og_image":[{"url":"https:\/\/amigafm.cl\/wp\/wp-content\/uploads\/2019\/01\/PRODEMU-EN-ISLA-APIAO-2-548x365.jpg"}],"author":"Director","twitter_card":"summary_large_image","twitter_creator":"@radio_amiga","twitter_site":"@radio_amiga","twitter_misc":{"Escrito por":"Director","Tiempo de lectura":"3 minutos"},"schema":{"@context":"https:\/\/schema.org","@graph":[{"@type":"Article","@id":"https:\/\/amigafm.cl\/wp\/este-fin-de-semana-autoridades-de-gobierno-realizaron-amplio-despliegue-territorial-en-quinchao\/#article","isPartOf":{"@id":"https:\/\/amigafm.cl\/wp\/este-fin-de-semana-autoridades-de-gobierno-realizaron-amplio-despliegue-territorial-en-quinchao\/"},"author":{"name":"Director","@id":"https:\/\/amigafm.cl\/wp\/#\/schema\/person\/00f53fed00c368e199df9344ff3ee798"},"headline":"Este fin de semana autoridades de Gobierno realizaron amplio despliegue territorial en Quinchao","datePublished":"2019-01-21T19:15:28+00:00","dateModified":"2019-01-21T19:15:28+00:00","mainEntityOfPage":{"@id":"https:\/\/amigafm.cl\/wp\/este-fin-de-semana-autoridades-de-gobierno-realizaron-amplio-despliegue-territorial-en-quinchao\/"},"wordCount":600,"publisher":{"@id":"https:\/\/amigafm.cl\/wp\/#organization"},"articleSection":["NOTICIAS"],"inLanguage":"es"},{"@type":"WebPage","@id":"https:\/\/amigafm.cl\/wp\/este-fin-de-semana-autoridades-de-gobierno-realizaron-amplio-despliegue-territorial-en-quinchao\/","url":"https:\/\/amigafm.cl\/wp\/este-fin-de-semana-autoridades-de-gobierno-realizaron-amplio-despliegue-territorial-en-quinchao\/","name":"Este fin de semana autoridades de Gobierno realizaron amplio despliegue territorial en Quinchao - Radio Amiga Fm PRIMERA SINTONIA EN LA COMUNA","isPartOf":{"@id":"https:\/\/amigafm.cl\/wp\/#website"},"datePublished":"2019-01-21T19:15:28+00:00","dateModified":"2019-01-21T19:15:28+00:00","breadcrumb":{"@id":"https:\/\/amigafm.cl\/wp\/este-fin-de-semana-autoridades-de-gobierno-realizaron-amplio-despliegue-territorial-en-quinchao\/#breadcrumb"},"inLanguage":"es","potentialAction":[{"@type":"ReadAction","target":["https:\/\/amigafm.cl\/wp\/este-fin-de-semana-autoridades-de-gobierno-realizaron-amplio-despliegue-territorial-en-quinchao\/"]}]},{"@type":"BreadcrumbList","@id":"https:\/\/amigafm.cl\/wp\/este-fin-de-semana-autoridades-de-gobierno-realizaron-amplio-despliegue-territorial-en-quinchao\/#breadcrumb","itemListElement":[{"@type":"ListItem","position":1,"name":"Portada","item":"https:\/\/amigafm.cl\/wp\/"},{"@type":"ListItem","position":2,"name":"Este fin de semana autoridades de Gobierno realizaron amplio despliegue territorial en Quinchao"}]},{"@type":"WebSite","@id":"https:\/\/amigafm.cl\/wp\/#website","url":"https:\/\/amigafm.cl\/wp\/","name":"Radio Amiga Fm PRIMERA SINTONIA EN LA COMUNA","description":"&quot;CONTAMOS LA VERDAD&quot;","publisher":{"@id":"https:\/\/amigafm.cl\/wp\/#organization"},"potentialAction":[{"@type":"SearchAction","target":{"@type":"EntryPoint","urlTemplate":"https:\/\/amigafm.cl\/wp\/?s={search_term_string}"},"query-input":"required name=search_term_string"}],"inLanguage":"es"},{"@type":"Organization","@id":"https:\/\/amigafm.cl\/wp\/#organization","name":"Comvasquez Ltda","url":"https:\/\/amigafm.cl\/wp\/","logo":{"@type":"ImageObject","inLanguage":"es","@id":"https:\/\/amigafm.cl\/wp\/#\/schema\/logo\/image\/","url":"https:\/\/amigafm.cl\/wp\/wp-content\/uploads\/2018\/04\/logocomvasquezltda-png.png","contentUrl":"https:\/\/amigafm.cl\/wp\/wp-content\/uploads\/2018\/04\/logocomvasquezltda-png.png","width":1280,"height":514,"caption":"Comvasquez Ltda"},"image":{"@id":"https:\/\/amigafm.cl\/wp\/#\/schema\/logo\/image\/"},"sameAs":["https:\/\/www.facebook.com\/Radio-Amiga-FM-1007-Calbuco-108101179295593\/","https:\/\/twitter.com\/radio_amiga"]},{"@type":"Person","@id":"https:\/\/amigafm.cl\/wp\/#\/schema\/person\/00f53fed00c368e199df9344ff3ee798","name":"Director","sameAs":["http:\/\/www.amigafm.cl"],"url":"https:\/\/amigafm.cl\/wp\/author\/director\/"}]}},"_links":{"self":[{"href":"https:\/\/amigafm.cl\/wp\/wp-json\/wp\/v2\/posts\/3590"}],"collection":[{"href":"https:\/\/amigafm.cl\/wp\/wp-json\/wp\/v2\/posts"}],"about":[{"href":"https:\/\/amigafm.cl\/wp\/wp-json\/wp\/v2\/types\/post"}],"author":[{"embeddable":true,"href":"https:\/\/amigafm.cl\/wp\/wp-json\/wp\/v2\/users\/2"}],"replies":[{"embeddable":true,"href":"https:\/\/amigafm.cl\/wp\/wp-json\/wp\/v2\/comments?post=3590"}],"version-history":[{"count":1,"href":"https:\/\/amigafm.cl\/wp\/wp-json\/wp\/v2\/posts\/3590\/revisions"}],"predecessor-version":[{"id":3595,"href":"https:\/\/amigafm.cl\/wp\/wp-json\/wp\/v2\/posts\/3590\/revisions\/3595"}],"wp:attachment":[{"href":"https:\/\/amigafm.cl\/wp\/wp-json\/wp\/v2\/media?parent=3590"}],"wp:term":[{"taxonomy":"category","embeddable":true,"href":"https:\/\/amigafm.cl\/wp\/wp-json\/wp\/v2\/categories?post=3590"},{"taxonomy":"post_tag","embeddable":true,"href":"https:\/\/amigafm.cl\/wp\/wp-json\/wp\/v2\/tags?post=3590"}],"curies":[{"name":"wp","href":"https:\/\/api.w.org\/{rel}","templated":true}]}}