{"id":3428,"date":"2018-12-18T17:05:42","date_gmt":"2018-12-18T17:05:42","guid":{"rendered":"https:\/\/amigafm.cl\/wp\/?p=3428"},"modified":"2018-12-18T17:08:47","modified_gmt":"2018-12-18T17:08:47","slug":"radio-en-2019-algunas-predicciones","status":"publish","type":"post","link":"https:\/\/amigafm.cl\/wp\/radio-en-2019-algunas-predicciones\/","title":{"rendered":"Radio en 2019 &#8211; algunas predicciones."},"content":{"rendered":"<div id=\"fb-root\"><\/div>\n<p><strong>Radio ma\u00f1ana\u00a0<\/strong>\u00a0con\u00a0\u00a0<strong>James Cridland<\/strong><\/p>\n<div class=\"field field-name-body field-type-text-with-summary field-label-hidden\">\n<div class=\"field-items\">\n<div class=\"field-item even\">\n<p>\u00bfQu\u00e9 veremos en la radio en 2019?\u00a0Mi trabajo consiste en observar las tendencias en el consumo de radio, no realmente en el futuro: pero quiz\u00e1s ofrezco lo siguiente: los<br \/>\n<strong>altavoces inteligentes seguir\u00e1n creciendo.\u00a0<\/strong>El ecosistema de Google es mucho m\u00e1s grande que el de Amazon, aunque si solo mide las ventas de unidades de marca de Google o Amazon, Amazon a\u00fan tiene la ventaja.\u00a0Estas son buenas noticias para las estaciones de radio de buena marca y para la radio en vivo en general;\u00a0aunque espere que sus costos de distribuci\u00f3n aumenten, ya que tendr\u00e1 que pagar por un mayor ancho de banda y, en algunas partes del mundo, mayores tasas de m\u00fasica.\u00a0(Por otro lado, los altavoces inteligentes no se usan mucho para los podcasts). La<br \/>\n<strong>radio seguir\u00e1 siendo m\u00e1s multiplataforma.<\/strong>2018 fue el a\u00f1o en que AM \/ FM se convirti\u00f3 en menos del 50% de los oyentes de radio brit\u00e1nicos: DAB (y, en menor medida, en l\u00ednea y DTV) contin\u00faa aumentando en la mayor\u00eda de los pa\u00edses.\u00a0M\u00e1s pa\u00edses ahora est\u00e1n comprometidos con un apag\u00f3n completo de la transmisi\u00f3n de FM, siguiendo el liderazgo de Noruega (que apag\u00f3 las estaciones nacionales y muchas locales en 2017).\u00a0La radio no es una plataforma, es una cosa, un estilo de programaci\u00f3n de audio.<br \/>\n<strong>Podcasting seguir\u00e1 creciendo.<\/strong>Publico Podnews, un bolet\u00edn diario de podcast, en podnews.net y he visto un crecimiento considerable en la cantidad de lectores, la actividad de la industria y la competencia.\u00a0Todav\u00eda es una peque\u00f1a parte del consumo de medios, pero seguir\u00e1 creciendo lentamente.\u00a0Spotify agreg\u00f3 podcasts a principios de este a\u00f1o, y se ha convertido en un contendiente # 2 fuerte;\u00a0en los EE. UU., la entrada de Pandora en el mercado puede ayudar a aumentar el consumo a\u00fan m\u00e1s.<br \/>\n<strong>Nueva tecnolog\u00eda significar\u00e1 nuevos formatos.\u00a0<\/strong>El Reino Unido tiene una estaci\u00f3n s\u00f3lo para comerciantes y trabajadores de la construcci\u00f3n.\u00a0Australia tiene una estaci\u00f3n comercial para ni\u00f1os de 0 a 7 a\u00f1os.\u00a0Seguiremos viendo estaciones con formatos nuevos e interesantes, posibles gracias a nuevas formas de transmitir estaciones.<br \/>\n<strong>La gente se enamorar\u00e1 de la radio en vivo y lineal en su tel\u00e9fono m\u00f3vil.<\/strong>Esto ya est\u00e1 sucediendo, dice algunas de las estad\u00edsticas que estoy siguiendo.\u00a0La radio musical es una segunda opci\u00f3n pobre para los placeres interactivos de Spotify o YouTube Music, con menos anuncios y interactividad.\u00a0La radio hablada es, en cierto modo, una mala segunda opci\u00f3n para el podcasting.\u00a0Veremos m\u00e1s del tipo de servicios que ofrece Kronehit en Austria: una forma de quedarse con un servicio de radio en vivo, pero tambi\u00e9n omitir canciones y segmentos que no le gustan.<br \/>\n<strong>El salpicadero del coche seguir\u00e1 ofreciendo m\u00e1s opciones.\u00a0<\/strong>Ya sea que se trate de podcasting, Spotify u otros competidores para la radio tradicional, la radio debe estar en la delantera para continuar compitiendo.\u00a0Trabajar con una radio h\u00edbrida y conectada que haga que la experiencia del usuario sea mejor es vital para el \u00e9xito.<br \/>\nEsta es mi \u00faltima columna para 2018. (Sigo publicando Podnews, el bolet\u00edn diario de podcasting, todos los d\u00edas, incluso durante Navidad, porque el podcasting nunca se detiene.)<br \/>\nUna menci\u00f3n especial a la gente de AllAccess, que publica esta columna en los Estados Unidos. &#8211; con base en Malib\u00fa, California, tuvieron que hacer frente a incendios extraordinarios que amenazaron sus oficinas y quemaron por completo la casa de su editor Joel Denver.\u00a0Mientras que las estaciones de radio en todas partes siguen bombeando los golpes calientes, han estado bombeando agua en incendios m\u00e1s calientes.\u00a0Esperamos un 2019 m\u00e1s decidido para ellos y para todos nosotros.<\/p>\n<\/div>\n<\/div>\n<\/div>\n<p>&nbsp;<\/p>\n","protected":false},"excerpt":{"rendered":"<div class=\"mh-excerpt\"><p>Radio ma\u00f1ana\u00a0\u00a0con\u00a0\u00a0James Cridland \u00bfQu\u00e9 veremos en la radio en 2019?\u00a0Mi trabajo consiste en observar las tendencias en el consumo de radio, no realmente en el futuro: pero quiz\u00e1s ofrezco lo <a class=\"mh-excerpt-more\" href=\"https:\/\/amigafm.cl\/wp\/radio-en-2019-algunas-predicciones\/\" title=\"Radio en 2019 &#8211; algunas predicciones.\">[&#8230;]<\/a><\/p>\n<\/div>","protected":false},"author":2,"featured_media":0,"comment_status":"closed","ping_status":"open","sticky":false,"template":"","format":"standard","meta":{"_joinchat":[]},"categories":[1],"tags":[],"yoast_head":"<!-- This site is optimized with the Yoast SEO plugin v19.13 - https:\/\/yoast.com\/wordpress\/plugins\/seo\/ -->\n<title>Radio en 2019 - algunas predicciones. - Radio Amiga Fm PRIMERA SINTONIA EN LA COMUNA<\/title>\n<meta name=\"robots\" content=\"index, follow, max-snippet:-1, max-image-preview:large, max-video-preview:-1\" \/>\n<link rel=\"canonical\" href=\"https:\/\/amigafm.cl\/wp\/radio-en-2019-algunas-predicciones\/\" \/>\n<meta property=\"og:locale\" content=\"es_ES\" \/>\n<meta property=\"og:type\" content=\"article\" \/>\n<meta property=\"og:title\" content=\"Radio en 2019 - algunas predicciones. - Radio Amiga Fm PRIMERA SINTONIA EN LA COMUNA\" \/>\n<meta property=\"og:description\" content=\"Radio ma\u00f1ana\u00a0\u00a0con\u00a0\u00a0James Cridland \u00bfQu\u00e9 veremos en la radio en 2019?\u00a0Mi trabajo consiste en observar las tendencias en el consumo de radio, no realmente en el futuro: pero quiz\u00e1s ofrezco lo [...]\" \/>\n<meta property=\"og:url\" content=\"https:\/\/amigafm.cl\/wp\/radio-en-2019-algunas-predicciones\/\" \/>\n<meta property=\"og:site_name\" content=\"Radio Amiga Fm PRIMERA SINTONIA EN LA COMUNA\" \/>\n<meta property=\"article:publisher\" content=\"https:\/\/www.facebook.com\/Radio-Amiga-FM-1007-Calbuco-108101179295593\/\" \/>\n<meta property=\"article:published_time\" content=\"2018-12-18T17:05:42+00:00\" \/>\n<meta property=\"article:modified_time\" content=\"2018-12-18T17:08:47+00:00\" \/>\n<meta name=\"author\" content=\"Director\" \/>\n<meta name=\"twitter:card\" content=\"summary_large_image\" \/>\n<meta name=\"twitter:creator\" content=\"@radio_amiga\" \/>\n<meta name=\"twitter:site\" content=\"@radio_amiga\" \/>\n<meta name=\"twitter:label1\" content=\"Escrito por\" \/>\n\t<meta name=\"twitter:data1\" content=\"Director\" \/>\n\t<meta name=\"twitter:label2\" content=\"Tiempo de lectura\" \/>\n\t<meta name=\"twitter:data2\" content=\"3 minutos\" \/>\n<script type=\"application\/ld+json\" class=\"yoast-schema-graph\">{\"@context\":\"https:\/\/schema.org\",\"@graph\":[{\"@type\":\"Article\",\"@id\":\"https:\/\/amigafm.cl\/wp\/radio-en-2019-algunas-predicciones\/#article\",\"isPartOf\":{\"@id\":\"https:\/\/amigafm.cl\/wp\/radio-en-2019-algunas-predicciones\/\"},\"author\":{\"name\":\"Director\",\"@id\":\"https:\/\/amigafm.cl\/wp\/#\/schema\/person\/00f53fed00c368e199df9344ff3ee798\"},\"headline\":\"Radio en 2019 &#8211; algunas predicciones.\",\"datePublished\":\"2018-12-18T17:05:42+00:00\",\"dateModified\":\"2018-12-18T17:08:47+00:00\",\"mainEntityOfPage\":{\"@id\":\"https:\/\/amigafm.cl\/wp\/radio-en-2019-algunas-predicciones\/\"},\"wordCount\":644,\"publisher\":{\"@id\":\"https:\/\/amigafm.cl\/wp\/#organization\"},\"articleSection\":[\"NOTICIAS\"],\"inLanguage\":\"es\"},{\"@type\":\"WebPage\",\"@id\":\"https:\/\/amigafm.cl\/wp\/radio-en-2019-algunas-predicciones\/\",\"url\":\"https:\/\/amigafm.cl\/wp\/radio-en-2019-algunas-predicciones\/\",\"name\":\"Radio en 2019 - algunas predicciones. - Radio Amiga Fm PRIMERA SINTONIA EN LA COMUNA\",\"isPartOf\":{\"@id\":\"https:\/\/amigafm.cl\/wp\/#website\"},\"datePublished\":\"2018-12-18T17:05:42+00:00\",\"dateModified\":\"2018-12-18T17:08:47+00:00\",\"breadcrumb\":{\"@id\":\"https:\/\/amigafm.cl\/wp\/radio-en-2019-algunas-predicciones\/#breadcrumb\"},\"inLanguage\":\"es\",\"potentialAction\":[{\"@type\":\"ReadAction\",\"target\":[\"https:\/\/amigafm.cl\/wp\/radio-en-2019-algunas-predicciones\/\"]}]},{\"@type\":\"BreadcrumbList\",\"@id\":\"https:\/\/amigafm.cl\/wp\/radio-en-2019-algunas-predicciones\/#breadcrumb\",\"itemListElement\":[{\"@type\":\"ListItem\",\"position\":1,\"name\":\"Portada\",\"item\":\"https:\/\/amigafm.cl\/wp\/\"},{\"@type\":\"ListItem\",\"position\":2,\"name\":\"Radio en 2019 &#8211; algunas predicciones.\"}]},{\"@type\":\"WebSite\",\"@id\":\"https:\/\/amigafm.cl\/wp\/#website\",\"url\":\"https:\/\/amigafm.cl\/wp\/\",\"name\":\"Radio Amiga Fm PRIMERA SINTONIA EN LA COMUNA\",\"description\":\"&quot;CONTAMOS LA VERDAD&quot;\",\"publisher\":{\"@id\":\"https:\/\/amigafm.cl\/wp\/#organization\"},\"potentialAction\":[{\"@type\":\"SearchAction\",\"target\":{\"@type\":\"EntryPoint\",\"urlTemplate\":\"https:\/\/amigafm.cl\/wp\/?s={search_term_string}\"},\"query-input\":\"required name=search_term_string\"}],\"inLanguage\":\"es\"},{\"@type\":\"Organization\",\"@id\":\"https:\/\/amigafm.cl\/wp\/#organization\",\"name\":\"Comvasquez Ltda\",\"url\":\"https:\/\/amigafm.cl\/wp\/\",\"logo\":{\"@type\":\"ImageObject\",\"inLanguage\":\"es\",\"@id\":\"https:\/\/amigafm.cl\/wp\/#\/schema\/logo\/image\/\",\"url\":\"https:\/\/amigafm.cl\/wp\/wp-content\/uploads\/2018\/04\/logocomvasquezltda-png.png\",\"contentUrl\":\"https:\/\/amigafm.cl\/wp\/wp-content\/uploads\/2018\/04\/logocomvasquezltda-png.png\",\"width\":1280,\"height\":514,\"caption\":\"Comvasquez Ltda\"},\"image\":{\"@id\":\"https:\/\/amigafm.cl\/wp\/#\/schema\/logo\/image\/\"},\"sameAs\":[\"https:\/\/www.facebook.com\/Radio-Amiga-FM-1007-Calbuco-108101179295593\/\",\"https:\/\/twitter.com\/radio_amiga\"]},{\"@type\":\"Person\",\"@id\":\"https:\/\/amigafm.cl\/wp\/#\/schema\/person\/00f53fed00c368e199df9344ff3ee798\",\"name\":\"Director\",\"sameAs\":[\"http:\/\/www.amigafm.cl\"],\"url\":\"https:\/\/amigafm.cl\/wp\/author\/director\/\"}]}<\/script>\n<!-- \/ Yoast SEO plugin. -->","yoast_head_json":{"title":"Radio en 2019 - algunas predicciones. - Radio Amiga Fm PRIMERA SINTONIA EN LA COMUNA","robots":{"index":"index","follow":"follow","max-snippet":"max-snippet:-1","max-image-preview":"max-image-preview:large","max-video-preview":"max-video-preview:-1"},"canonical":"https:\/\/amigafm.cl\/wp\/radio-en-2019-algunas-predicciones\/","og_locale":"es_ES","og_type":"article","og_title":"Radio en 2019 - algunas predicciones. - Radio Amiga Fm PRIMERA SINTONIA EN LA COMUNA","og_description":"Radio ma\u00f1ana\u00a0\u00a0con\u00a0\u00a0James Cridland \u00bfQu\u00e9 veremos en la radio en 2019?\u00a0Mi trabajo consiste en observar las tendencias en el consumo de radio, no realmente en el futuro: pero quiz\u00e1s ofrezco lo [...]","og_url":"https:\/\/amigafm.cl\/wp\/radio-en-2019-algunas-predicciones\/","og_site_name":"Radio Amiga Fm PRIMERA SINTONIA EN LA COMUNA","article_publisher":"https:\/\/www.facebook.com\/Radio-Amiga-FM-1007-Calbuco-108101179295593\/","article_published_time":"2018-12-18T17:05:42+00:00","article_modified_time":"2018-12-18T17:08:47+00:00","author":"Director","twitter_card":"summary_large_image","twitter_creator":"@radio_amiga","twitter_site":"@radio_amiga","twitter_misc":{"Escrito por":"Director","Tiempo de lectura":"3 minutos"},"schema":{"@context":"https:\/\/schema.org","@graph":[{"@type":"Article","@id":"https:\/\/amigafm.cl\/wp\/radio-en-2019-algunas-predicciones\/#article","isPartOf":{"@id":"https:\/\/amigafm.cl\/wp\/radio-en-2019-algunas-predicciones\/"},"author":{"name":"Director","@id":"https:\/\/amigafm.cl\/wp\/#\/schema\/person\/00f53fed00c368e199df9344ff3ee798"},"headline":"Radio en 2019 &#8211; algunas predicciones.","datePublished":"2018-12-18T17:05:42+00:00","dateModified":"2018-12-18T17:08:47+00:00","mainEntityOfPage":{"@id":"https:\/\/amigafm.cl\/wp\/radio-en-2019-algunas-predicciones\/"},"wordCount":644,"publisher":{"@id":"https:\/\/amigafm.cl\/wp\/#organization"},"articleSection":["NOTICIAS"],"inLanguage":"es"},{"@type":"WebPage","@id":"https:\/\/amigafm.cl\/wp\/radio-en-2019-algunas-predicciones\/","url":"https:\/\/amigafm.cl\/wp\/radio-en-2019-algunas-predicciones\/","name":"Radio en 2019 - algunas predicciones. - Radio Amiga Fm PRIMERA SINTONIA EN LA COMUNA","isPartOf":{"@id":"https:\/\/amigafm.cl\/wp\/#website"},"datePublished":"2018-12-18T17:05:42+00:00","dateModified":"2018-12-18T17:08:47+00:00","breadcrumb":{"@id":"https:\/\/amigafm.cl\/wp\/radio-en-2019-algunas-predicciones\/#breadcrumb"},"inLanguage":"es","potentialAction":[{"@type":"ReadAction","target":["https:\/\/amigafm.cl\/wp\/radio-en-2019-algunas-predicciones\/"]}]},{"@type":"BreadcrumbList","@id":"https:\/\/amigafm.cl\/wp\/radio-en-2019-algunas-predicciones\/#breadcrumb","itemListElement":[{"@type":"ListItem","position":1,"name":"Portada","item":"https:\/\/amigafm.cl\/wp\/"},{"@type":"ListItem","position":2,"name":"Radio en 2019 &#8211; algunas predicciones."}]},{"@type":"WebSite","@id":"https:\/\/amigafm.cl\/wp\/#website","url":"https:\/\/amigafm.cl\/wp\/","name":"Radio Amiga Fm PRIMERA SINTONIA EN LA COMUNA","description":"&quot;CONTAMOS LA VERDAD&quot;","publisher":{"@id":"https:\/\/amigafm.cl\/wp\/#organization"},"potentialAction":[{"@type":"SearchAction","target":{"@type":"EntryPoint","urlTemplate":"https:\/\/amigafm.cl\/wp\/?s={search_term_string}"},"query-input":"required name=search_term_string"}],"inLanguage":"es"},{"@type":"Organization","@id":"https:\/\/amigafm.cl\/wp\/#organization","name":"Comvasquez Ltda","url":"https:\/\/amigafm.cl\/wp\/","logo":{"@type":"ImageObject","inLanguage":"es","@id":"https:\/\/amigafm.cl\/wp\/#\/schema\/logo\/image\/","url":"https:\/\/amigafm.cl\/wp\/wp-content\/uploads\/2018\/04\/logocomvasquezltda-png.png","contentUrl":"https:\/\/amigafm.cl\/wp\/wp-content\/uploads\/2018\/04\/logocomvasquezltda-png.png","width":1280,"height":514,"caption":"Comvasquez Ltda"},"image":{"@id":"https:\/\/amigafm.cl\/wp\/#\/schema\/logo\/image\/"},"sameAs":["https:\/\/www.facebook.com\/Radio-Amiga-FM-1007-Calbuco-108101179295593\/","https:\/\/twitter.com\/radio_amiga"]},{"@type":"Person","@id":"https:\/\/amigafm.cl\/wp\/#\/schema\/person\/00f53fed00c368e199df9344ff3ee798","name":"Director","sameAs":["http:\/\/www.amigafm.cl"],"url":"https:\/\/amigafm.cl\/wp\/author\/director\/"}]}},"_links":{"self":[{"href":"https:\/\/amigafm.cl\/wp\/wp-json\/wp\/v2\/posts\/3428"}],"collection":[{"href":"https:\/\/amigafm.cl\/wp\/wp-json\/wp\/v2\/posts"}],"about":[{"href":"https:\/\/amigafm.cl\/wp\/wp-json\/wp\/v2\/types\/post"}],"author":[{"embeddable":true,"href":"https:\/\/amigafm.cl\/wp\/wp-json\/wp\/v2\/users\/2"}],"replies":[{"embeddable":true,"href":"https:\/\/amigafm.cl\/wp\/wp-json\/wp\/v2\/comments?post=3428"}],"version-history":[{"count":2,"href":"https:\/\/amigafm.cl\/wp\/wp-json\/wp\/v2\/posts\/3428\/revisions"}],"predecessor-version":[{"id":3432,"href":"https:\/\/amigafm.cl\/wp\/wp-json\/wp\/v2\/posts\/3428\/revisions\/3432"}],"wp:attachment":[{"href":"https:\/\/amigafm.cl\/wp\/wp-json\/wp\/v2\/media?parent=3428"}],"wp:term":[{"taxonomy":"category","embeddable":true,"href":"https:\/\/amigafm.cl\/wp\/wp-json\/wp\/v2\/categories?post=3428"},{"taxonomy":"post_tag","embeddable":true,"href":"https:\/\/amigafm.cl\/wp\/wp-json\/wp\/v2\/tags?post=3428"}],"curies":[{"name":"wp","href":"https:\/\/api.w.org\/{rel}","templated":true}]}}