{"id":2384,"date":"2018-07-15T02:55:40","date_gmt":"2018-07-15T02:55:40","guid":{"rendered":"https:\/\/amigafm.cl\/wp\/?p=2384"},"modified":"2018-07-15T02:55:40","modified_gmt":"2018-07-15T02:55:40","slug":"fach-traslada-a-estudiantes-universitarios-hasta-balmaceda","status":"publish","type":"post","link":"https:\/\/amigafm.cl\/wp\/fach-traslada-a-estudiantes-universitarios-hasta-balmaceda\/","title":{"rendered":"FACH TRASLADA A ESTUDIANTES UNIVERSITARIOS HASTA BALMACEDA"},"content":{"rendered":"<div id=\"fb-root\"><\/div>\n<p>&nbsp;<\/p>\n<p>Actividad permiti\u00f3 que j\u00f3venes oriundos de la Regi\u00f3n de Ays\u00e9n y que estudian en diferentes partes del pa\u00eds regresaran a sus hogares a pasar las vacaciones de invierno.<\/p>\n<p><img loading=\"lazy\" class=\"alignnone size-medium wp-image-2385\" src=\"https:\/\/amigafm.cl\/wp\/wp-content\/uploads\/2018\/07\/BALMACEDA-1-649x365.jpeg\" alt=\"\" width=\"649\" height=\"365\" \/><\/p>\n<p>Este viernes 13 de julio, la Fuerza A\u00e9rea de Chile traslad\u00f3 hasta la ciudad de Balmaceda a m\u00e1s de 150 alumnos universitarios oriundos de la Regi\u00f3n de Ays\u00e9n, quienes se encuentran estudiando en Santiago, Puerto Montt, Valdivia y zonas aleda\u00f1as, con el prop\u00f3sito de apoyarlos en el regreso a sus hogares para iniciar su per\u00edodo de vacaciones de invierno y puedan compartir con sus familias.<\/p>\n<p><img loading=\"lazy\" class=\"alignnone size-medium wp-image-2388\" src=\"https:\/\/amigafm.cl\/wp\/wp-content\/uploads\/2018\/07\/PUERTO-MONTT-3-487x365.jpeg\" alt=\"\" width=\"487\" height=\"365\" \/><\/p>\n<p>Los estudiantes fueron trasladados en un avi\u00f3n Boeing 737 desde la Base A\u00e9rea Pudahuel ubicada en Santiago, con un grupo de 46 j\u00f3venes universitarios, hasta la Base A\u00e9rea El Tepua de Puerto Monttl, lugar en el cual se embarc\u00f3 el resto de los alumnos que estudian en establecimientos de educaci\u00f3n superior en la capital de la Regi\u00f3n de Los Lagos y sectores aleda\u00f1os.<\/p>\n<p><img loading=\"lazy\" class=\"alignnone size-medium wp-image-2387\" src=\"https:\/\/amigafm.cl\/wp\/wp-content\/uploads\/2018\/07\/PUERTO-MONTT-1-487x365.jpeg\" alt=\"\" width=\"487\" height=\"365\" \/><\/p>\n<p>Cabe destacar que esta actividad, tradicional en esta \u00e9poca, se gesta a\u00f1o a a\u00f1o gracias a la coordinaci\u00f3n del Gobierno Regional de Ays\u00e9n con la Instituci\u00f3n, respondiendo a la necesidad de las familias que viven en zonas apartadas del sur del pa\u00eds de lograr trasladar a sus hijos de forma r\u00e1pida y segura.<\/p>\n<p>&nbsp;<\/p>\n","protected":false},"excerpt":{"rendered":"<div class=\"mh-excerpt\"><p>&nbsp; Actividad permiti\u00f3 que j\u00f3venes oriundos de la Regi\u00f3n de Ays\u00e9n y que estudian en diferentes partes del pa\u00eds regresaran a sus hogares a pasar las vacaciones de invierno. Este <a class=\"mh-excerpt-more\" href=\"https:\/\/amigafm.cl\/wp\/fach-traslada-a-estudiantes-universitarios-hasta-balmaceda\/\" title=\"FACH TRASLADA A ESTUDIANTES UNIVERSITARIOS HASTA BALMACEDA\">[&#8230;]<\/a><\/p>\n<\/div>","protected":false},"author":2,"featured_media":0,"comment_status":"closed","ping_status":"open","sticky":false,"template":"","format":"standard","meta":{"_joinchat":[]},"categories":[1],"tags":[],"yoast_head":"<!-- This site is optimized with the Yoast SEO plugin v19.13 - https:\/\/yoast.com\/wordpress\/plugins\/seo\/ -->\n<title>FACH TRASLADA A ESTUDIANTES UNIVERSITARIOS HASTA BALMACEDA - Radio Amiga Fm PRIMERA SINTONIA EN LA COMUNA<\/title>\n<meta name=\"robots\" content=\"index, follow, max-snippet:-1, max-image-preview:large, max-video-preview:-1\" \/>\n<link rel=\"canonical\" href=\"https:\/\/amigafm.cl\/wp\/fach-traslada-a-estudiantes-universitarios-hasta-balmaceda\/\" \/>\n<meta property=\"og:locale\" content=\"es_ES\" \/>\n<meta property=\"og:type\" content=\"article\" \/>\n<meta property=\"og:title\" content=\"FACH TRASLADA A ESTUDIANTES UNIVERSITARIOS HASTA BALMACEDA - Radio Amiga Fm PRIMERA SINTONIA EN LA COMUNA\" \/>\n<meta property=\"og:description\" content=\"&nbsp; Actividad permiti\u00f3 que j\u00f3venes oriundos de la Regi\u00f3n de Ays\u00e9n y que estudian en diferentes partes del pa\u00eds regresaran a sus hogares a pasar las vacaciones de invierno. Este [...]\" \/>\n<meta property=\"og:url\" content=\"https:\/\/amigafm.cl\/wp\/fach-traslada-a-estudiantes-universitarios-hasta-balmaceda\/\" \/>\n<meta property=\"og:site_name\" content=\"Radio Amiga Fm PRIMERA SINTONIA EN LA COMUNA\" \/>\n<meta property=\"article:publisher\" content=\"https:\/\/www.facebook.com\/Radio-Amiga-FM-1007-Calbuco-108101179295593\/\" \/>\n<meta property=\"article:published_time\" content=\"2018-07-15T02:55:40+00:00\" \/>\n<meta property=\"og:image\" content=\"https:\/\/amigafm.cl\/wp\/wp-content\/uploads\/2018\/07\/BALMACEDA-1-649x365.jpeg\" \/>\n<meta name=\"author\" content=\"Director\" \/>\n<meta name=\"twitter:card\" content=\"summary_large_image\" \/>\n<meta name=\"twitter:creator\" content=\"@radio_amiga\" \/>\n<meta name=\"twitter:site\" content=\"@radio_amiga\" \/>\n<meta name=\"twitter:label1\" content=\"Escrito por\" \/>\n\t<meta name=\"twitter:data1\" content=\"Director\" \/>\n\t<meta name=\"twitter:label2\" content=\"Tiempo de lectura\" \/>\n\t<meta name=\"twitter:data2\" content=\"1 minuto\" \/>\n<script type=\"application\/ld+json\" class=\"yoast-schema-graph\">{\"@context\":\"https:\/\/schema.org\",\"@graph\":[{\"@type\":\"Article\",\"@id\":\"https:\/\/amigafm.cl\/wp\/fach-traslada-a-estudiantes-universitarios-hasta-balmaceda\/#article\",\"isPartOf\":{\"@id\":\"https:\/\/amigafm.cl\/wp\/fach-traslada-a-estudiantes-universitarios-hasta-balmaceda\/\"},\"author\":{\"name\":\"Director\",\"@id\":\"https:\/\/amigafm.cl\/wp\/#\/schema\/person\/00f53fed00c368e199df9344ff3ee798\"},\"headline\":\"FACH TRASLADA A ESTUDIANTES UNIVERSITARIOS HASTA BALMACEDA\",\"datePublished\":\"2018-07-15T02:55:40+00:00\",\"dateModified\":\"2018-07-15T02:55:40+00:00\",\"mainEntityOfPage\":{\"@id\":\"https:\/\/amigafm.cl\/wp\/fach-traslada-a-estudiantes-universitarios-hasta-balmaceda\/\"},\"wordCount\":239,\"publisher\":{\"@id\":\"https:\/\/amigafm.cl\/wp\/#organization\"},\"articleSection\":[\"NOTICIAS\"],\"inLanguage\":\"es\"},{\"@type\":\"WebPage\",\"@id\":\"https:\/\/amigafm.cl\/wp\/fach-traslada-a-estudiantes-universitarios-hasta-balmaceda\/\",\"url\":\"https:\/\/amigafm.cl\/wp\/fach-traslada-a-estudiantes-universitarios-hasta-balmaceda\/\",\"name\":\"FACH TRASLADA A ESTUDIANTES UNIVERSITARIOS HASTA BALMACEDA - Radio Amiga Fm PRIMERA SINTONIA EN LA COMUNA\",\"isPartOf\":{\"@id\":\"https:\/\/amigafm.cl\/wp\/#website\"},\"datePublished\":\"2018-07-15T02:55:40+00:00\",\"dateModified\":\"2018-07-15T02:55:40+00:00\",\"breadcrumb\":{\"@id\":\"https:\/\/amigafm.cl\/wp\/fach-traslada-a-estudiantes-universitarios-hasta-balmaceda\/#breadcrumb\"},\"inLanguage\":\"es\",\"potentialAction\":[{\"@type\":\"ReadAction\",\"target\":[\"https:\/\/amigafm.cl\/wp\/fach-traslada-a-estudiantes-universitarios-hasta-balmaceda\/\"]}]},{\"@type\":\"BreadcrumbList\",\"@id\":\"https:\/\/amigafm.cl\/wp\/fach-traslada-a-estudiantes-universitarios-hasta-balmaceda\/#breadcrumb\",\"itemListElement\":[{\"@type\":\"ListItem\",\"position\":1,\"name\":\"Portada\",\"item\":\"https:\/\/amigafm.cl\/wp\/\"},{\"@type\":\"ListItem\",\"position\":2,\"name\":\"FACH TRASLADA A ESTUDIANTES UNIVERSITARIOS HASTA BALMACEDA\"}]},{\"@type\":\"WebSite\",\"@id\":\"https:\/\/amigafm.cl\/wp\/#website\",\"url\":\"https:\/\/amigafm.cl\/wp\/\",\"name\":\"Radio Amiga Fm PRIMERA SINTONIA EN LA COMUNA\",\"description\":\"&quot;CONTAMOS LA VERDAD&quot;\",\"publisher\":{\"@id\":\"https:\/\/amigafm.cl\/wp\/#organization\"},\"potentialAction\":[{\"@type\":\"SearchAction\",\"target\":{\"@type\":\"EntryPoint\",\"urlTemplate\":\"https:\/\/amigafm.cl\/wp\/?s={search_term_string}\"},\"query-input\":\"required name=search_term_string\"}],\"inLanguage\":\"es\"},{\"@type\":\"Organization\",\"@id\":\"https:\/\/amigafm.cl\/wp\/#organization\",\"name\":\"Comvasquez Ltda\",\"url\":\"https:\/\/amigafm.cl\/wp\/\",\"logo\":{\"@type\":\"ImageObject\",\"inLanguage\":\"es\",\"@id\":\"https:\/\/amigafm.cl\/wp\/#\/schema\/logo\/image\/\",\"url\":\"https:\/\/amigafm.cl\/wp\/wp-content\/uploads\/2018\/04\/logocomvasquezltda-png.png\",\"contentUrl\":\"https:\/\/amigafm.cl\/wp\/wp-content\/uploads\/2018\/04\/logocomvasquezltda-png.png\",\"width\":1280,\"height\":514,\"caption\":\"Comvasquez Ltda\"},\"image\":{\"@id\":\"https:\/\/amigafm.cl\/wp\/#\/schema\/logo\/image\/\"},\"sameAs\":[\"https:\/\/www.facebook.com\/Radio-Amiga-FM-1007-Calbuco-108101179295593\/\",\"https:\/\/twitter.com\/radio_amiga\"]},{\"@type\":\"Person\",\"@id\":\"https:\/\/amigafm.cl\/wp\/#\/schema\/person\/00f53fed00c368e199df9344ff3ee798\",\"name\":\"Director\",\"sameAs\":[\"http:\/\/www.amigafm.cl\"],\"url\":\"https:\/\/amigafm.cl\/wp\/author\/director\/\"}]}<\/script>\n<!-- \/ Yoast SEO plugin. -->","yoast_head_json":{"title":"FACH TRASLADA A ESTUDIANTES UNIVERSITARIOS HASTA BALMACEDA - Radio Amiga Fm PRIMERA SINTONIA EN LA COMUNA","robots":{"index":"index","follow":"follow","max-snippet":"max-snippet:-1","max-image-preview":"max-image-preview:large","max-video-preview":"max-video-preview:-1"},"canonical":"https:\/\/amigafm.cl\/wp\/fach-traslada-a-estudiantes-universitarios-hasta-balmaceda\/","og_locale":"es_ES","og_type":"article","og_title":"FACH TRASLADA A ESTUDIANTES UNIVERSITARIOS HASTA BALMACEDA - Radio Amiga Fm PRIMERA SINTONIA EN LA COMUNA","og_description":"&nbsp; Actividad permiti\u00f3 que j\u00f3venes oriundos de la Regi\u00f3n de Ays\u00e9n y que estudian en diferentes partes del pa\u00eds regresaran a sus hogares a pasar las vacaciones de invierno. Este [...]","og_url":"https:\/\/amigafm.cl\/wp\/fach-traslada-a-estudiantes-universitarios-hasta-balmaceda\/","og_site_name":"Radio Amiga Fm PRIMERA SINTONIA EN LA COMUNA","article_publisher":"https:\/\/www.facebook.com\/Radio-Amiga-FM-1007-Calbuco-108101179295593\/","article_published_time":"2018-07-15T02:55:40+00:00","og_image":[{"url":"https:\/\/amigafm.cl\/wp\/wp-content\/uploads\/2018\/07\/BALMACEDA-1-649x365.jpeg"}],"author":"Director","twitter_card":"summary_large_image","twitter_creator":"@radio_amiga","twitter_site":"@radio_amiga","twitter_misc":{"Escrito por":"Director","Tiempo de lectura":"1 minuto"},"schema":{"@context":"https:\/\/schema.org","@graph":[{"@type":"Article","@id":"https:\/\/amigafm.cl\/wp\/fach-traslada-a-estudiantes-universitarios-hasta-balmaceda\/#article","isPartOf":{"@id":"https:\/\/amigafm.cl\/wp\/fach-traslada-a-estudiantes-universitarios-hasta-balmaceda\/"},"author":{"name":"Director","@id":"https:\/\/amigafm.cl\/wp\/#\/schema\/person\/00f53fed00c368e199df9344ff3ee798"},"headline":"FACH TRASLADA A ESTUDIANTES UNIVERSITARIOS HASTA BALMACEDA","datePublished":"2018-07-15T02:55:40+00:00","dateModified":"2018-07-15T02:55:40+00:00","mainEntityOfPage":{"@id":"https:\/\/amigafm.cl\/wp\/fach-traslada-a-estudiantes-universitarios-hasta-balmaceda\/"},"wordCount":239,"publisher":{"@id":"https:\/\/amigafm.cl\/wp\/#organization"},"articleSection":["NOTICIAS"],"inLanguage":"es"},{"@type":"WebPage","@id":"https:\/\/amigafm.cl\/wp\/fach-traslada-a-estudiantes-universitarios-hasta-balmaceda\/","url":"https:\/\/amigafm.cl\/wp\/fach-traslada-a-estudiantes-universitarios-hasta-balmaceda\/","name":"FACH TRASLADA A ESTUDIANTES UNIVERSITARIOS HASTA BALMACEDA - Radio Amiga Fm PRIMERA SINTONIA EN LA COMUNA","isPartOf":{"@id":"https:\/\/amigafm.cl\/wp\/#website"},"datePublished":"2018-07-15T02:55:40+00:00","dateModified":"2018-07-15T02:55:40+00:00","breadcrumb":{"@id":"https:\/\/amigafm.cl\/wp\/fach-traslada-a-estudiantes-universitarios-hasta-balmaceda\/#breadcrumb"},"inLanguage":"es","potentialAction":[{"@type":"ReadAction","target":["https:\/\/amigafm.cl\/wp\/fach-traslada-a-estudiantes-universitarios-hasta-balmaceda\/"]}]},{"@type":"BreadcrumbList","@id":"https:\/\/amigafm.cl\/wp\/fach-traslada-a-estudiantes-universitarios-hasta-balmaceda\/#breadcrumb","itemListElement":[{"@type":"ListItem","position":1,"name":"Portada","item":"https:\/\/amigafm.cl\/wp\/"},{"@type":"ListItem","position":2,"name":"FACH TRASLADA A ESTUDIANTES UNIVERSITARIOS HASTA BALMACEDA"}]},{"@type":"WebSite","@id":"https:\/\/amigafm.cl\/wp\/#website","url":"https:\/\/amigafm.cl\/wp\/","name":"Radio Amiga Fm PRIMERA SINTONIA EN LA COMUNA","description":"&quot;CONTAMOS LA VERDAD&quot;","publisher":{"@id":"https:\/\/amigafm.cl\/wp\/#organization"},"potentialAction":[{"@type":"SearchAction","target":{"@type":"EntryPoint","urlTemplate":"https:\/\/amigafm.cl\/wp\/?s={search_term_string}"},"query-input":"required name=search_term_string"}],"inLanguage":"es"},{"@type":"Organization","@id":"https:\/\/amigafm.cl\/wp\/#organization","name":"Comvasquez Ltda","url":"https:\/\/amigafm.cl\/wp\/","logo":{"@type":"ImageObject","inLanguage":"es","@id":"https:\/\/amigafm.cl\/wp\/#\/schema\/logo\/image\/","url":"https:\/\/amigafm.cl\/wp\/wp-content\/uploads\/2018\/04\/logocomvasquezltda-png.png","contentUrl":"https:\/\/amigafm.cl\/wp\/wp-content\/uploads\/2018\/04\/logocomvasquezltda-png.png","width":1280,"height":514,"caption":"Comvasquez Ltda"},"image":{"@id":"https:\/\/amigafm.cl\/wp\/#\/schema\/logo\/image\/"},"sameAs":["https:\/\/www.facebook.com\/Radio-Amiga-FM-1007-Calbuco-108101179295593\/","https:\/\/twitter.com\/radio_amiga"]},{"@type":"Person","@id":"https:\/\/amigafm.cl\/wp\/#\/schema\/person\/00f53fed00c368e199df9344ff3ee798","name":"Director","sameAs":["http:\/\/www.amigafm.cl"],"url":"https:\/\/amigafm.cl\/wp\/author\/director\/"}]}},"_links":{"self":[{"href":"https:\/\/amigafm.cl\/wp\/wp-json\/wp\/v2\/posts\/2384"}],"collection":[{"href":"https:\/\/amigafm.cl\/wp\/wp-json\/wp\/v2\/posts"}],"about":[{"href":"https:\/\/amigafm.cl\/wp\/wp-json\/wp\/v2\/types\/post"}],"author":[{"embeddable":true,"href":"https:\/\/amigafm.cl\/wp\/wp-json\/wp\/v2\/users\/2"}],"replies":[{"embeddable":true,"href":"https:\/\/amigafm.cl\/wp\/wp-json\/wp\/v2\/comments?post=2384"}],"version-history":[{"count":1,"href":"https:\/\/amigafm.cl\/wp\/wp-json\/wp\/v2\/posts\/2384\/revisions"}],"predecessor-version":[{"id":2389,"href":"https:\/\/amigafm.cl\/wp\/wp-json\/wp\/v2\/posts\/2384\/revisions\/2389"}],"wp:attachment":[{"href":"https:\/\/amigafm.cl\/wp\/wp-json\/wp\/v2\/media?parent=2384"}],"wp:term":[{"taxonomy":"category","embeddable":true,"href":"https:\/\/amigafm.cl\/wp\/wp-json\/wp\/v2\/categories?post=2384"},{"taxonomy":"post_tag","embeddable":true,"href":"https:\/\/amigafm.cl\/wp\/wp-json\/wp\/v2\/tags?post=2384"}],"curies":[{"name":"wp","href":"https:\/\/api.w.org\/{rel}","templated":true}]}}