{"id":2159,"date":"2018-06-12T16:32:08","date_gmt":"2018-06-12T16:32:08","guid":{"rendered":"https:\/\/amigafm.cl\/wp\/?p=2159"},"modified":"2018-06-12T16:32:08","modified_gmt":"2018-06-12T16:32:08","slug":"autoridades-regionales-destacan-proyecto-de-ley-que-crea-el-sistema-de-financiamiento-solidario-para-la-educacion-superior","status":"publish","type":"post","link":"https:\/\/amigafm.cl\/wp\/autoridades-regionales-destacan-proyecto-de-ley-que-crea-el-sistema-de-financiamiento-solidario-para-la-educacion-superior\/","title":{"rendered":"Autoridades regionales destacan proyecto de ley que crea el Sistema de Financiamiento Solidario para la educaci\u00f3n superior"},"content":{"rendered":"<div id=\"fb-root\"><\/div>\n<p><strong><em>La iniciativa reemplazar\u00e1 al Cr\u00e9dito con Aval del Estado y al Fondo Solidario de Cr\u00e9dito Universitario y ser\u00e1 administrado por una instituci\u00f3n estatal, sacando a la banca del sistema. Contempla a todas las instituciones acreditadas, con una tasa de inter\u00e9s del 2% real anual y un esquema de pago de hasta 15 a\u00f1os.<\/em><\/strong><\/p>\n<p>Esta ma\u00f1ana, tras el Gabinete realizado en la Intendencia Regional, el Intendente Harry J\u00fcrgensen, junto a la Seremi de Educaci\u00f3n, Claudia Trillo, presentaron el Sistema de Financiamiento Solidario (SIFS) para la educaci\u00f3n superior a la prensa regional.<\/p>\n<p>El Intendente J\u00fcrgensen destac\u00f3 la iniciativa se\u00f1alando que \u201cla idea es que efectivamente sea un sistema que nos los endeude, porque estamos hablando de un sistema que tiene tasas muy bajas, en el que no hay participaci\u00f3n bancaria y tiene un plazo que se extingue a los 15 a\u00f1os. La m\u00e1xima autoridad regional agreg\u00f3 que \u201ccreemos que es un sistema solidario que permite que aquellos que cumplan con el pago har\u00e1n posible incorporar nuevos demandantes en la educaci\u00f3n, especialmente en la t\u00e9cnico profesional.\u00a0\u00a0Por lo tanto, lo evaluamos muy positivamente y sabemos que con este sistema se incorporan m\u00e1s de 300 mil j\u00f3venes a estudiar en estas carreras\u201d.<\/p>\n<p>En tanto la autoridad del Mineduc, Claudia Trillo, recalc\u00f3 que este sistema contempla a los actuales deudores del CAE, asegurando que \u201clos alumnos que est\u00e9n morosos con el sistema actual, con la banca, deben manifestar la intenci\u00f3n de ser traspasados a este nuevo sistema, para ellos existe esa posibilidad\u201d.<\/p>\n<p>En la misma l\u00ednea, a\u00f1adi\u00f3 que \u201cel actual sistema tiene m\u00e1s de un 40% de morosidad, por lo tanto este nuevo sistema viene a solucionar y dar una respuesta a aquellos estudiantes que hoy est\u00e1n en esta situaci\u00f3n. Este es un remplazo y un mejoramiento total, que concluye en este nuevo sistema de financiamiento solidario\u201d.<\/p>\n<p><strong>Nuevas reglas<\/strong><\/p>\n<p>El Sistema de Financiamiento Solidario (SIFS) reemplazar\u00e1 al Cr\u00e9dito con Aval del Estado (CAE) y al Fondo Solidario de Cr\u00e9dito Universitario (FSCU) y ser\u00e1 administrado por una instituci\u00f3n estatal, sacando a la banca del sistema.<\/p>\n<p>El SIFS estar\u00e1 disponible para todos los estudiantes que pertenezcan a los nueve primeros deciles de ingresos y accedan a instituciones de educaci\u00f3n superior acreditadas. Para quienes ingresan a universidades, deben tener al menos 475 puntos promedio en la PSU. Quienes opten por CFT o IP, deber\u00e1n tener un promedio NEM superior a 5,3 o pertenecer al 50% superior de su promoci\u00f3n o ranking.<\/p>\n<p>El sistema financiar\u00e1 el arancel regulado m\u00e1s un porcentaje de la brecha entre arancel regulado y arancel real (\u00e9ste depender\u00e1 de la vulnerabilidad del estudiante y del nivel de acreditaci\u00f3n de la instituci\u00f3n), con un tope de 1,5 veces el arancel regulado, y tendr\u00e1 una tasa de inter\u00e9s de 2% real anual.<\/p>\n<p>Las instituciones de educaci\u00f3n superior deber\u00e1n garantizar que los alumnos que obtengan el cr\u00e9dito estatal y que pertenezcan a los seis primeros deciles de ingresos no paguen mientras estudian. Para ello, deber\u00e1n cubrir aquella parte del arancel real que no cubre el cr\u00e9dito estatal y las becas de arancel estatales con becas y\/o cr\u00e9ditos propios.<\/p>\n<p>El esquema de pago del SIFS contempla hasta 180 cuotas (15 a\u00f1os). Una vez pagadas, la deuda se extinguir\u00e1 sea cual sea el remanente. En el caso de las cuotas que los j\u00f3venes soliciten suspender por cesant\u00eda o por tener ingresos inferiores al salario m\u00ednimo se considerar\u00e1n pagadas.<\/p>\n<p>Los actuales deudores del CAE deber\u00e1n expresar su voluntad si quieren traspasarse al nuevo sistema. En ese caso, la instituci\u00f3n estatal pagar\u00e1 al banco y generar\u00e1 un nuevo cr\u00e9dito para el beneficiado, con las nuevas caracter\u00edsticas.<\/p>\n<p>&nbsp;<\/p>\n","protected":false},"excerpt":{"rendered":"<div class=\"mh-excerpt\"><p>La iniciativa reemplazar\u00e1 al Cr\u00e9dito con Aval del Estado y al Fondo Solidario de Cr\u00e9dito Universitario y ser\u00e1 administrado por una instituci\u00f3n estatal, sacando a la banca del sistema. Contempla <a class=\"mh-excerpt-more\" href=\"https:\/\/amigafm.cl\/wp\/autoridades-regionales-destacan-proyecto-de-ley-que-crea-el-sistema-de-financiamiento-solidario-para-la-educacion-superior\/\" title=\"Autoridades regionales destacan proyecto de ley que crea el Sistema de Financiamiento Solidario para la educaci\u00f3n superior\">[&#8230;]<\/a><\/p>\n<\/div>","protected":false},"author":2,"featured_media":0,"comment_status":"closed","ping_status":"open","sticky":false,"template":"","format":"standard","meta":{"_joinchat":[]},"categories":[1],"tags":[],"yoast_head":"<!-- This site is optimized with the Yoast SEO plugin v19.13 - https:\/\/yoast.com\/wordpress\/plugins\/seo\/ -->\n<title>Autoridades regionales destacan proyecto de ley que crea el Sistema de Financiamiento Solidario para la educaci\u00f3n superior - Radio Amiga Fm PRIMERA SINTONIA EN LA COMUNA<\/title>\n<meta name=\"robots\" content=\"index, follow, max-snippet:-1, max-image-preview:large, max-video-preview:-1\" \/>\n<link rel=\"canonical\" href=\"https:\/\/amigafm.cl\/wp\/autoridades-regionales-destacan-proyecto-de-ley-que-crea-el-sistema-de-financiamiento-solidario-para-la-educacion-superior\/\" \/>\n<meta property=\"og:locale\" content=\"es_ES\" \/>\n<meta property=\"og:type\" content=\"article\" \/>\n<meta property=\"og:title\" content=\"Autoridades regionales destacan proyecto de ley que crea el Sistema de Financiamiento Solidario para la educaci\u00f3n superior - Radio Amiga Fm PRIMERA SINTONIA EN LA COMUNA\" \/>\n<meta property=\"og:description\" content=\"La iniciativa reemplazar\u00e1 al Cr\u00e9dito con Aval del Estado y al Fondo Solidario de Cr\u00e9dito Universitario y ser\u00e1 administrado por una instituci\u00f3n estatal, sacando a la banca del sistema. Contempla [...]\" \/>\n<meta property=\"og:url\" content=\"https:\/\/amigafm.cl\/wp\/autoridades-regionales-destacan-proyecto-de-ley-que-crea-el-sistema-de-financiamiento-solidario-para-la-educacion-superior\/\" \/>\n<meta property=\"og:site_name\" content=\"Radio Amiga Fm PRIMERA SINTONIA EN LA COMUNA\" \/>\n<meta property=\"article:publisher\" content=\"https:\/\/www.facebook.com\/Radio-Amiga-FM-1007-Calbuco-108101179295593\/\" \/>\n<meta property=\"article:published_time\" content=\"2018-06-12T16:32:08+00:00\" \/>\n<meta name=\"author\" content=\"Director\" \/>\n<meta name=\"twitter:card\" content=\"summary_large_image\" \/>\n<meta name=\"twitter:creator\" content=\"@radio_amiga\" \/>\n<meta name=\"twitter:site\" content=\"@radio_amiga\" \/>\n<meta name=\"twitter:label1\" content=\"Escrito por\" \/>\n\t<meta name=\"twitter:data1\" content=\"Director\" \/>\n\t<meta name=\"twitter:label2\" content=\"Tiempo de lectura\" \/>\n\t<meta name=\"twitter:data2\" content=\"3 minutos\" \/>\n<script type=\"application\/ld+json\" class=\"yoast-schema-graph\">{\"@context\":\"https:\/\/schema.org\",\"@graph\":[{\"@type\":\"Article\",\"@id\":\"https:\/\/amigafm.cl\/wp\/autoridades-regionales-destacan-proyecto-de-ley-que-crea-el-sistema-de-financiamiento-solidario-para-la-educacion-superior\/#article\",\"isPartOf\":{\"@id\":\"https:\/\/amigafm.cl\/wp\/autoridades-regionales-destacan-proyecto-de-ley-que-crea-el-sistema-de-financiamiento-solidario-para-la-educacion-superior\/\"},\"author\":{\"name\":\"Director\",\"@id\":\"https:\/\/amigafm.cl\/wp\/#\/schema\/person\/00f53fed00c368e199df9344ff3ee798\"},\"headline\":\"Autoridades regionales destacan proyecto de ley que crea el Sistema de Financiamiento Solidario para la educaci\u00f3n superior\",\"datePublished\":\"2018-06-12T16:32:08+00:00\",\"dateModified\":\"2018-06-12T16:32:08+00:00\",\"mainEntityOfPage\":{\"@id\":\"https:\/\/amigafm.cl\/wp\/autoridades-regionales-destacan-proyecto-de-ley-que-crea-el-sistema-de-financiamiento-solidario-para-la-educacion-superior\/\"},\"wordCount\":653,\"publisher\":{\"@id\":\"https:\/\/amigafm.cl\/wp\/#organization\"},\"articleSection\":[\"NOTICIAS\"],\"inLanguage\":\"es\"},{\"@type\":\"WebPage\",\"@id\":\"https:\/\/amigafm.cl\/wp\/autoridades-regionales-destacan-proyecto-de-ley-que-crea-el-sistema-de-financiamiento-solidario-para-la-educacion-superior\/\",\"url\":\"https:\/\/amigafm.cl\/wp\/autoridades-regionales-destacan-proyecto-de-ley-que-crea-el-sistema-de-financiamiento-solidario-para-la-educacion-superior\/\",\"name\":\"Autoridades regionales destacan proyecto de ley que crea el Sistema de Financiamiento Solidario para la educaci\u00f3n superior - Radio Amiga Fm PRIMERA SINTONIA EN LA COMUNA\",\"isPartOf\":{\"@id\":\"https:\/\/amigafm.cl\/wp\/#website\"},\"datePublished\":\"2018-06-12T16:32:08+00:00\",\"dateModified\":\"2018-06-12T16:32:08+00:00\",\"breadcrumb\":{\"@id\":\"https:\/\/amigafm.cl\/wp\/autoridades-regionales-destacan-proyecto-de-ley-que-crea-el-sistema-de-financiamiento-solidario-para-la-educacion-superior\/#breadcrumb\"},\"inLanguage\":\"es\",\"potentialAction\":[{\"@type\":\"ReadAction\",\"target\":[\"https:\/\/amigafm.cl\/wp\/autoridades-regionales-destacan-proyecto-de-ley-que-crea-el-sistema-de-financiamiento-solidario-para-la-educacion-superior\/\"]}]},{\"@type\":\"BreadcrumbList\",\"@id\":\"https:\/\/amigafm.cl\/wp\/autoridades-regionales-destacan-proyecto-de-ley-que-crea-el-sistema-de-financiamiento-solidario-para-la-educacion-superior\/#breadcrumb\",\"itemListElement\":[{\"@type\":\"ListItem\",\"position\":1,\"name\":\"Portada\",\"item\":\"https:\/\/amigafm.cl\/wp\/\"},{\"@type\":\"ListItem\",\"position\":2,\"name\":\"Autoridades regionales destacan proyecto de ley que crea el Sistema de Financiamiento Solidario para la educaci\u00f3n superior\"}]},{\"@type\":\"WebSite\",\"@id\":\"https:\/\/amigafm.cl\/wp\/#website\",\"url\":\"https:\/\/amigafm.cl\/wp\/\",\"name\":\"Radio Amiga Fm PRIMERA SINTONIA EN LA COMUNA\",\"description\":\"&quot;CONTAMOS LA VERDAD&quot;\",\"publisher\":{\"@id\":\"https:\/\/amigafm.cl\/wp\/#organization\"},\"potentialAction\":[{\"@type\":\"SearchAction\",\"target\":{\"@type\":\"EntryPoint\",\"urlTemplate\":\"https:\/\/amigafm.cl\/wp\/?s={search_term_string}\"},\"query-input\":\"required name=search_term_string\"}],\"inLanguage\":\"es\"},{\"@type\":\"Organization\",\"@id\":\"https:\/\/amigafm.cl\/wp\/#organization\",\"name\":\"Comvasquez Ltda\",\"url\":\"https:\/\/amigafm.cl\/wp\/\",\"logo\":{\"@type\":\"ImageObject\",\"inLanguage\":\"es\",\"@id\":\"https:\/\/amigafm.cl\/wp\/#\/schema\/logo\/image\/\",\"url\":\"https:\/\/amigafm.cl\/wp\/wp-content\/uploads\/2018\/04\/logocomvasquezltda-png.png\",\"contentUrl\":\"https:\/\/amigafm.cl\/wp\/wp-content\/uploads\/2018\/04\/logocomvasquezltda-png.png\",\"width\":1280,\"height\":514,\"caption\":\"Comvasquez Ltda\"},\"image\":{\"@id\":\"https:\/\/amigafm.cl\/wp\/#\/schema\/logo\/image\/\"},\"sameAs\":[\"https:\/\/www.facebook.com\/Radio-Amiga-FM-1007-Calbuco-108101179295593\/\",\"https:\/\/twitter.com\/radio_amiga\"]},{\"@type\":\"Person\",\"@id\":\"https:\/\/amigafm.cl\/wp\/#\/schema\/person\/00f53fed00c368e199df9344ff3ee798\",\"name\":\"Director\",\"sameAs\":[\"http:\/\/www.amigafm.cl\"],\"url\":\"https:\/\/amigafm.cl\/wp\/author\/director\/\"}]}<\/script>\n<!-- \/ Yoast SEO plugin. -->","yoast_head_json":{"title":"Autoridades regionales destacan proyecto de ley que crea el Sistema de Financiamiento Solidario para la educaci\u00f3n superior - Radio Amiga Fm PRIMERA SINTONIA EN LA COMUNA","robots":{"index":"index","follow":"follow","max-snippet":"max-snippet:-1","max-image-preview":"max-image-preview:large","max-video-preview":"max-video-preview:-1"},"canonical":"https:\/\/amigafm.cl\/wp\/autoridades-regionales-destacan-proyecto-de-ley-que-crea-el-sistema-de-financiamiento-solidario-para-la-educacion-superior\/","og_locale":"es_ES","og_type":"article","og_title":"Autoridades regionales destacan proyecto de ley que crea el Sistema de Financiamiento Solidario para la educaci\u00f3n superior - Radio Amiga Fm PRIMERA SINTONIA EN LA COMUNA","og_description":"La iniciativa reemplazar\u00e1 al Cr\u00e9dito con Aval del Estado y al Fondo Solidario de Cr\u00e9dito Universitario y ser\u00e1 administrado por una instituci\u00f3n estatal, sacando a la banca del sistema. Contempla [...]","og_url":"https:\/\/amigafm.cl\/wp\/autoridades-regionales-destacan-proyecto-de-ley-que-crea-el-sistema-de-financiamiento-solidario-para-la-educacion-superior\/","og_site_name":"Radio Amiga Fm PRIMERA SINTONIA EN LA COMUNA","article_publisher":"https:\/\/www.facebook.com\/Radio-Amiga-FM-1007-Calbuco-108101179295593\/","article_published_time":"2018-06-12T16:32:08+00:00","author":"Director","twitter_card":"summary_large_image","twitter_creator":"@radio_amiga","twitter_site":"@radio_amiga","twitter_misc":{"Escrito por":"Director","Tiempo de lectura":"3 minutos"},"schema":{"@context":"https:\/\/schema.org","@graph":[{"@type":"Article","@id":"https:\/\/amigafm.cl\/wp\/autoridades-regionales-destacan-proyecto-de-ley-que-crea-el-sistema-de-financiamiento-solidario-para-la-educacion-superior\/#article","isPartOf":{"@id":"https:\/\/amigafm.cl\/wp\/autoridades-regionales-destacan-proyecto-de-ley-que-crea-el-sistema-de-financiamiento-solidario-para-la-educacion-superior\/"},"author":{"name":"Director","@id":"https:\/\/amigafm.cl\/wp\/#\/schema\/person\/00f53fed00c368e199df9344ff3ee798"},"headline":"Autoridades regionales destacan proyecto de ley que crea el Sistema de Financiamiento Solidario para la educaci\u00f3n superior","datePublished":"2018-06-12T16:32:08+00:00","dateModified":"2018-06-12T16:32:08+00:00","mainEntityOfPage":{"@id":"https:\/\/amigafm.cl\/wp\/autoridades-regionales-destacan-proyecto-de-ley-que-crea-el-sistema-de-financiamiento-solidario-para-la-educacion-superior\/"},"wordCount":653,"publisher":{"@id":"https:\/\/amigafm.cl\/wp\/#organization"},"articleSection":["NOTICIAS"],"inLanguage":"es"},{"@type":"WebPage","@id":"https:\/\/amigafm.cl\/wp\/autoridades-regionales-destacan-proyecto-de-ley-que-crea-el-sistema-de-financiamiento-solidario-para-la-educacion-superior\/","url":"https:\/\/amigafm.cl\/wp\/autoridades-regionales-destacan-proyecto-de-ley-que-crea-el-sistema-de-financiamiento-solidario-para-la-educacion-superior\/","name":"Autoridades regionales destacan proyecto de ley que crea el Sistema de Financiamiento Solidario para la educaci\u00f3n superior - Radio Amiga Fm PRIMERA SINTONIA EN LA COMUNA","isPartOf":{"@id":"https:\/\/amigafm.cl\/wp\/#website"},"datePublished":"2018-06-12T16:32:08+00:00","dateModified":"2018-06-12T16:32:08+00:00","breadcrumb":{"@id":"https:\/\/amigafm.cl\/wp\/autoridades-regionales-destacan-proyecto-de-ley-que-crea-el-sistema-de-financiamiento-solidario-para-la-educacion-superior\/#breadcrumb"},"inLanguage":"es","potentialAction":[{"@type":"ReadAction","target":["https:\/\/amigafm.cl\/wp\/autoridades-regionales-destacan-proyecto-de-ley-que-crea-el-sistema-de-financiamiento-solidario-para-la-educacion-superior\/"]}]},{"@type":"BreadcrumbList","@id":"https:\/\/amigafm.cl\/wp\/autoridades-regionales-destacan-proyecto-de-ley-que-crea-el-sistema-de-financiamiento-solidario-para-la-educacion-superior\/#breadcrumb","itemListElement":[{"@type":"ListItem","position":1,"name":"Portada","item":"https:\/\/amigafm.cl\/wp\/"},{"@type":"ListItem","position":2,"name":"Autoridades regionales destacan proyecto de ley que crea el Sistema de Financiamiento Solidario para la educaci\u00f3n superior"}]},{"@type":"WebSite","@id":"https:\/\/amigafm.cl\/wp\/#website","url":"https:\/\/amigafm.cl\/wp\/","name":"Radio Amiga Fm PRIMERA SINTONIA EN LA COMUNA","description":"&quot;CONTAMOS LA VERDAD&quot;","publisher":{"@id":"https:\/\/amigafm.cl\/wp\/#organization"},"potentialAction":[{"@type":"SearchAction","target":{"@type":"EntryPoint","urlTemplate":"https:\/\/amigafm.cl\/wp\/?s={search_term_string}"},"query-input":"required name=search_term_string"}],"inLanguage":"es"},{"@type":"Organization","@id":"https:\/\/amigafm.cl\/wp\/#organization","name":"Comvasquez Ltda","url":"https:\/\/amigafm.cl\/wp\/","logo":{"@type":"ImageObject","inLanguage":"es","@id":"https:\/\/amigafm.cl\/wp\/#\/schema\/logo\/image\/","url":"https:\/\/amigafm.cl\/wp\/wp-content\/uploads\/2018\/04\/logocomvasquezltda-png.png","contentUrl":"https:\/\/amigafm.cl\/wp\/wp-content\/uploads\/2018\/04\/logocomvasquezltda-png.png","width":1280,"height":514,"caption":"Comvasquez Ltda"},"image":{"@id":"https:\/\/amigafm.cl\/wp\/#\/schema\/logo\/image\/"},"sameAs":["https:\/\/www.facebook.com\/Radio-Amiga-FM-1007-Calbuco-108101179295593\/","https:\/\/twitter.com\/radio_amiga"]},{"@type":"Person","@id":"https:\/\/amigafm.cl\/wp\/#\/schema\/person\/00f53fed00c368e199df9344ff3ee798","name":"Director","sameAs":["http:\/\/www.amigafm.cl"],"url":"https:\/\/amigafm.cl\/wp\/author\/director\/"}]}},"_links":{"self":[{"href":"https:\/\/amigafm.cl\/wp\/wp-json\/wp\/v2\/posts\/2159"}],"collection":[{"href":"https:\/\/amigafm.cl\/wp\/wp-json\/wp\/v2\/posts"}],"about":[{"href":"https:\/\/amigafm.cl\/wp\/wp-json\/wp\/v2\/types\/post"}],"author":[{"embeddable":true,"href":"https:\/\/amigafm.cl\/wp\/wp-json\/wp\/v2\/users\/2"}],"replies":[{"embeddable":true,"href":"https:\/\/amigafm.cl\/wp\/wp-json\/wp\/v2\/comments?post=2159"}],"version-history":[{"count":1,"href":"https:\/\/amigafm.cl\/wp\/wp-json\/wp\/v2\/posts\/2159\/revisions"}],"predecessor-version":[{"id":2162,"href":"https:\/\/amigafm.cl\/wp\/wp-json\/wp\/v2\/posts\/2159\/revisions\/2162"}],"wp:attachment":[{"href":"https:\/\/amigafm.cl\/wp\/wp-json\/wp\/v2\/media?parent=2159"}],"wp:term":[{"taxonomy":"category","embeddable":true,"href":"https:\/\/amigafm.cl\/wp\/wp-json\/wp\/v2\/categories?post=2159"},{"taxonomy":"post_tag","embeddable":true,"href":"https:\/\/amigafm.cl\/wp\/wp-json\/wp\/v2\/tags?post=2159"}],"curies":[{"name":"wp","href":"https:\/\/api.w.org\/{rel}","templated":true}]}}