{"id":2151,"date":"2018-06-12T16:00:22","date_gmt":"2018-06-12T16:00:22","guid":{"rendered":"https:\/\/amigafm.cl\/wp\/?p=2151"},"modified":"2018-06-13T14:03:55","modified_gmt":"2018-06-13T14:03:55","slug":"region-de-los-lagos-gano-final-zonal-interescolar-de-de-robotica-educativa-ire-fundacion-mustakis","status":"publish","type":"post","link":"https:\/\/amigafm.cl\/wp\/region-de-los-lagos-gano-final-zonal-interescolar-de-de-robotica-educativa-ire-fundacion-mustakis\/","title":{"rendered":"Regi\u00f3n de Los Lagos gan\u00f3 Final Zonal Interescolar de de Rob\u00f3tica Educativa (IRE) Fundaci\u00f3n Mustakis"},"content":{"rendered":"<div id=\"fb-root\"><\/div>\n<p>&nbsp;<\/p>\n<p><em>* Evento organizado por Universidad T\u00e9cnica Federico Santa Mar\u00eda Sede Concepci\u00f3n y Fundaci\u00f3n Mustakis.<\/em><\/p>\n<p>Como cada primer semestre, una delegaci\u00f3n de estudiantes de entre 7\u00b0 b\u00e1sico y 3\u00b0 medio de la regi\u00f3n de Los Lagos de los programas de <strong>Rob\u00f3tica Educativa y Tecnolog\u00edas Satelitales<\/strong> que desarrolla la <strong>Escuela de Ingenier\u00eda Civil Industrial de la Universidad Austral de Chile Sede Puerto Montt<\/strong> en alianza con la <strong>Fundaci\u00f3n Gabriel &amp; Mary Mustakis <\/strong>se reuni\u00f3 en Concepci\u00f3n con sus pares de la regi\u00f3n del B\u00edo B\u00edo para mostrar sus destrezas luego de un semestre de preparaci\u00f3n.<\/p>\n<p>Tres estudiantes de la Regi\u00f3n de Los Lagos, de tercero medio A del colegio <strong>San Francisco Javier de Puerto Montt<\/strong> fueron los ganadores: Jos\u00e9 Mayorga, Fernando San Mart\u00edn y Nicol\u00e1s Matamala, con el equipo \u201cTeam Masamala\u201d que es la uni\u00f3n de sus apellidos, compitiendo con su robot llamado \u201cLeybot\u201d.<\/p>\n<p>Ellos fueron capaces de resolver el desaf\u00edo en solo 32 segundos, lo que les vali\u00f3 el primer lugar. El segundo lugar obtenido por Concepci\u00f3n \u201cComplie.error\u201d, integrado por Maximiliano Rivera, Diego Fuentes y Yordy Guzm\u00e1n con un tiempo de 52 segundos.\u00a0El tercer lugar fue para \u201cEso me da igual\u201d, equipo de Concepci\u00f3n integrado por Liudmila Novoselova, Cristian Segovia y Esperanza Encinas.<\/p>\n<p>El desaf\u00edo signific\u00f3 que los estudiantes debieron programar sus robots Iroh-man para salvar el universo superando los obst\u00e1culos y evitando que el malvado villano Mhalos obtuviera el cristal del alma.<\/p>\n<p>De la Regi\u00f3n de Los Lagos viajaron en total 35 escolares, 24 alumnos de Rob\u00f3tica Educativa que participaron de la competencia, 11 del taller de Tecnolog\u00edas Satelitales, quienes expusieron en un stand, los acompa\u00f1aron tambi\u00e9n 11 monitores UACh.<\/p>\n<p>El IRE es promovido por Fundaci\u00f3n Gabriel &amp; Mary Mustakis en colaboraci\u00f3n con la Universidad T\u00e9cnica Federico Santa Mar\u00eda desde el a\u00f1o 2013 en la regi\u00f3n del B\u00edo B\u00edo, con talleres que se han desarrollado tanto en plataformas LEGO como Arduino.<\/p>\n<p>Durante el evento, en paralelo a las pruebas para los participantes, los asistentes pudieron presenciar demostraciones del Club de Rob\u00f3tica de la UTFSM, la Academia de Drones Chile, el proyecto ArduSat de la Universidad Austral de Chile, talleres de rob\u00f3tica e intervenciones literarias de los susurradores de la Fundaci\u00f3n Mustakis.<\/p>\n<blockquote><p>La final, se desarroll\u00f3 en en las regiones del Biob\u00edo, Metropolitana y Valpara\u00edso, con la participaci\u00f3n de 20 equipos, casi 160 \u00a0escolares de cinco regiones del pa\u00eds, quienes fueron clasificados entre m\u00e1s de 300 alumnos becados para participar en el Programa de Rob\u00f3tica Educativa de Fundaci\u00f3n Mustakis, instancia que busca ser un espacio para que ni\u00f1os y j\u00f3venes puedan encontrar sus propias oportunidades, descubrir sus talentos y desarrollar todo su potencial, brind\u00e1ndoles acceso a conocimientos en tecnolog\u00edas avanzadas y su aplicaci\u00f3n en el mundo real, fortaleciendo con ello habilidades integrales, que les permitan prepararse para enfrentar de mejor forma el mundo del futuro.<\/p><\/blockquote>\n<p>&nbsp;<\/p>\n","protected":false},"excerpt":{"rendered":"<div class=\"mh-excerpt\"><p>&nbsp; * Evento organizado por Universidad T\u00e9cnica Federico Santa Mar\u00eda Sede Concepci\u00f3n y Fundaci\u00f3n Mustakis. Como cada primer semestre, una delegaci\u00f3n de estudiantes de entre 7\u00b0 b\u00e1sico y 3\u00b0 medio <a class=\"mh-excerpt-more\" href=\"https:\/\/amigafm.cl\/wp\/region-de-los-lagos-gano-final-zonal-interescolar-de-de-robotica-educativa-ire-fundacion-mustakis\/\" title=\"Regi\u00f3n de Los Lagos gan\u00f3 Final Zonal Interescolar de de Rob\u00f3tica Educativa (IRE) Fundaci\u00f3n Mustakis\">[&#8230;]<\/a><\/p>\n<\/div>","protected":false},"author":2,"featured_media":0,"comment_status":"closed","ping_status":"open","sticky":false,"template":"","format":"standard","meta":{"_joinchat":[]},"categories":[1],"tags":[],"yoast_head":"<!-- This site is optimized with the Yoast SEO plugin v19.13 - https:\/\/yoast.com\/wordpress\/plugins\/seo\/ -->\n<title>Regi\u00f3n de Los Lagos gan\u00f3 Final Zonal Interescolar de de Rob\u00f3tica Educativa (IRE) Fundaci\u00f3n Mustakis - Radio Amiga Fm PRIMERA SINTONIA EN LA COMUNA<\/title>\n<meta name=\"robots\" content=\"index, follow, max-snippet:-1, max-image-preview:large, max-video-preview:-1\" \/>\n<link rel=\"canonical\" href=\"https:\/\/amigafm.cl\/wp\/region-de-los-lagos-gano-final-zonal-interescolar-de-de-robotica-educativa-ire-fundacion-mustakis\/\" \/>\n<meta property=\"og:locale\" content=\"es_ES\" \/>\n<meta property=\"og:type\" content=\"article\" \/>\n<meta property=\"og:title\" content=\"Regi\u00f3n de Los Lagos gan\u00f3 Final Zonal Interescolar de de Rob\u00f3tica Educativa (IRE) Fundaci\u00f3n Mustakis - Radio Amiga Fm PRIMERA SINTONIA EN LA COMUNA\" \/>\n<meta property=\"og:description\" content=\"&nbsp; * Evento organizado por Universidad T\u00e9cnica Federico Santa Mar\u00eda Sede Concepci\u00f3n y Fundaci\u00f3n Mustakis. Como cada primer semestre, una delegaci\u00f3n de estudiantes de entre 7\u00b0 b\u00e1sico y 3\u00b0 medio [...]\" \/>\n<meta property=\"og:url\" content=\"https:\/\/amigafm.cl\/wp\/region-de-los-lagos-gano-final-zonal-interescolar-de-de-robotica-educativa-ire-fundacion-mustakis\/\" \/>\n<meta property=\"og:site_name\" content=\"Radio Amiga Fm PRIMERA SINTONIA EN LA COMUNA\" \/>\n<meta property=\"article:publisher\" content=\"https:\/\/www.facebook.com\/Radio-Amiga-FM-1007-Calbuco-108101179295593\/\" \/>\n<meta property=\"article:published_time\" content=\"2018-06-12T16:00:22+00:00\" \/>\n<meta property=\"article:modified_time\" content=\"2018-06-13T14:03:55+00:00\" \/>\n<meta name=\"author\" content=\"Director\" \/>\n<meta name=\"twitter:card\" content=\"summary_large_image\" \/>\n<meta name=\"twitter:creator\" content=\"@radio_amiga\" \/>\n<meta name=\"twitter:site\" content=\"@radio_amiga\" \/>\n<meta name=\"twitter:label1\" content=\"Escrito por\" \/>\n\t<meta name=\"twitter:data1\" content=\"Director\" \/>\n\t<meta name=\"twitter:label2\" content=\"Tiempo de lectura\" \/>\n\t<meta name=\"twitter:data2\" content=\"3 minutos\" \/>\n<script type=\"application\/ld+json\" class=\"yoast-schema-graph\">{\"@context\":\"https:\/\/schema.org\",\"@graph\":[{\"@type\":\"Article\",\"@id\":\"https:\/\/amigafm.cl\/wp\/region-de-los-lagos-gano-final-zonal-interescolar-de-de-robotica-educativa-ire-fundacion-mustakis\/#article\",\"isPartOf\":{\"@id\":\"https:\/\/amigafm.cl\/wp\/region-de-los-lagos-gano-final-zonal-interescolar-de-de-robotica-educativa-ire-fundacion-mustakis\/\"},\"author\":{\"name\":\"Director\",\"@id\":\"https:\/\/amigafm.cl\/wp\/#\/schema\/person\/00f53fed00c368e199df9344ff3ee798\"},\"headline\":\"Regi\u00f3n de Los Lagos gan\u00f3 Final Zonal Interescolar de de Rob\u00f3tica Educativa (IRE) Fundaci\u00f3n Mustakis\",\"datePublished\":\"2018-06-12T16:00:22+00:00\",\"dateModified\":\"2018-06-13T14:03:55+00:00\",\"mainEntityOfPage\":{\"@id\":\"https:\/\/amigafm.cl\/wp\/region-de-los-lagos-gano-final-zonal-interescolar-de-de-robotica-educativa-ire-fundacion-mustakis\/\"},\"wordCount\":527,\"publisher\":{\"@id\":\"https:\/\/amigafm.cl\/wp\/#organization\"},\"articleSection\":[\"NOTICIAS\"],\"inLanguage\":\"es\"},{\"@type\":\"WebPage\",\"@id\":\"https:\/\/amigafm.cl\/wp\/region-de-los-lagos-gano-final-zonal-interescolar-de-de-robotica-educativa-ire-fundacion-mustakis\/\",\"url\":\"https:\/\/amigafm.cl\/wp\/region-de-los-lagos-gano-final-zonal-interescolar-de-de-robotica-educativa-ire-fundacion-mustakis\/\",\"name\":\"Regi\u00f3n de Los Lagos gan\u00f3 Final Zonal Interescolar de de Rob\u00f3tica Educativa (IRE) Fundaci\u00f3n Mustakis - Radio Amiga Fm PRIMERA SINTONIA EN LA COMUNA\",\"isPartOf\":{\"@id\":\"https:\/\/amigafm.cl\/wp\/#website\"},\"datePublished\":\"2018-06-12T16:00:22+00:00\",\"dateModified\":\"2018-06-13T14:03:55+00:00\",\"breadcrumb\":{\"@id\":\"https:\/\/amigafm.cl\/wp\/region-de-los-lagos-gano-final-zonal-interescolar-de-de-robotica-educativa-ire-fundacion-mustakis\/#breadcrumb\"},\"inLanguage\":\"es\",\"potentialAction\":[{\"@type\":\"ReadAction\",\"target\":[\"https:\/\/amigafm.cl\/wp\/region-de-los-lagos-gano-final-zonal-interescolar-de-de-robotica-educativa-ire-fundacion-mustakis\/\"]}]},{\"@type\":\"BreadcrumbList\",\"@id\":\"https:\/\/amigafm.cl\/wp\/region-de-los-lagos-gano-final-zonal-interescolar-de-de-robotica-educativa-ire-fundacion-mustakis\/#breadcrumb\",\"itemListElement\":[{\"@type\":\"ListItem\",\"position\":1,\"name\":\"Portada\",\"item\":\"https:\/\/amigafm.cl\/wp\/\"},{\"@type\":\"ListItem\",\"position\":2,\"name\":\"Regi\u00f3n de Los Lagos gan\u00f3 Final Zonal Interescolar de de Rob\u00f3tica Educativa (IRE) Fundaci\u00f3n Mustakis\"}]},{\"@type\":\"WebSite\",\"@id\":\"https:\/\/amigafm.cl\/wp\/#website\",\"url\":\"https:\/\/amigafm.cl\/wp\/\",\"name\":\"Radio Amiga Fm PRIMERA SINTONIA EN LA COMUNA\",\"description\":\"&quot;CONTAMOS LA VERDAD&quot;\",\"publisher\":{\"@id\":\"https:\/\/amigafm.cl\/wp\/#organization\"},\"potentialAction\":[{\"@type\":\"SearchAction\",\"target\":{\"@type\":\"EntryPoint\",\"urlTemplate\":\"https:\/\/amigafm.cl\/wp\/?s={search_term_string}\"},\"query-input\":\"required name=search_term_string\"}],\"inLanguage\":\"es\"},{\"@type\":\"Organization\",\"@id\":\"https:\/\/amigafm.cl\/wp\/#organization\",\"name\":\"Comvasquez Ltda\",\"url\":\"https:\/\/amigafm.cl\/wp\/\",\"logo\":{\"@type\":\"ImageObject\",\"inLanguage\":\"es\",\"@id\":\"https:\/\/amigafm.cl\/wp\/#\/schema\/logo\/image\/\",\"url\":\"https:\/\/amigafm.cl\/wp\/wp-content\/uploads\/2018\/04\/logocomvasquezltda-png.png\",\"contentUrl\":\"https:\/\/amigafm.cl\/wp\/wp-content\/uploads\/2018\/04\/logocomvasquezltda-png.png\",\"width\":1280,\"height\":514,\"caption\":\"Comvasquez Ltda\"},\"image\":{\"@id\":\"https:\/\/amigafm.cl\/wp\/#\/schema\/logo\/image\/\"},\"sameAs\":[\"https:\/\/www.facebook.com\/Radio-Amiga-FM-1007-Calbuco-108101179295593\/\",\"https:\/\/twitter.com\/radio_amiga\"]},{\"@type\":\"Person\",\"@id\":\"https:\/\/amigafm.cl\/wp\/#\/schema\/person\/00f53fed00c368e199df9344ff3ee798\",\"name\":\"Director\",\"sameAs\":[\"http:\/\/www.amigafm.cl\"],\"url\":\"https:\/\/amigafm.cl\/wp\/author\/director\/\"}]}<\/script>\n<!-- \/ Yoast SEO plugin. -->","yoast_head_json":{"title":"Regi\u00f3n de Los Lagos gan\u00f3 Final Zonal Interescolar de de Rob\u00f3tica Educativa (IRE) Fundaci\u00f3n Mustakis - Radio Amiga Fm PRIMERA SINTONIA EN LA COMUNA","robots":{"index":"index","follow":"follow","max-snippet":"max-snippet:-1","max-image-preview":"max-image-preview:large","max-video-preview":"max-video-preview:-1"},"canonical":"https:\/\/amigafm.cl\/wp\/region-de-los-lagos-gano-final-zonal-interescolar-de-de-robotica-educativa-ire-fundacion-mustakis\/","og_locale":"es_ES","og_type":"article","og_title":"Regi\u00f3n de Los Lagos gan\u00f3 Final Zonal Interescolar de de Rob\u00f3tica Educativa (IRE) Fundaci\u00f3n Mustakis - Radio Amiga Fm PRIMERA SINTONIA EN LA COMUNA","og_description":"&nbsp; * Evento organizado por Universidad T\u00e9cnica Federico Santa Mar\u00eda Sede Concepci\u00f3n y Fundaci\u00f3n Mustakis. Como cada primer semestre, una delegaci\u00f3n de estudiantes de entre 7\u00b0 b\u00e1sico y 3\u00b0 medio [...]","og_url":"https:\/\/amigafm.cl\/wp\/region-de-los-lagos-gano-final-zonal-interescolar-de-de-robotica-educativa-ire-fundacion-mustakis\/","og_site_name":"Radio Amiga Fm PRIMERA SINTONIA EN LA COMUNA","article_publisher":"https:\/\/www.facebook.com\/Radio-Amiga-FM-1007-Calbuco-108101179295593\/","article_published_time":"2018-06-12T16:00:22+00:00","article_modified_time":"2018-06-13T14:03:55+00:00","author":"Director","twitter_card":"summary_large_image","twitter_creator":"@radio_amiga","twitter_site":"@radio_amiga","twitter_misc":{"Escrito por":"Director","Tiempo de lectura":"3 minutos"},"schema":{"@context":"https:\/\/schema.org","@graph":[{"@type":"Article","@id":"https:\/\/amigafm.cl\/wp\/region-de-los-lagos-gano-final-zonal-interescolar-de-de-robotica-educativa-ire-fundacion-mustakis\/#article","isPartOf":{"@id":"https:\/\/amigafm.cl\/wp\/region-de-los-lagos-gano-final-zonal-interescolar-de-de-robotica-educativa-ire-fundacion-mustakis\/"},"author":{"name":"Director","@id":"https:\/\/amigafm.cl\/wp\/#\/schema\/person\/00f53fed00c368e199df9344ff3ee798"},"headline":"Regi\u00f3n de Los Lagos gan\u00f3 Final Zonal Interescolar de de Rob\u00f3tica Educativa (IRE) Fundaci\u00f3n Mustakis","datePublished":"2018-06-12T16:00:22+00:00","dateModified":"2018-06-13T14:03:55+00:00","mainEntityOfPage":{"@id":"https:\/\/amigafm.cl\/wp\/region-de-los-lagos-gano-final-zonal-interescolar-de-de-robotica-educativa-ire-fundacion-mustakis\/"},"wordCount":527,"publisher":{"@id":"https:\/\/amigafm.cl\/wp\/#organization"},"articleSection":["NOTICIAS"],"inLanguage":"es"},{"@type":"WebPage","@id":"https:\/\/amigafm.cl\/wp\/region-de-los-lagos-gano-final-zonal-interescolar-de-de-robotica-educativa-ire-fundacion-mustakis\/","url":"https:\/\/amigafm.cl\/wp\/region-de-los-lagos-gano-final-zonal-interescolar-de-de-robotica-educativa-ire-fundacion-mustakis\/","name":"Regi\u00f3n de Los Lagos gan\u00f3 Final Zonal Interescolar de de Rob\u00f3tica Educativa (IRE) Fundaci\u00f3n Mustakis - Radio Amiga Fm PRIMERA SINTONIA EN LA COMUNA","isPartOf":{"@id":"https:\/\/amigafm.cl\/wp\/#website"},"datePublished":"2018-06-12T16:00:22+00:00","dateModified":"2018-06-13T14:03:55+00:00","breadcrumb":{"@id":"https:\/\/amigafm.cl\/wp\/region-de-los-lagos-gano-final-zonal-interescolar-de-de-robotica-educativa-ire-fundacion-mustakis\/#breadcrumb"},"inLanguage":"es","potentialAction":[{"@type":"ReadAction","target":["https:\/\/amigafm.cl\/wp\/region-de-los-lagos-gano-final-zonal-interescolar-de-de-robotica-educativa-ire-fundacion-mustakis\/"]}]},{"@type":"BreadcrumbList","@id":"https:\/\/amigafm.cl\/wp\/region-de-los-lagos-gano-final-zonal-interescolar-de-de-robotica-educativa-ire-fundacion-mustakis\/#breadcrumb","itemListElement":[{"@type":"ListItem","position":1,"name":"Portada","item":"https:\/\/amigafm.cl\/wp\/"},{"@type":"ListItem","position":2,"name":"Regi\u00f3n de Los Lagos gan\u00f3 Final Zonal Interescolar de de Rob\u00f3tica Educativa (IRE) Fundaci\u00f3n Mustakis"}]},{"@type":"WebSite","@id":"https:\/\/amigafm.cl\/wp\/#website","url":"https:\/\/amigafm.cl\/wp\/","name":"Radio Amiga Fm PRIMERA SINTONIA EN LA COMUNA","description":"&quot;CONTAMOS LA VERDAD&quot;","publisher":{"@id":"https:\/\/amigafm.cl\/wp\/#organization"},"potentialAction":[{"@type":"SearchAction","target":{"@type":"EntryPoint","urlTemplate":"https:\/\/amigafm.cl\/wp\/?s={search_term_string}"},"query-input":"required name=search_term_string"}],"inLanguage":"es"},{"@type":"Organization","@id":"https:\/\/amigafm.cl\/wp\/#organization","name":"Comvasquez Ltda","url":"https:\/\/amigafm.cl\/wp\/","logo":{"@type":"ImageObject","inLanguage":"es","@id":"https:\/\/amigafm.cl\/wp\/#\/schema\/logo\/image\/","url":"https:\/\/amigafm.cl\/wp\/wp-content\/uploads\/2018\/04\/logocomvasquezltda-png.png","contentUrl":"https:\/\/amigafm.cl\/wp\/wp-content\/uploads\/2018\/04\/logocomvasquezltda-png.png","width":1280,"height":514,"caption":"Comvasquez Ltda"},"image":{"@id":"https:\/\/amigafm.cl\/wp\/#\/schema\/logo\/image\/"},"sameAs":["https:\/\/www.facebook.com\/Radio-Amiga-FM-1007-Calbuco-108101179295593\/","https:\/\/twitter.com\/radio_amiga"]},{"@type":"Person","@id":"https:\/\/amigafm.cl\/wp\/#\/schema\/person\/00f53fed00c368e199df9344ff3ee798","name":"Director","sameAs":["http:\/\/www.amigafm.cl"],"url":"https:\/\/amigafm.cl\/wp\/author\/director\/"}]}},"_links":{"self":[{"href":"https:\/\/amigafm.cl\/wp\/wp-json\/wp\/v2\/posts\/2151"}],"collection":[{"href":"https:\/\/amigafm.cl\/wp\/wp-json\/wp\/v2\/posts"}],"about":[{"href":"https:\/\/amigafm.cl\/wp\/wp-json\/wp\/v2\/types\/post"}],"author":[{"embeddable":true,"href":"https:\/\/amigafm.cl\/wp\/wp-json\/wp\/v2\/users\/2"}],"replies":[{"embeddable":true,"href":"https:\/\/amigafm.cl\/wp\/wp-json\/wp\/v2\/comments?post=2151"}],"version-history":[{"count":2,"href":"https:\/\/amigafm.cl\/wp\/wp-json\/wp\/v2\/posts\/2151\/revisions"}],"predecessor-version":[{"id":2174,"href":"https:\/\/amigafm.cl\/wp\/wp-json\/wp\/v2\/posts\/2151\/revisions\/2174"}],"wp:attachment":[{"href":"https:\/\/amigafm.cl\/wp\/wp-json\/wp\/v2\/media?parent=2151"}],"wp:term":[{"taxonomy":"category","embeddable":true,"href":"https:\/\/amigafm.cl\/wp\/wp-json\/wp\/v2\/categories?post=2151"},{"taxonomy":"post_tag","embeddable":true,"href":"https:\/\/amigafm.cl\/wp\/wp-json\/wp\/v2\/tags?post=2151"}],"curies":[{"name":"wp","href":"https:\/\/api.w.org\/{rel}","templated":true}]}}