{"id":2077,"date":"2018-06-08T15:05:40","date_gmt":"2018-06-08T15:05:40","guid":{"rendered":"https:\/\/amigafm.cl\/wp\/?p=2077"},"modified":"2018-06-08T15:16:35","modified_gmt":"2018-06-08T15:16:35","slug":"detienen-a-tres-personas-en-calbuco-por-trafico-de-drogas","status":"publish","type":"post","link":"https:\/\/amigafm.cl\/wp\/detienen-a-tres-personas-en-calbuco-por-trafico-de-drogas\/","title":{"rendered":"DETIENEN A TRES PERSONAS EN CALBUCO POR TRAFICO DE DROGAS."},"content":{"rendered":"<div id=\"fb-root\"><\/div>\n<p>Personal de la Secci\u00f3n O.S.7. de Puerto Montt detiene a tres personas por el delito de trafico de drogas en el sector de Texas en la comuna de Calbuco.<\/p>\n<p>Por Trafico de drogas O.S.7.\u00a0 de Puerto Montt detuvo a dos Hombres y una mujer la madrugada de hoy viernes 08 de junio, luego de realizar distintas diligencias investigativas y trabajo de inteligencia tendientes a establecer este delito en el cual se denuncia a los integrantes de determinados inmuebles, entre ellos, una peluquer\u00eda de nombre EMILY de propiedad de la investigada principal. Quienes se estaban dedicando a la venta, distribuci\u00f3n u comercializaci\u00f3n de sustancias il\u00edcitas en la comuna de Calbuco, ante lo cual se solicit\u00f3 al ministerio p\u00fablico gestionar la respectiva orden de entrada y registro, la cual fue otorgada por el juzgado de garant\u00eda de Calbuco, procediendo este personal especializado a dar cumplimiento a mandato judicial encontrando a los detenidos en posesi\u00f3n de 255 gramos de clorhidrato de coca\u00edna y 55 gramos de marihuana elaborada, dinero en efectivo, una pistola a fogueo pesas digitales y rollos de bolsas de nylon para dosificar la droga.<\/p>\n<p>Los imputados fueron puesto a disposici\u00f3n de la justicia, pasando a control de detenci\u00f3n en el Juzgado de Garant\u00eda de la Comuna de Calbuco.<\/p>\n","protected":false},"excerpt":{"rendered":"<div class=\"mh-excerpt\"><p>Personal de la Secci\u00f3n O.S.7. de Puerto Montt detiene a tres personas por el delito de trafico de drogas en el sector de Texas en la comuna de Calbuco. Por <a class=\"mh-excerpt-more\" href=\"https:\/\/amigafm.cl\/wp\/detienen-a-tres-personas-en-calbuco-por-trafico-de-drogas\/\" title=\"DETIENEN A TRES PERSONAS EN CALBUCO POR TRAFICO DE DROGAS.\">[&#8230;]<\/a><\/p>\n<\/div>","protected":false},"author":2,"featured_media":0,"comment_status":"closed","ping_status":"open","sticky":false,"template":"","format":"standard","meta":{"_joinchat":[]},"categories":[1],"tags":[],"yoast_head":"<!-- This site is optimized with the Yoast SEO plugin v19.13 - https:\/\/yoast.com\/wordpress\/plugins\/seo\/ -->\n<title>DETIENEN A TRES PERSONAS EN CALBUCO POR TRAFICO DE DROGAS. - Radio Amiga Fm PRIMERA SINTONIA EN LA COMUNA<\/title>\n<meta name=\"robots\" content=\"index, follow, max-snippet:-1, max-image-preview:large, max-video-preview:-1\" \/>\n<link rel=\"canonical\" href=\"https:\/\/amigafm.cl\/wp\/detienen-a-tres-personas-en-calbuco-por-trafico-de-drogas\/\" \/>\n<meta property=\"og:locale\" content=\"es_ES\" \/>\n<meta property=\"og:type\" content=\"article\" \/>\n<meta property=\"og:title\" content=\"DETIENEN A TRES PERSONAS EN CALBUCO POR TRAFICO DE DROGAS. - Radio Amiga Fm PRIMERA SINTONIA EN LA COMUNA\" \/>\n<meta property=\"og:description\" content=\"Personal de la Secci\u00f3n O.S.7. de Puerto Montt detiene a tres personas por el delito de trafico de drogas en el sector de Texas en la comuna de Calbuco. Por [...]\" \/>\n<meta property=\"og:url\" content=\"https:\/\/amigafm.cl\/wp\/detienen-a-tres-personas-en-calbuco-por-trafico-de-drogas\/\" \/>\n<meta property=\"og:site_name\" content=\"Radio Amiga Fm PRIMERA SINTONIA EN LA COMUNA\" \/>\n<meta property=\"article:publisher\" content=\"https:\/\/www.facebook.com\/Radio-Amiga-FM-1007-Calbuco-108101179295593\/\" \/>\n<meta property=\"article:published_time\" content=\"2018-06-08T15:05:40+00:00\" \/>\n<meta property=\"article:modified_time\" content=\"2018-06-08T15:16:35+00:00\" \/>\n<meta name=\"author\" content=\"Director\" \/>\n<meta name=\"twitter:card\" content=\"summary_large_image\" \/>\n<meta name=\"twitter:creator\" content=\"@radio_amiga\" \/>\n<meta name=\"twitter:site\" content=\"@radio_amiga\" \/>\n<meta name=\"twitter:label1\" content=\"Escrito por\" \/>\n\t<meta name=\"twitter:data1\" content=\"Director\" \/>\n\t<meta name=\"twitter:label2\" content=\"Tiempo de lectura\" \/>\n\t<meta name=\"twitter:data2\" content=\"1 minuto\" \/>\n<script type=\"application\/ld+json\" class=\"yoast-schema-graph\">{\"@context\":\"https:\/\/schema.org\",\"@graph\":[{\"@type\":\"Article\",\"@id\":\"https:\/\/amigafm.cl\/wp\/detienen-a-tres-personas-en-calbuco-por-trafico-de-drogas\/#article\",\"isPartOf\":{\"@id\":\"https:\/\/amigafm.cl\/wp\/detienen-a-tres-personas-en-calbuco-por-trafico-de-drogas\/\"},\"author\":{\"name\":\"Director\",\"@id\":\"https:\/\/amigafm.cl\/wp\/#\/schema\/person\/00f53fed00c368e199df9344ff3ee798\"},\"headline\":\"DETIENEN A TRES PERSONAS EN CALBUCO POR TRAFICO DE DROGAS.\",\"datePublished\":\"2018-06-08T15:05:40+00:00\",\"dateModified\":\"2018-06-08T15:16:35+00:00\",\"mainEntityOfPage\":{\"@id\":\"https:\/\/amigafm.cl\/wp\/detienen-a-tres-personas-en-calbuco-por-trafico-de-drogas\/\"},\"wordCount\":229,\"publisher\":{\"@id\":\"https:\/\/amigafm.cl\/wp\/#organization\"},\"articleSection\":[\"NOTICIAS\"],\"inLanguage\":\"es\"},{\"@type\":\"WebPage\",\"@id\":\"https:\/\/amigafm.cl\/wp\/detienen-a-tres-personas-en-calbuco-por-trafico-de-drogas\/\",\"url\":\"https:\/\/amigafm.cl\/wp\/detienen-a-tres-personas-en-calbuco-por-trafico-de-drogas\/\",\"name\":\"DETIENEN A TRES PERSONAS EN CALBUCO POR TRAFICO DE DROGAS. - Radio Amiga Fm PRIMERA SINTONIA EN LA COMUNA\",\"isPartOf\":{\"@id\":\"https:\/\/amigafm.cl\/wp\/#website\"},\"datePublished\":\"2018-06-08T15:05:40+00:00\",\"dateModified\":\"2018-06-08T15:16:35+00:00\",\"breadcrumb\":{\"@id\":\"https:\/\/amigafm.cl\/wp\/detienen-a-tres-personas-en-calbuco-por-trafico-de-drogas\/#breadcrumb\"},\"inLanguage\":\"es\",\"potentialAction\":[{\"@type\":\"ReadAction\",\"target\":[\"https:\/\/amigafm.cl\/wp\/detienen-a-tres-personas-en-calbuco-por-trafico-de-drogas\/\"]}]},{\"@type\":\"BreadcrumbList\",\"@id\":\"https:\/\/amigafm.cl\/wp\/detienen-a-tres-personas-en-calbuco-por-trafico-de-drogas\/#breadcrumb\",\"itemListElement\":[{\"@type\":\"ListItem\",\"position\":1,\"name\":\"Portada\",\"item\":\"https:\/\/amigafm.cl\/wp\/\"},{\"@type\":\"ListItem\",\"position\":2,\"name\":\"DETIENEN A TRES PERSONAS EN CALBUCO POR TRAFICO DE DROGAS.\"}]},{\"@type\":\"WebSite\",\"@id\":\"https:\/\/amigafm.cl\/wp\/#website\",\"url\":\"https:\/\/amigafm.cl\/wp\/\",\"name\":\"Radio Amiga Fm PRIMERA SINTONIA EN LA COMUNA\",\"description\":\"&quot;CONTAMOS LA VERDAD&quot;\",\"publisher\":{\"@id\":\"https:\/\/amigafm.cl\/wp\/#organization\"},\"potentialAction\":[{\"@type\":\"SearchAction\",\"target\":{\"@type\":\"EntryPoint\",\"urlTemplate\":\"https:\/\/amigafm.cl\/wp\/?s={search_term_string}\"},\"query-input\":\"required name=search_term_string\"}],\"inLanguage\":\"es\"},{\"@type\":\"Organization\",\"@id\":\"https:\/\/amigafm.cl\/wp\/#organization\",\"name\":\"Comvasquez Ltda\",\"url\":\"https:\/\/amigafm.cl\/wp\/\",\"logo\":{\"@type\":\"ImageObject\",\"inLanguage\":\"es\",\"@id\":\"https:\/\/amigafm.cl\/wp\/#\/schema\/logo\/image\/\",\"url\":\"https:\/\/amigafm.cl\/wp\/wp-content\/uploads\/2018\/04\/logocomvasquezltda-png.png\",\"contentUrl\":\"https:\/\/amigafm.cl\/wp\/wp-content\/uploads\/2018\/04\/logocomvasquezltda-png.png\",\"width\":1280,\"height\":514,\"caption\":\"Comvasquez Ltda\"},\"image\":{\"@id\":\"https:\/\/amigafm.cl\/wp\/#\/schema\/logo\/image\/\"},\"sameAs\":[\"https:\/\/www.facebook.com\/Radio-Amiga-FM-1007-Calbuco-108101179295593\/\",\"https:\/\/twitter.com\/radio_amiga\"]},{\"@type\":\"Person\",\"@id\":\"https:\/\/amigafm.cl\/wp\/#\/schema\/person\/00f53fed00c368e199df9344ff3ee798\",\"name\":\"Director\",\"sameAs\":[\"http:\/\/www.amigafm.cl\"],\"url\":\"https:\/\/amigafm.cl\/wp\/author\/director\/\"}]}<\/script>\n<!-- \/ Yoast SEO plugin. -->","yoast_head_json":{"title":"DETIENEN A TRES PERSONAS EN CALBUCO POR TRAFICO DE DROGAS. - Radio Amiga Fm PRIMERA SINTONIA EN LA COMUNA","robots":{"index":"index","follow":"follow","max-snippet":"max-snippet:-1","max-image-preview":"max-image-preview:large","max-video-preview":"max-video-preview:-1"},"canonical":"https:\/\/amigafm.cl\/wp\/detienen-a-tres-personas-en-calbuco-por-trafico-de-drogas\/","og_locale":"es_ES","og_type":"article","og_title":"DETIENEN A TRES PERSONAS EN CALBUCO POR TRAFICO DE DROGAS. - Radio Amiga Fm PRIMERA SINTONIA EN LA COMUNA","og_description":"Personal de la Secci\u00f3n O.S.7. de Puerto Montt detiene a tres personas por el delito de trafico de drogas en el sector de Texas en la comuna de Calbuco. Por [...]","og_url":"https:\/\/amigafm.cl\/wp\/detienen-a-tres-personas-en-calbuco-por-trafico-de-drogas\/","og_site_name":"Radio Amiga Fm PRIMERA SINTONIA EN LA COMUNA","article_publisher":"https:\/\/www.facebook.com\/Radio-Amiga-FM-1007-Calbuco-108101179295593\/","article_published_time":"2018-06-08T15:05:40+00:00","article_modified_time":"2018-06-08T15:16:35+00:00","author":"Director","twitter_card":"summary_large_image","twitter_creator":"@radio_amiga","twitter_site":"@radio_amiga","twitter_misc":{"Escrito por":"Director","Tiempo de lectura":"1 minuto"},"schema":{"@context":"https:\/\/schema.org","@graph":[{"@type":"Article","@id":"https:\/\/amigafm.cl\/wp\/detienen-a-tres-personas-en-calbuco-por-trafico-de-drogas\/#article","isPartOf":{"@id":"https:\/\/amigafm.cl\/wp\/detienen-a-tres-personas-en-calbuco-por-trafico-de-drogas\/"},"author":{"name":"Director","@id":"https:\/\/amigafm.cl\/wp\/#\/schema\/person\/00f53fed00c368e199df9344ff3ee798"},"headline":"DETIENEN A TRES PERSONAS EN CALBUCO POR TRAFICO DE DROGAS.","datePublished":"2018-06-08T15:05:40+00:00","dateModified":"2018-06-08T15:16:35+00:00","mainEntityOfPage":{"@id":"https:\/\/amigafm.cl\/wp\/detienen-a-tres-personas-en-calbuco-por-trafico-de-drogas\/"},"wordCount":229,"publisher":{"@id":"https:\/\/amigafm.cl\/wp\/#organization"},"articleSection":["NOTICIAS"],"inLanguage":"es"},{"@type":"WebPage","@id":"https:\/\/amigafm.cl\/wp\/detienen-a-tres-personas-en-calbuco-por-trafico-de-drogas\/","url":"https:\/\/amigafm.cl\/wp\/detienen-a-tres-personas-en-calbuco-por-trafico-de-drogas\/","name":"DETIENEN A TRES PERSONAS EN CALBUCO POR TRAFICO DE DROGAS. - Radio Amiga Fm PRIMERA SINTONIA EN LA COMUNA","isPartOf":{"@id":"https:\/\/amigafm.cl\/wp\/#website"},"datePublished":"2018-06-08T15:05:40+00:00","dateModified":"2018-06-08T15:16:35+00:00","breadcrumb":{"@id":"https:\/\/amigafm.cl\/wp\/detienen-a-tres-personas-en-calbuco-por-trafico-de-drogas\/#breadcrumb"},"inLanguage":"es","potentialAction":[{"@type":"ReadAction","target":["https:\/\/amigafm.cl\/wp\/detienen-a-tres-personas-en-calbuco-por-trafico-de-drogas\/"]}]},{"@type":"BreadcrumbList","@id":"https:\/\/amigafm.cl\/wp\/detienen-a-tres-personas-en-calbuco-por-trafico-de-drogas\/#breadcrumb","itemListElement":[{"@type":"ListItem","position":1,"name":"Portada","item":"https:\/\/amigafm.cl\/wp\/"},{"@type":"ListItem","position":2,"name":"DETIENEN A TRES PERSONAS EN CALBUCO POR TRAFICO DE DROGAS."}]},{"@type":"WebSite","@id":"https:\/\/amigafm.cl\/wp\/#website","url":"https:\/\/amigafm.cl\/wp\/","name":"Radio Amiga Fm PRIMERA SINTONIA EN LA COMUNA","description":"&quot;CONTAMOS LA VERDAD&quot;","publisher":{"@id":"https:\/\/amigafm.cl\/wp\/#organization"},"potentialAction":[{"@type":"SearchAction","target":{"@type":"EntryPoint","urlTemplate":"https:\/\/amigafm.cl\/wp\/?s={search_term_string}"},"query-input":"required name=search_term_string"}],"inLanguage":"es"},{"@type":"Organization","@id":"https:\/\/amigafm.cl\/wp\/#organization","name":"Comvasquez Ltda","url":"https:\/\/amigafm.cl\/wp\/","logo":{"@type":"ImageObject","inLanguage":"es","@id":"https:\/\/amigafm.cl\/wp\/#\/schema\/logo\/image\/","url":"https:\/\/amigafm.cl\/wp\/wp-content\/uploads\/2018\/04\/logocomvasquezltda-png.png","contentUrl":"https:\/\/amigafm.cl\/wp\/wp-content\/uploads\/2018\/04\/logocomvasquezltda-png.png","width":1280,"height":514,"caption":"Comvasquez Ltda"},"image":{"@id":"https:\/\/amigafm.cl\/wp\/#\/schema\/logo\/image\/"},"sameAs":["https:\/\/www.facebook.com\/Radio-Amiga-FM-1007-Calbuco-108101179295593\/","https:\/\/twitter.com\/radio_amiga"]},{"@type":"Person","@id":"https:\/\/amigafm.cl\/wp\/#\/schema\/person\/00f53fed00c368e199df9344ff3ee798","name":"Director","sameAs":["http:\/\/www.amigafm.cl"],"url":"https:\/\/amigafm.cl\/wp\/author\/director\/"}]}},"_links":{"self":[{"href":"https:\/\/amigafm.cl\/wp\/wp-json\/wp\/v2\/posts\/2077"}],"collection":[{"href":"https:\/\/amigafm.cl\/wp\/wp-json\/wp\/v2\/posts"}],"about":[{"href":"https:\/\/amigafm.cl\/wp\/wp-json\/wp\/v2\/types\/post"}],"author":[{"embeddable":true,"href":"https:\/\/amigafm.cl\/wp\/wp-json\/wp\/v2\/users\/2"}],"replies":[{"embeddable":true,"href":"https:\/\/amigafm.cl\/wp\/wp-json\/wp\/v2\/comments?post=2077"}],"version-history":[{"count":2,"href":"https:\/\/amigafm.cl\/wp\/wp-json\/wp\/v2\/posts\/2077\/revisions"}],"predecessor-version":[{"id":2082,"href":"https:\/\/amigafm.cl\/wp\/wp-json\/wp\/v2\/posts\/2077\/revisions\/2082"}],"wp:attachment":[{"href":"https:\/\/amigafm.cl\/wp\/wp-json\/wp\/v2\/media?parent=2077"}],"wp:term":[{"taxonomy":"category","embeddable":true,"href":"https:\/\/amigafm.cl\/wp\/wp-json\/wp\/v2\/categories?post=2077"},{"taxonomy":"post_tag","embeddable":true,"href":"https:\/\/amigafm.cl\/wp\/wp-json\/wp\/v2\/tags?post=2077"}],"curies":[{"name":"wp","href":"https:\/\/api.w.org\/{rel}","templated":true}]}}