{"id":2074,"date":"2018-06-07T02:07:29","date_gmt":"2018-06-07T02:07:29","guid":{"rendered":"https:\/\/amigafm.cl\/wp\/?p=2074"},"modified":"2018-06-07T02:07:29","modified_gmt":"2018-06-07T02:07:29","slug":"ante-el-aumento-de-los-casos-de-virus-sincicial-la-seremi-y-servicio-de-salud-del-reloncavi-hicieron-un-llamado-a-la-prevencion-de-las-enfermedades-respiratorias-asociadas-a-las-bajas-temperaturas-y","status":"publish","type":"post","link":"https:\/\/amigafm.cl\/wp\/ante-el-aumento-de-los-casos-de-virus-sincicial-la-seremi-y-servicio-de-salud-del-reloncavi-hicieron-un-llamado-a-la-prevencion-de-las-enfermedades-respiratorias-asociadas-a-las-bajas-temperaturas-y\/","title":{"rendered":"Ante el aumento de los casos de virus sincicial, la Seremi y Servicio de Salud del Reloncav\u00ed hicieron un llamado a la prevenci\u00f3n de las enfermedades respiratorias asociadas a las bajas temperaturas y a una mayor contaminaci\u00f3n del aire."},"content":{"rendered":"<div id=\"fb-root\"><\/div>\n<p><strong>MINISTERIO DE SALUD INICIA CAMPA\u00d1A DE INVIERNO<\/strong><\/p>\n<p>Medidas preventivas como protegerse del fr\u00edo, evitar cambios bruscos de temperatura, desinfecci\u00f3n de superficies, lavado de manos, ventilaci\u00f3n de espacios cerrados, evitar contaminaci\u00f3n intra domiciliaria y no efectuar actividades al aire libre en d\u00edas de contaminaci\u00f3n ambiental, son parte de las recomendaciones anunciadas por la Seremi de Salud de Los Lagos en el marco de la campa\u00f1a de invierno.<\/p>\n<p>En ese contexto, la autoridad regional Scarlett Molt y el director (s) del Servicio de Salud del Reloncav\u00ed, Dr. Jorge Tagle, precisaron que en la UPC del Hospital de Puerto Montt est\u00e1n bajo observaci\u00f3n 12 lactantes menores hospitalizados con insuficiencia respiratoria, cuyo predominante es el virus sincicial.\u00a0Teniendo un total de 31 pacientes con insuficiencia respiratoria.<\/p>\n<p><strong>\u201c<\/strong>Ya tenemos casos comprobados de virus respiratorio sincicial y esto se acrecienta con la contaminaci\u00f3n y en los ni\u00f1os menores, lo cual es importante que la comunidad sepa no llevarlos a lugares altamente concurridos de p\u00fablico, como mall y supermercado\u201d, precis\u00f3 la seremi.<\/p>\n<p>La red asistencial ha reforzado sus atenciones al p\u00fablico y se est\u00e1 haciendo campa\u00f1a con el sector de la salud municipal. Esto con el prop\u00f3sito de tener un acceso m\u00e1s r\u00e1pido a la atenci\u00f3n de los menores. Sobre todos los menores de 2 a\u00f1os quienes presentan mayores complicaciones y evoluci\u00f3n m\u00e1s r\u00e1pida de la enfermedad.<\/p>\n<p>\u201cEl virus ha sido particularmente agresivo. Hay que hacer un buen uso de las urgencias, porque si colapsamos las urgencias de los hospitales, tambi\u00e9n, vamos a tener mucho retraso de la atenci\u00f3n y complicaciones asociadas\u201d, precis\u00f3 el Dr. Jorge Tagle.<\/p>\n<p><strong><u>\u00a0<\/u><\/strong>Para fortalecer la Red Asistencial, se est\u00e1n reconvirtiendo camas, derivando pacientes a otros hospitales y los profesionales est\u00e1n en alerta para dar m\u00e1s apoyo y contenci\u00f3n a los pacientes. En tanto, la \u00a0Atenci\u00f3n Primaria de Salud aporta con kinesi\u00f3logos e insumos necesarios para enfrentar la enfermedad.<\/p>\n<p>Las autoridades advirtieron que ante estas enfermedades estacionales, tambi\u00e9n, es necesario el tapado del antebrazo al toser, usar pa\u00f1uelo desechables, evitar conglomeraciones y evitar el contacto con personas enfermas. Estas se han visto adelantadas en temporalidad,<\/p>\n<p><strong>Medidas Hospital Puerto Montt<\/strong><\/p>\n<p>\u2022\u00a0 \u00a0 \u00a0 \u00a0Refuerzo recurso humano en UPC Pedi\u00e1trica con apoyo enfermera, t\u00e9cnico param\u00e9dico y kinesi\u00f3logo.<br \/>\n\u2022\u00a0 \u00a0 \u00a0 \u00a0Refuerzo servicio pediatr\u00eda para quienes requieren mayor cuidado concentrado en unidad cuidados especiales respiratorios.<br \/>\n\u2022\u00a0 \u00a0 \u00a0 \u00a0Apoyo m\u00e9dico 24\/7 junto a equipo de enfermer\u00eda, t\u00e9cnico param\u00e9dico y kinesi\u00f3logo<br \/>\n\u2022\u00a0 \u00a0 \u00a0 \u00a0Habilitaci\u00f3n de equipos de ventilaci\u00f3n extra.<br \/>\n\u2022\u00a0 \u00a0 \u00a0 \u00a0Implementaci\u00f3n de nueva t\u00e9cnica de laboratorio para la detecci\u00f3n de virus respiratorios que permitan mejorar la pesquisa y tratamiento adecuado.<\/p>\n<p><strong><u>\u00a0<\/u><\/strong><\/p>\n<p><strong>Reconocimiento de S\u00edntomas<\/strong><\/p>\n<p><strong>\u00a0<\/strong>&#8211; Menores de 1 a\u00f1o: Fiebre, hundimiento de costillas, Falta de sue\u00f1o e inapetencia<\/p>\n<p>&#8211; Adultos Mayores, Embarazadas y poblaci\u00f3n gral: Respiraci\u00f3n r\u00e1pida y ruidosa, tos, escalofr\u00edos falta de sue\u00f1o y apetito.<\/p>\n<p><strong><u>Fortalecimiento de la Red Asistencial<\/u><\/strong><\/p>\n<p><strong><u>\u00a0<\/u><\/strong>Refuerzo kinesiol\u00f3gico en Salas IRA-ERA<\/p>\n<ul>\n<li>Programa de oxigeno domiciliario para pacientes con patolog\u00edas cr\u00f3nicas respiratorias GES<\/li>\n<li>Se refuerza entrega de Broncodilatadores<\/li>\n<li>Atenci\u00f3n horario diferido <strong>(a definir por cada establecimiento)<\/strong>\/ refuerzo m\u00e9dico Cesfam en extensi\u00f3n horaria <strong>(a definir por cada establecimiento)<\/strong><\/li>\n<li>Refuerzo m\u00e9dico y kinesiol\u00f3gico en SAPU<\/li>\n<li>Vigilancia epidemiol\u00f3gica<\/li>\n<li>Incorporaci\u00f3n de estrategia de satisfacci\u00f3n usuaria (orientadores en sala de espera en 21 hospitales)<\/li>\n<\/ul>\n<p><strong>Ideas fuerza: <\/strong><\/p>\n<p><strong>\u00a0<\/strong>1) No congestionar los servicios de Urgencia (BUEN USO DE LA RED)<\/p>\n<p>2) \u00bfDudas?\u00a0 <strong>Salud Responde al 600 360 7777 <\/strong>(<strong>click-to-call <\/strong>= dar el n\u00famero en Minsal.cl o SaludResponde.cl y que te llamen de vuelta<strong>)<\/strong><\/p>\n<p>3) La vacunaci\u00f3n contra influenza es una de las m\u00e1s importantes medidas de prevenci\u00f3n<\/p>\n<p>4) 2018: Se vacunaron m\u00e1s de <strong>80% en 2 meses<\/strong>. (en pr\u00f3x. d\u00edas se llegar\u00e1 al 85% de <strong>todo 2017<\/strong>)<\/p>\n<p>5) <strong>Destacar el trabajo realizado por los equipos de salud para alcanzar esta cobertura.<\/strong><\/p>\n","protected":false},"excerpt":{"rendered":"<div class=\"mh-excerpt\"><p>MINISTERIO DE SALUD INICIA CAMPA\u00d1A DE INVIERNO Medidas preventivas como protegerse del fr\u00edo, evitar cambios bruscos de temperatura, desinfecci\u00f3n de superficies, lavado de manos, ventilaci\u00f3n de espacios cerrados, evitar contaminaci\u00f3n <a class=\"mh-excerpt-more\" href=\"https:\/\/amigafm.cl\/wp\/ante-el-aumento-de-los-casos-de-virus-sincicial-la-seremi-y-servicio-de-salud-del-reloncavi-hicieron-un-llamado-a-la-prevencion-de-las-enfermedades-respiratorias-asociadas-a-las-bajas-temperaturas-y\/\" title=\"Ante el aumento de los casos de virus sincicial, la Seremi y Servicio de Salud del Reloncav\u00ed hicieron un llamado a la prevenci\u00f3n de las enfermedades respiratorias asociadas a las bajas temperaturas y a una mayor contaminaci\u00f3n del aire.\">[&#8230;]<\/a><\/p>\n<\/div>","protected":false},"author":2,"featured_media":0,"comment_status":"closed","ping_status":"open","sticky":false,"template":"","format":"standard","meta":{"_joinchat":[]},"categories":[1],"tags":[],"yoast_head":"<!-- This site is optimized with the Yoast SEO plugin v19.13 - https:\/\/yoast.com\/wordpress\/plugins\/seo\/ -->\n<title>Ante el aumento de los casos de virus sincicial, la Seremi y Servicio de Salud del Reloncav\u00ed hicieron un llamado a la prevenci\u00f3n de las enfermedades respiratorias asociadas a las bajas temperaturas y a una mayor contaminaci\u00f3n del aire. - Radio Amiga Fm PRIMERA SINTONIA EN LA COMUNA<\/title>\n<meta name=\"robots\" content=\"index, follow, max-snippet:-1, max-image-preview:large, max-video-preview:-1\" \/>\n<link rel=\"canonical\" href=\"https:\/\/amigafm.cl\/wp\/ante-el-aumento-de-los-casos-de-virus-sincicial-la-seremi-y-servicio-de-salud-del-reloncavi-hicieron-un-llamado-a-la-prevencion-de-las-enfermedades-respiratorias-asociadas-a-las-bajas-temperaturas-y\/\" \/>\n<meta property=\"og:locale\" content=\"es_ES\" \/>\n<meta property=\"og:type\" content=\"article\" \/>\n<meta property=\"og:title\" content=\"Ante el aumento de los casos de virus sincicial, la Seremi y Servicio de Salud del Reloncav\u00ed hicieron un llamado a la prevenci\u00f3n de las enfermedades respiratorias asociadas a las bajas temperaturas y a una mayor contaminaci\u00f3n del aire. - Radio Amiga Fm PRIMERA SINTONIA EN LA COMUNA\" \/>\n<meta property=\"og:description\" content=\"MINISTERIO DE SALUD INICIA CAMPA\u00d1A DE INVIERNO Medidas preventivas como protegerse del fr\u00edo, evitar cambios bruscos de temperatura, desinfecci\u00f3n de superficies, lavado de manos, ventilaci\u00f3n de espacios cerrados, evitar contaminaci\u00f3n [...]\" \/>\n<meta property=\"og:url\" content=\"https:\/\/amigafm.cl\/wp\/ante-el-aumento-de-los-casos-de-virus-sincicial-la-seremi-y-servicio-de-salud-del-reloncavi-hicieron-un-llamado-a-la-prevencion-de-las-enfermedades-respiratorias-asociadas-a-las-bajas-temperaturas-y\/\" \/>\n<meta property=\"og:site_name\" content=\"Radio Amiga Fm PRIMERA SINTONIA EN LA COMUNA\" \/>\n<meta property=\"article:publisher\" content=\"https:\/\/www.facebook.com\/Radio-Amiga-FM-1007-Calbuco-108101179295593\/\" \/>\n<meta property=\"article:published_time\" content=\"2018-06-07T02:07:29+00:00\" \/>\n<meta name=\"author\" content=\"Director\" \/>\n<meta name=\"twitter:card\" content=\"summary_large_image\" \/>\n<meta name=\"twitter:creator\" content=\"@radio_amiga\" \/>\n<meta name=\"twitter:site\" content=\"@radio_amiga\" \/>\n<meta name=\"twitter:label1\" content=\"Escrito por\" \/>\n\t<meta name=\"twitter:data1\" content=\"Director\" \/>\n\t<meta name=\"twitter:label2\" content=\"Tiempo de lectura\" \/>\n\t<meta name=\"twitter:data2\" content=\"3 minutos\" \/>\n<script type=\"application\/ld+json\" class=\"yoast-schema-graph\">{\"@context\":\"https:\/\/schema.org\",\"@graph\":[{\"@type\":\"Article\",\"@id\":\"https:\/\/amigafm.cl\/wp\/ante-el-aumento-de-los-casos-de-virus-sincicial-la-seremi-y-servicio-de-salud-del-reloncavi-hicieron-un-llamado-a-la-prevencion-de-las-enfermedades-respiratorias-asociadas-a-las-bajas-temperaturas-y\/#article\",\"isPartOf\":{\"@id\":\"https:\/\/amigafm.cl\/wp\/ante-el-aumento-de-los-casos-de-virus-sincicial-la-seremi-y-servicio-de-salud-del-reloncavi-hicieron-un-llamado-a-la-prevencion-de-las-enfermedades-respiratorias-asociadas-a-las-bajas-temperaturas-y\/\"},\"author\":{\"name\":\"Director\",\"@id\":\"https:\/\/amigafm.cl\/wp\/#\/schema\/person\/00f53fed00c368e199df9344ff3ee798\"},\"headline\":\"Ante el aumento de los casos de virus sincicial, la Seremi y Servicio de Salud del Reloncav\u00ed hicieron un llamado a la prevenci\u00f3n de las enfermedades respiratorias asociadas a las bajas temperaturas y a una mayor contaminaci\u00f3n del aire.\",\"datePublished\":\"2018-06-07T02:07:29+00:00\",\"dateModified\":\"2018-06-07T02:07:29+00:00\",\"mainEntityOfPage\":{\"@id\":\"https:\/\/amigafm.cl\/wp\/ante-el-aumento-de-los-casos-de-virus-sincicial-la-seremi-y-servicio-de-salud-del-reloncavi-hicieron-un-llamado-a-la-prevencion-de-las-enfermedades-respiratorias-asociadas-a-las-bajas-temperaturas-y\/\"},\"wordCount\":695,\"publisher\":{\"@id\":\"https:\/\/amigafm.cl\/wp\/#organization\"},\"articleSection\":[\"NOTICIAS\"],\"inLanguage\":\"es\"},{\"@type\":\"WebPage\",\"@id\":\"https:\/\/amigafm.cl\/wp\/ante-el-aumento-de-los-casos-de-virus-sincicial-la-seremi-y-servicio-de-salud-del-reloncavi-hicieron-un-llamado-a-la-prevencion-de-las-enfermedades-respiratorias-asociadas-a-las-bajas-temperaturas-y\/\",\"url\":\"https:\/\/amigafm.cl\/wp\/ante-el-aumento-de-los-casos-de-virus-sincicial-la-seremi-y-servicio-de-salud-del-reloncavi-hicieron-un-llamado-a-la-prevencion-de-las-enfermedades-respiratorias-asociadas-a-las-bajas-temperaturas-y\/\",\"name\":\"Ante el aumento de los casos de virus sincicial, la Seremi y Servicio de Salud del Reloncav\u00ed hicieron un llamado a la prevenci\u00f3n de las enfermedades respiratorias asociadas a las bajas temperaturas y a una mayor contaminaci\u00f3n del aire. - Radio Amiga Fm PRIMERA SINTONIA EN LA COMUNA\",\"isPartOf\":{\"@id\":\"https:\/\/amigafm.cl\/wp\/#website\"},\"datePublished\":\"2018-06-07T02:07:29+00:00\",\"dateModified\":\"2018-06-07T02:07:29+00:00\",\"breadcrumb\":{\"@id\":\"https:\/\/amigafm.cl\/wp\/ante-el-aumento-de-los-casos-de-virus-sincicial-la-seremi-y-servicio-de-salud-del-reloncavi-hicieron-un-llamado-a-la-prevencion-de-las-enfermedades-respiratorias-asociadas-a-las-bajas-temperaturas-y\/#breadcrumb\"},\"inLanguage\":\"es\",\"potentialAction\":[{\"@type\":\"ReadAction\",\"target\":[\"https:\/\/amigafm.cl\/wp\/ante-el-aumento-de-los-casos-de-virus-sincicial-la-seremi-y-servicio-de-salud-del-reloncavi-hicieron-un-llamado-a-la-prevencion-de-las-enfermedades-respiratorias-asociadas-a-las-bajas-temperaturas-y\/\"]}]},{\"@type\":\"BreadcrumbList\",\"@id\":\"https:\/\/amigafm.cl\/wp\/ante-el-aumento-de-los-casos-de-virus-sincicial-la-seremi-y-servicio-de-salud-del-reloncavi-hicieron-un-llamado-a-la-prevencion-de-las-enfermedades-respiratorias-asociadas-a-las-bajas-temperaturas-y\/#breadcrumb\",\"itemListElement\":[{\"@type\":\"ListItem\",\"position\":1,\"name\":\"Portada\",\"item\":\"https:\/\/amigafm.cl\/wp\/\"},{\"@type\":\"ListItem\",\"position\":2,\"name\":\"Ante el aumento de los casos de virus sincicial, la Seremi y Servicio de Salud del Reloncav\u00ed hicieron un llamado a la prevenci\u00f3n de las enfermedades respiratorias asociadas a las bajas temperaturas y a una mayor contaminaci\u00f3n del aire.\"}]},{\"@type\":\"WebSite\",\"@id\":\"https:\/\/amigafm.cl\/wp\/#website\",\"url\":\"https:\/\/amigafm.cl\/wp\/\",\"name\":\"Radio Amiga Fm PRIMERA SINTONIA EN LA COMUNA\",\"description\":\"&quot;CONTAMOS LA VERDAD&quot;\",\"publisher\":{\"@id\":\"https:\/\/amigafm.cl\/wp\/#organization\"},\"potentialAction\":[{\"@type\":\"SearchAction\",\"target\":{\"@type\":\"EntryPoint\",\"urlTemplate\":\"https:\/\/amigafm.cl\/wp\/?s={search_term_string}\"},\"query-input\":\"required name=search_term_string\"}],\"inLanguage\":\"es\"},{\"@type\":\"Organization\",\"@id\":\"https:\/\/amigafm.cl\/wp\/#organization\",\"name\":\"Comvasquez Ltda\",\"url\":\"https:\/\/amigafm.cl\/wp\/\",\"logo\":{\"@type\":\"ImageObject\",\"inLanguage\":\"es\",\"@id\":\"https:\/\/amigafm.cl\/wp\/#\/schema\/logo\/image\/\",\"url\":\"https:\/\/amigafm.cl\/wp\/wp-content\/uploads\/2018\/04\/logocomvasquezltda-png.png\",\"contentUrl\":\"https:\/\/amigafm.cl\/wp\/wp-content\/uploads\/2018\/04\/logocomvasquezltda-png.png\",\"width\":1280,\"height\":514,\"caption\":\"Comvasquez Ltda\"},\"image\":{\"@id\":\"https:\/\/amigafm.cl\/wp\/#\/schema\/logo\/image\/\"},\"sameAs\":[\"https:\/\/www.facebook.com\/Radio-Amiga-FM-1007-Calbuco-108101179295593\/\",\"https:\/\/twitter.com\/radio_amiga\"]},{\"@type\":\"Person\",\"@id\":\"https:\/\/amigafm.cl\/wp\/#\/schema\/person\/00f53fed00c368e199df9344ff3ee798\",\"name\":\"Director\",\"sameAs\":[\"http:\/\/www.amigafm.cl\"],\"url\":\"https:\/\/amigafm.cl\/wp\/author\/director\/\"}]}<\/script>\n<!-- \/ Yoast SEO plugin. -->","yoast_head_json":{"title":"Ante el aumento de los casos de virus sincicial, la Seremi y Servicio de Salud del Reloncav\u00ed hicieron un llamado a la prevenci\u00f3n de las enfermedades respiratorias asociadas a las bajas temperaturas y a una mayor contaminaci\u00f3n del aire. - Radio Amiga Fm PRIMERA SINTONIA EN LA COMUNA","robots":{"index":"index","follow":"follow","max-snippet":"max-snippet:-1","max-image-preview":"max-image-preview:large","max-video-preview":"max-video-preview:-1"},"canonical":"https:\/\/amigafm.cl\/wp\/ante-el-aumento-de-los-casos-de-virus-sincicial-la-seremi-y-servicio-de-salud-del-reloncavi-hicieron-un-llamado-a-la-prevencion-de-las-enfermedades-respiratorias-asociadas-a-las-bajas-temperaturas-y\/","og_locale":"es_ES","og_type":"article","og_title":"Ante el aumento de los casos de virus sincicial, la Seremi y Servicio de Salud del Reloncav\u00ed hicieron un llamado a la prevenci\u00f3n de las enfermedades respiratorias asociadas a las bajas temperaturas y a una mayor contaminaci\u00f3n del aire. - Radio Amiga Fm PRIMERA SINTONIA EN LA COMUNA","og_description":"MINISTERIO DE SALUD INICIA CAMPA\u00d1A DE INVIERNO Medidas preventivas como protegerse del fr\u00edo, evitar cambios bruscos de temperatura, desinfecci\u00f3n de superficies, lavado de manos, ventilaci\u00f3n de espacios cerrados, evitar contaminaci\u00f3n [...]","og_url":"https:\/\/amigafm.cl\/wp\/ante-el-aumento-de-los-casos-de-virus-sincicial-la-seremi-y-servicio-de-salud-del-reloncavi-hicieron-un-llamado-a-la-prevencion-de-las-enfermedades-respiratorias-asociadas-a-las-bajas-temperaturas-y\/","og_site_name":"Radio Amiga Fm PRIMERA SINTONIA EN LA COMUNA","article_publisher":"https:\/\/www.facebook.com\/Radio-Amiga-FM-1007-Calbuco-108101179295593\/","article_published_time":"2018-06-07T02:07:29+00:00","author":"Director","twitter_card":"summary_large_image","twitter_creator":"@radio_amiga","twitter_site":"@radio_amiga","twitter_misc":{"Escrito por":"Director","Tiempo de lectura":"3 minutos"},"schema":{"@context":"https:\/\/schema.org","@graph":[{"@type":"Article","@id":"https:\/\/amigafm.cl\/wp\/ante-el-aumento-de-los-casos-de-virus-sincicial-la-seremi-y-servicio-de-salud-del-reloncavi-hicieron-un-llamado-a-la-prevencion-de-las-enfermedades-respiratorias-asociadas-a-las-bajas-temperaturas-y\/#article","isPartOf":{"@id":"https:\/\/amigafm.cl\/wp\/ante-el-aumento-de-los-casos-de-virus-sincicial-la-seremi-y-servicio-de-salud-del-reloncavi-hicieron-un-llamado-a-la-prevencion-de-las-enfermedades-respiratorias-asociadas-a-las-bajas-temperaturas-y\/"},"author":{"name":"Director","@id":"https:\/\/amigafm.cl\/wp\/#\/schema\/person\/00f53fed00c368e199df9344ff3ee798"},"headline":"Ante el aumento de los casos de virus sincicial, la Seremi y Servicio de Salud del Reloncav\u00ed hicieron un llamado a la prevenci\u00f3n de las enfermedades respiratorias asociadas a las bajas temperaturas y a una mayor contaminaci\u00f3n del aire.","datePublished":"2018-06-07T02:07:29+00:00","dateModified":"2018-06-07T02:07:29+00:00","mainEntityOfPage":{"@id":"https:\/\/amigafm.cl\/wp\/ante-el-aumento-de-los-casos-de-virus-sincicial-la-seremi-y-servicio-de-salud-del-reloncavi-hicieron-un-llamado-a-la-prevencion-de-las-enfermedades-respiratorias-asociadas-a-las-bajas-temperaturas-y\/"},"wordCount":695,"publisher":{"@id":"https:\/\/amigafm.cl\/wp\/#organization"},"articleSection":["NOTICIAS"],"inLanguage":"es"},{"@type":"WebPage","@id":"https:\/\/amigafm.cl\/wp\/ante-el-aumento-de-los-casos-de-virus-sincicial-la-seremi-y-servicio-de-salud-del-reloncavi-hicieron-un-llamado-a-la-prevencion-de-las-enfermedades-respiratorias-asociadas-a-las-bajas-temperaturas-y\/","url":"https:\/\/amigafm.cl\/wp\/ante-el-aumento-de-los-casos-de-virus-sincicial-la-seremi-y-servicio-de-salud-del-reloncavi-hicieron-un-llamado-a-la-prevencion-de-las-enfermedades-respiratorias-asociadas-a-las-bajas-temperaturas-y\/","name":"Ante el aumento de los casos de virus sincicial, la Seremi y Servicio de Salud del Reloncav\u00ed hicieron un llamado a la prevenci\u00f3n de las enfermedades respiratorias asociadas a las bajas temperaturas y a una mayor contaminaci\u00f3n del aire. - Radio Amiga Fm PRIMERA SINTONIA EN LA COMUNA","isPartOf":{"@id":"https:\/\/amigafm.cl\/wp\/#website"},"datePublished":"2018-06-07T02:07:29+00:00","dateModified":"2018-06-07T02:07:29+00:00","breadcrumb":{"@id":"https:\/\/amigafm.cl\/wp\/ante-el-aumento-de-los-casos-de-virus-sincicial-la-seremi-y-servicio-de-salud-del-reloncavi-hicieron-un-llamado-a-la-prevencion-de-las-enfermedades-respiratorias-asociadas-a-las-bajas-temperaturas-y\/#breadcrumb"},"inLanguage":"es","potentialAction":[{"@type":"ReadAction","target":["https:\/\/amigafm.cl\/wp\/ante-el-aumento-de-los-casos-de-virus-sincicial-la-seremi-y-servicio-de-salud-del-reloncavi-hicieron-un-llamado-a-la-prevencion-de-las-enfermedades-respiratorias-asociadas-a-las-bajas-temperaturas-y\/"]}]},{"@type":"BreadcrumbList","@id":"https:\/\/amigafm.cl\/wp\/ante-el-aumento-de-los-casos-de-virus-sincicial-la-seremi-y-servicio-de-salud-del-reloncavi-hicieron-un-llamado-a-la-prevencion-de-las-enfermedades-respiratorias-asociadas-a-las-bajas-temperaturas-y\/#breadcrumb","itemListElement":[{"@type":"ListItem","position":1,"name":"Portada","item":"https:\/\/amigafm.cl\/wp\/"},{"@type":"ListItem","position":2,"name":"Ante el aumento de los casos de virus sincicial, la Seremi y Servicio de Salud del Reloncav\u00ed hicieron un llamado a la prevenci\u00f3n de las enfermedades respiratorias asociadas a las bajas temperaturas y a una mayor contaminaci\u00f3n del aire."}]},{"@type":"WebSite","@id":"https:\/\/amigafm.cl\/wp\/#website","url":"https:\/\/amigafm.cl\/wp\/","name":"Radio Amiga Fm PRIMERA SINTONIA EN LA COMUNA","description":"&quot;CONTAMOS LA VERDAD&quot;","publisher":{"@id":"https:\/\/amigafm.cl\/wp\/#organization"},"potentialAction":[{"@type":"SearchAction","target":{"@type":"EntryPoint","urlTemplate":"https:\/\/amigafm.cl\/wp\/?s={search_term_string}"},"query-input":"required name=search_term_string"}],"inLanguage":"es"},{"@type":"Organization","@id":"https:\/\/amigafm.cl\/wp\/#organization","name":"Comvasquez Ltda","url":"https:\/\/amigafm.cl\/wp\/","logo":{"@type":"ImageObject","inLanguage":"es","@id":"https:\/\/amigafm.cl\/wp\/#\/schema\/logo\/image\/","url":"https:\/\/amigafm.cl\/wp\/wp-content\/uploads\/2018\/04\/logocomvasquezltda-png.png","contentUrl":"https:\/\/amigafm.cl\/wp\/wp-content\/uploads\/2018\/04\/logocomvasquezltda-png.png","width":1280,"height":514,"caption":"Comvasquez Ltda"},"image":{"@id":"https:\/\/amigafm.cl\/wp\/#\/schema\/logo\/image\/"},"sameAs":["https:\/\/www.facebook.com\/Radio-Amiga-FM-1007-Calbuco-108101179295593\/","https:\/\/twitter.com\/radio_amiga"]},{"@type":"Person","@id":"https:\/\/amigafm.cl\/wp\/#\/schema\/person\/00f53fed00c368e199df9344ff3ee798","name":"Director","sameAs":["http:\/\/www.amigafm.cl"],"url":"https:\/\/amigafm.cl\/wp\/author\/director\/"}]}},"_links":{"self":[{"href":"https:\/\/amigafm.cl\/wp\/wp-json\/wp\/v2\/posts\/2074"}],"collection":[{"href":"https:\/\/amigafm.cl\/wp\/wp-json\/wp\/v2\/posts"}],"about":[{"href":"https:\/\/amigafm.cl\/wp\/wp-json\/wp\/v2\/types\/post"}],"author":[{"embeddable":true,"href":"https:\/\/amigafm.cl\/wp\/wp-json\/wp\/v2\/users\/2"}],"replies":[{"embeddable":true,"href":"https:\/\/amigafm.cl\/wp\/wp-json\/wp\/v2\/comments?post=2074"}],"version-history":[{"count":1,"href":"https:\/\/amigafm.cl\/wp\/wp-json\/wp\/v2\/posts\/2074\/revisions"}],"predecessor-version":[{"id":2076,"href":"https:\/\/amigafm.cl\/wp\/wp-json\/wp\/v2\/posts\/2074\/revisions\/2076"}],"wp:attachment":[{"href":"https:\/\/amigafm.cl\/wp\/wp-json\/wp\/v2\/media?parent=2074"}],"wp:term":[{"taxonomy":"category","embeddable":true,"href":"https:\/\/amigafm.cl\/wp\/wp-json\/wp\/v2\/categories?post=2074"},{"taxonomy":"post_tag","embeddable":true,"href":"https:\/\/amigafm.cl\/wp\/wp-json\/wp\/v2\/tags?post=2074"}],"curies":[{"name":"wp","href":"https:\/\/api.w.org\/{rel}","templated":true}]}}